{"id":501648,"date":"2025-10-31T06:46:13","date_gmt":"2025-10-31T06:46:13","guid":{"rendered":"https:\/\/www.europesays.com\/fr\/501648\/"},"modified":"2025-10-31T06:46:13","modified_gmt":"2025-10-31T06:46:13","slug":"slimane-accuse-vitaa-fidele-ils-ont-secretement-continue-a-travailler-ensemble-pendant-la-tempete","status":"publish","type":"post","link":"https:\/\/www.europesays.com\/fr\/501648\/","title":{"rendered":"Slimane accus\u00e9 : Vitaa fid\u00e8le, ils ont secr\u00e8tement continu\u00e9 \u00e0 travailler ensemble pendant la temp\u00eate"},"content":{"rendered":"<p data-start=\"0\" data-end=\"639\">C\u2019est une relation qui a travers\u00e9<br \/>\nles ann\u00e9es sans jamais faiblir. En pleine tourn\u00e9e entre la France<br \/>\net la Belgique, Vitaa s\u2019est confi\u00e9e dans les colonnes de<br \/>\nCin\u00e9 T\u00e9l\u00e9 Revue.<br \/>\nL\u2019occasion pour elle d\u2019\u00e9voquer son parcours solo, mais aussi<br \/>\n<strong>l\u2019amiti\u00e9 profonde qu\u2019elle partage avec Slimane<\/strong>.<br \/>\nLeur rencontre remonte \u00e0 l\u2019\u00e9poque de <a href=\"https:\/\/www.closermag.fr\/people\/zaz-la-coach-de-the-voice-fait-une-revelation-inattendue-sur-son-mari-cetait-mon-prof-de-3563335\" rel=\"nofollow noopener\" target=\"_blank\"><br \/>\nThe Voice<\/a> Belgique, o\u00f9 une v\u00e9ritable complicit\u00e9, \u00e0 la fois<br \/>\nhumaine et artistique, est n\u00e9e. Ensemble, ils ont form\u00e9 le duo<br \/>\nVitaa &amp; Slimane en 2018,<br \/>\nencha\u00eenant les succ\u00e8s et remplissant les salles de concert. Apr\u00e8s<br \/>\nquatre ann\u00e9es d\u2019une aventure commune, chacun a repris sa route,<br \/>\nsans jamais rompre ce lien unique.<\/p>\n<p data-start=\"641\" data-end=\"1342\" data-is-last-node=\"\" data-is-only-node=\"\">Le 16 septembre 2025, <a href=\"https:\/\/www.closermag.fr\/people\/slimane-accuse-il-sort-du-silence-et-ses-quelques-mots-en-disent-tres-long-3559432\" rel=\"nofollow noopener\" target=\"_blank\"><br \/>\nSlimane a cependant fait face \u00e0 la justice<\/a>. Le tribunal de<br \/>\nSaint-\u00c9tienne l\u2019a condamn\u00e9 \u00e0 une amende de 10 000 euros, dont 3 000<br \/>\navec sursis, pour des faits de harc\u00e8lement envers un technicien de<br \/>\nsa tourn\u00e9e Cupidon Tour.<br \/>\nL\u2019incident, survenu le 17 d\u00e9cembre 2023 au Z\u00e9nith de Saint-\u00c9tienne,<br \/>\nconcernait notamment des gestes d\u00e9plac\u00e9s et l\u2019envoi de<br \/>\n\u00ab\u00a0<strong>messages et vid\u00e9os \u00e0 caract\u00e8re sexuel, voire<br \/>\npornographiques<\/strong>\u00ab\u00a0. Devant le tribunal, le chanteur a<br \/>\nreconnu les faits et pr\u00e9sent\u00e9 ses excuses \u00e0 la victime, selon les<br \/>\ninformations du Parisien. Pendant cette p\u00e9riode difficile, Slimane a<br \/>\npr\u00e9f\u00e9r\u00e9 se mettre en retrait, soutenu par quelques proches, dont<br \/>\nceux qui n\u2019ont jamais dout\u00e9 de lui.<\/p>\n<p>Une amiti\u00e9 ind\u00e9fectible entre<br \/>\nVitaa et Slimane<\/p>\n<p data-start=\"54\" data-end=\"688\">Depuis leurs d\u00e9buts, Vitaa et<br \/>\nSlimane partagent une complicit\u00e9 qui d\u00e9passe largement le cadre<br \/>\nprofessionnel. Le chanteur avait d\u2019ailleurs marqu\u00e9 les esprits en<br \/>\nreprenant \u00c0 fleur de toi<br \/>\nlors de son passage dans The<br \/>\nVoice en 2016, avant que le duo ne connaisse un immense succ\u00e8s<br \/>\navec leur album commun Versus.<\/p>\n<p data-start=\"54\" data-end=\"688\">Malgr\u00e9 les \u00e9preuves travers\u00e9es<br \/>\npar Slimane, <a href=\"https:\/\/www.closermag.fr\/people\/slimane-accuse-il-saffiche-tout-sourire-avec-vitaa-pour-sa-premiere-sortie-depuis-le-debut-de-laffaire-3562544\" rel=\"nofollow noopener\" target=\"_blank\"><br \/>\nVitaa n\u2019a jamais pris ses distances<\/a>. Dans un entretien accord\u00e9<br \/>\n\u00e0 Cin\u00e9 T\u00e9l\u00e9 Revue, elle a<br \/>\naffirm\u00e9 avoir toujours \u00e9t\u00e9 pr\u00e9sente pour lui, aussi bien sur le<br \/>\nplan humain qu\u2019artistique. \u00ab\u00a0<strong>C\u00a0\u00bbest une amiti\u00e9 qui<br \/>\ntraverse tout. On est tr\u00e8s proches<\/strong>\u00ab\u00a0, a-t-elle confi\u00e9<br \/>\navec sinc\u00e9rit\u00e9.<\/p>\n<p>Un lien<br \/>\nartistique toujours vivant<\/p>\n<p data-start=\"732\" data-end=\"1483\" data-is-last-node=\"\" data-is-only-node=\"\">M\u00eame loin des projecteurs, les deux artistes<br \/>\nont poursuivi leur collaboration dans la discr\u00e9tion la plus totale.<br \/>\nAlors que Slimane faisait face \u00e0 une p\u00e9riode compliqu\u00e9e, ils ont<br \/>\ncontinu\u00e9 \u00e0 composer ensemble pour d\u2019autres chanteurs, un moyen de<br \/>\npr\u00e9server leur lien cr\u00e9atif. \u00ab\u00a0On \u00e9crit encore ensemble pour<br \/>\nd&rsquo;autres artistes, <strong>m\u00eame si on ne le dit pas toujours<br \/>\npubliquement<\/strong>. On est vraiment connect\u00e9s artistiquement, et<br \/>\namis avant tout\u00a0\u00bb, a expliqu\u00e9 Vitaa.<\/p>\n<p data-start=\"732\" data-end=\"1483\" data-is-last-node=\"\" data-is-only-node=\"\">La chanteuse ne ferme d\u2019ailleurs pas la porte<br \/>\n\u00e0 un futur duo : \u00ab\u00a0<strong>Quand on se retrouve sur sc\u00e8ne, c\u2019est<br \/>\nmagique<\/strong>\u00ab\u00a0, avait-elle confi\u00e9 sur le plateau de<br \/>\n<a href=\"https:\/\/www.closermag.fr\/tv_tele_realite\/je-men-bas-les-coulles-une-invitee-de-c-a-vous-se-lache-et-tout-le-monde-en-fait-autant-3587160https:\/\/www.closermag.fr\/tv_tele_realite\/je-men-bas-les-coulles-une-invitee-de-c-a-vous-se-lache-et-tout-le-monde-en-fait-autant-3587160\" rel=\"nofollow noopener\" target=\"_blank\"><br \/>\nC \u00e0 vous<\/a> en d\u00e9cembre<br \/>\ndernier. Une alchimie que leurs fans ont pu retrouver cet \u00e9t\u00e9, lors<br \/>\nde leur apparition remarqu\u00e9e \u00e0 la <a href=\"https:\/\/www.closermag.fr\/royautes\/meghan-markle-sest-invitee-elle-meme-a-la-fashion-week-de-paris-les-revelations-detonantes-du-styliste-de-balenciaga-3586427\" rel=\"nofollow noopener\" target=\"_blank\"><br \/>\nFashion Week de Paris<\/a>.<\/p>\n","protected":false},"excerpt":{"rendered":"C\u2019est une relation qui a travers\u00e9 les ann\u00e9es sans jamais faiblir. En pleine tourn\u00e9e entre la France et&hellip;\n","protected":false},"author":2,"featured_media":501649,"comment_status":"","ping_status":"","sticky":false,"template":"","format":"standard","meta":{"footnotes":""},"categories":[1359],"tags":[58,59,1011,27,973,9055,26648],"class_list":{"0":"post-501648","1":"post","2":"type-post","3":"status-publish","4":"format-standard","5":"has-post-thumbnail","7":"category-people","8":"tag-divertissement","9":"tag-entertainment","10":"tag-fr","11":"tag-france","12":"tag-people","13":"tag-slimane","14":"tag-vitaa"},"share_on_mastodon":{"url":"https:\/\/pubeurope.com\/@fr\/115467438264833925","error":""},"_links":{"self":[{"href":"https:\/\/www.europesays.com\/fr\/wp-json\/wp\/v2\/posts\/501648","targetHints":{"allow":["GET"]}}],"collection":[{"href":"https:\/\/www.europesays.com\/fr\/wp-json\/wp\/v2\/posts"}],"about":[{"href":"https:\/\/www.europesays.com\/fr\/wp-json\/wp\/v2\/types\/post"}],"author":[{"embeddable":true,"href":"https:\/\/www.europesays.com\/fr\/wp-json\/wp\/v2\/users\/2"}],"replies":[{"embeddable":true,"href":"https:\/\/www.europesays.com\/fr\/wp-json\/wp\/v2\/comments?post=501648"}],"version-history":[{"count":0,"href":"https:\/\/www.europesays.com\/fr\/wp-json\/wp\/v2\/posts\/501648\/revisions"}],"wp:featuredmedia":[{"embeddable":true,"href":"https:\/\/www.europesays.com\/fr\/wp-json\/wp\/v2\/media\/501649"}],"wp:attachment":[{"href":"https:\/\/www.europesays.com\/fr\/wp-json\/wp\/v2\/media?parent=501648"}],"wp:term":[{"taxonomy":"category","embeddable":true,"href":"https:\/\/www.europesays.com\/fr\/wp-json\/wp\/v2\/categories?post=501648"},{"taxonomy":"post_tag","embeddable":true,"href":"https:\/\/www.europesays.com\/fr\/wp-json\/wp\/v2\/tags?post=501648"}],"curies":[{"name":"wp","href":"https:\/\/api.w.org\/{rel}","templated":true}]}}