{"id":501651,"date":"2025-10-31T06:49:37","date_gmt":"2025-10-31T06:49:37","guid":{"rendered":"https:\/\/www.europesays.com\/fr\/501651\/"},"modified":"2025-10-31T06:49:37","modified_gmt":"2025-10-31T06:49:37","slug":"demain-nous-appartient-spoiler-violette-balance-charles-a-la-police-video-episode-du-4-novembre","status":"publish","type":"post","link":"https:\/\/www.europesays.com\/fr\/501651\/","title":{"rendered":"Demain Nous Appartient spoiler : Violette balance Charles \u00e0 la police ! (vid\u00e9o \u00e9pisode du 4 novembre)"},"content":{"rendered":"<p>\n<br \/>Publicit\u00e9<\/p>\n<p><strong>Demain nous appartient spoiler \u2013<\/strong> \u00c7a commence \u00e0 sentir s\u00e9rieusement le roussi pour Charles dans votre s\u00e9rie quotidienne de TF1 <a href=\"https:\/\/www.stars-actu.fr\/tag\/demainnousappartient\/\" target=\"_blank\" rel=\"noopener\">\u00ab\u00a0Demain nous appartient\u00a0\u00bb<\/a>. En effet, alors que Philippine a \u00e9chou\u00e9 \u00e0 retrouver la fameuse carte SD contenant des preuves compromettantes pour Charles, dans quelques jours, c\u2019est Violette qui va la trouver et la remettre \u00e0 la police !<\/p>\n<p><img fetchpriority=\"high\" decoding=\"async\" src=\"https:\/\/www.europesays.com\/fr\/wp-content\/uploads\/2025\/10\/dna-violettecartesd.jpg\" alt=\"Demain Nous Appartient spoiler : Violette balance Charles \u00e0 la police ! (vid\u00e9o \u00e9pisode du 4 novembre)\" width=\"1200\" height=\"617\" class=\"size-full wp-image-184478\"  \/>Capture TF1<\/p>\n<p>\n<br \/>Publicit\u00e9<\/p>\n<p>En effet, Violette vient voir Roxane au commissariat et elle lui remet la carte SD. Elle lui demande d\u2019examiner la carte qu\u2019elle a ramass\u00e9 par terre. Ce qui semble \u00eatre un simple objet banal s\u2019av\u00e8re en r\u00e9alit\u00e9 un \u00e9l\u00e9ment cl\u00e9 de l\u2019enqu\u00eate : Roxane y d\u00e9couvre toutes les preuves n\u00e9cessaires pour faire incarc\u00e9rer Charles !<\/p>\n<p><strong>A LIRE AUSSI :<\/strong> <a href=\"https:\/\/www.stars-actu.fr\/2025\/10\/demain-nous-appartient-spoiler-violette-surprise-face-a-marceau-qui-video-episode-du-3-novembre\/\" target=\"_blank\" rel=\"noopener\">Demain Nous Appartient spoiler : Violette surprise face \u00e0 Marceau qui\u2026 (vid\u00e9o \u00e9pisode du 3 novembre)<\/a><\/p>\n<p>Demain nous appartient spoiler, extrait vid\u00e9o de l\u2019\u00e9pisode 2067 du 4 novembre 2025 : Violette remet la carte SD \u00e0 Roxane<\/p>\n<p>Pour voir la vid\u00e9o, rendez-vous sur TF1+ <a href=\"https:\/\/www.tf1.fr\/tf1\/demain-nous-appartient\/videos\/dna-spoiler-violette-condamne-son-frere-50986841.html\" target=\"_blank\" rel=\"noopener\">en cliquant ici<\/a>.<\/p>\n<p>\n<br \/>Publicit\u00e9<\/p>\n<p><strong>Pour ne rien louper des infos et replay de Demain nous appartient, rejoignez <a href=\"https:\/\/www.facebook.com\/fansdemainnousappartient\/\" target=\"_blank\" rel=\"noopener\">la page fans sur Facebook ici<\/a><\/strong><\/p>\n<p>Demain nous appartient, c\u2019est du lundi au vendredi \u00e0 19h20 sur TF1 et bien s\u00fbr en replay TF1+.<\/p>\n","protected":false},"excerpt":{"rendered":"Publicit\u00e9 Demain nous appartient spoiler \u2013 \u00c7a commence \u00e0 sentir s\u00e9rieusement le roussi pour Charles dans votre s\u00e9rie&hellip;\n","protected":false},"author":2,"featured_media":501652,"comment_status":"","ping_status":"","sticky":false,"template":"","format":"standard","meta":{"footnotes":""},"categories":[1356],"tags":[3598,58,10590,59,1011,27,252,1364],"class_list":{"0":"post-501651","1":"post","2":"type-post","3":"status-publish","4":"format-standard","5":"has-post-thumbnail","7":"category-television","8":"tag-demain-nous-appartient","9":"tag-divertissement","10":"tag-dna","11":"tag-entertainment","12":"tag-fr","13":"tag-france","14":"tag-television","15":"tag-tv"},"share_on_mastodon":{"url":"https:\/\/pubeurope.com\/@fr\/115467450588451109","error":""},"_links":{"self":[{"href":"https:\/\/www.europesays.com\/fr\/wp-json\/wp\/v2\/posts\/501651","targetHints":{"allow":["GET"]}}],"collection":[{"href":"https:\/\/www.europesays.com\/fr\/wp-json\/wp\/v2\/posts"}],"about":[{"href":"https:\/\/www.europesays.com\/fr\/wp-json\/wp\/v2\/types\/post"}],"author":[{"embeddable":true,"href":"https:\/\/www.europesays.com\/fr\/wp-json\/wp\/v2\/users\/2"}],"replies":[{"embeddable":true,"href":"https:\/\/www.europesays.com\/fr\/wp-json\/wp\/v2\/comments?post=501651"}],"version-history":[{"count":0,"href":"https:\/\/www.europesays.com\/fr\/wp-json\/wp\/v2\/posts\/501651\/revisions"}],"wp:featuredmedia":[{"embeddable":true,"href":"https:\/\/www.europesays.com\/fr\/wp-json\/wp\/v2\/media\/501652"}],"wp:attachment":[{"href":"https:\/\/www.europesays.com\/fr\/wp-json\/wp\/v2\/media?parent=501651"}],"wp:term":[{"taxonomy":"category","embeddable":true,"href":"https:\/\/www.europesays.com\/fr\/wp-json\/wp\/v2\/categories?post=501651"},{"taxonomy":"post_tag","embeddable":true,"href":"https:\/\/www.europesays.com\/fr\/wp-json\/wp\/v2\/tags?post=501651"}],"curies":[{"name":"wp","href":"https:\/\/api.w.org\/{rel}","templated":true}]}}