{"id":501667,"date":"2025-10-31T06:57:11","date_gmt":"2025-10-31T06:57:11","guid":{"rendered":"https:\/\/www.europesays.com\/fr\/501667\/"},"modified":"2025-10-31T06:57:11","modified_gmt":"2025-10-31T06:57:11","slug":"a-peine-rentre-a-washington-donald-trump-celebre-halloween-a-la-maison-blanche","status":"publish","type":"post","link":"https:\/\/www.europesays.com\/fr\/501667\/","title":{"rendered":"\u00e0 peine rentr\u00e9 \u00e0 Washington, Donald Trump c\u00e9l\u00e8bre Halloween \u00e0 la Maison-Blanche"},"content":{"rendered":"<p>\n    De retour d\u2019Asie, Donald Trump a accueilli jeudi des dizaines d\u2019enfants d\u00e9guis\u00e9s \u00e0 la Maison-Blanche pour les traditionnelles festivit\u00e9s de Halloween.<\/p>\n<p class=\"fig-paragraph\">Des dinosaures g\u00e9ants, des citrouilles \u00e0 gogo, des fant\u00f4mes et m\u00eame les jumelles terrifiantes du film Shining. Jeudi, la Maison-Blanche a rev\u00eatu ses plus beaux atours macabres pour les traditionnelles c\u00e9l\u00e9brations de Halloween. Pour l\u2019occasion,\u00a0<a href=\"https:\/\/www.lefigaro.fr\/tag\/donald-trump\" target=\"_blank\" rel=\"sponsored noopener nofollow\" data-gtm-custom-categorie=\"navigation\" data-gtm-custom-action=\"crossclick\" data-gtm-custom-label=\"Contextuel\" data-gtm-event=\"customEventSPE\">Donald<\/a>\u00a0et\u00a0<a href=\"https:\/\/www.lefigaro.fr\/tag\/melania-trump\" target=\"_blank\" rel=\"sponsored noopener nofollow\" data-gtm-custom-categorie=\"navigation\" data-gtm-custom-action=\"crossclick\" data-gtm-custom-label=\"Contextuel\" data-gtm-event=\"customEventSPE\">Melania Trump<\/a>\u00a0ont accueilli les enfants du personnel et d\u2019autres invit\u00e9s tri\u00e9s sur le volet pour une s\u00e9ance de distribution de bonbons (trick or treat).<\/p>\n<p class=\"fig-paragraph\">Le 47e pr\u00e9sident des \u00c9tats-Unis \u00e9tait de retour d\u2019un voyage de cinq jours en Asie, avec des \u00e9tapes en Malaisie, au Japon et en Cor\u00e9e du Sud, o\u00f9 il a notamment rencontr\u00e9 le pr\u00e9sident chinois Xi Jinping pour sceller une s\u00e9rie d\u2019accords. \u00c0 l\u2019issue d\u2019un entretien d\u20191h40 mercredi, Donald Trump a annonc\u00e9 abaisser de 10% sa surtaxe sur les produits chinois, ramenant ainsi les droits de douane \u00e0 47%. Les \u00c9tats-Unis et la Chine ont aussi conclu lors de cette r\u00e9union un accord sur le fentanyl, les activit\u00e9s maritimes, le soja et l\u2019approvisionnement en\u00a0<a href=\"http:\/\/www.lefigaro.fr\/flash-eco\/terres-rares-le-japon-et-les-etats-unis-signent-un-accord-pour-securiser-leurs-approvisionnements-20251028\" target=\"_blank\" data-fig-type=\"NewsFlash\" rel=\"noopener nofollow\" data-gtm-custom-categorie=\"navigation\" data-gtm-custom-action=\"crossclick\" data-gtm-custom-label=\"Contextuel\" data-gtm-event=\"customEventSPE\" data-fig-domain=\"LEFIGARO\">terres rares<\/a>\u00a0&#8211; mat\u00e9riau essentiel sur lequel la Chine exerce un quasi-monopole. Le pr\u00e9sident am\u00e9ricain a aussi d\u00e9clar\u00e9 qu\u2019il se rendrait en Chine en avril prochain pour de nouvelles discussions.<\/p>\n<p class=\"fig-body-link\">\n            \u00c0 lire aussi<br \/>\n        <a class=\"fig-body-link__link\" href=\"http:\/\/www.lefigaro.fr\/conjoncture\/droits-de-douane-guerre-en-ukraine-terres-rares-donald-trump-revele-le-contenu-de-ses-discussions-avec-xi-jinping-20251030\" target=\"_blank\" data-fig-type=\"NewsFlash\" rel=\"noopener nofollow\" data-gtm-custom-categorie=\"navigation\" data-gtm-custom-action=\"crossclick\" data-gtm-custom-label=\"Contextuel\" data-gtm-event=\"customEventSPE\" data-fig-domain=\"LEFIGARO\"><\/p>\n<p>        Droits de douane, guerre en Ukraine, terres rares&#8230; Donald Trump r\u00e9v\u00e8le le contenu de ses discussions avec Xi Jinping<br \/>\n    <\/a>\n<\/p>\n<p>                                    <a class=\"fig-a11y-skip a11y-hidden\" href=\"#fig-a11y-skip-main-inarticle\"><br \/>\n        Passer la publicit\u00e9<br \/>\n    <\/a><\/p>\n<p class=\"fig-paragraph\">\u00c0 peine rentr\u00e9 \u00e0 Washington, Donald Trump a enfil\u00e9 son costume et sa casquette rouge \u00abUSA\u00bb floqu\u00e9e de l\u2019inscription \u00ab45-47\u00bb pour jouer les distributeurs de friandises. \u00c0 ses c\u00f4t\u00e9s, Melania Trump, dans un trench-coat rehauss\u00e9 de bandes orange, clin d\u2019\u0153il subtil \u00e0 la f\u00eate.<\/p>\n<p>Garde rapproch\u00e9e<\/p>\n<p class=\"fig-paragraph\">Les enfants, venus en famille, ont d\u00e9fil\u00e9 un \u00e0 un devant le couple pr\u00e9sidentiel, leurs sacs de bonbons aux couleurs de la Maison-Blanche bien en main. Donald et Melania Trump se sont arr\u00eat\u00e9s de temps \u00e0 autre pour \u00e9changer quelques mots avec les petits et leurs parents. Parmi les invit\u00e9s\u00a0: Karoline Leavitt, porte-parole de la Maison-Blanche, venue avec son jeune fils Niko et son mari Nicholas Riccio. Stephen Miller, chef adjoint de cabinet, \u00e9tait \u00e9galement pr\u00e9sent avec ses enfants. Une parenth\u00e8se festive donc, loin des enjeux diplomatiques qui ont occup\u00e9 Trump ces derniers jours.<\/p>\n","protected":false},"excerpt":{"rendered":"De retour d\u2019Asie, Donald Trump a accueilli jeudi des dizaines d\u2019enfants d\u00e9guis\u00e9s \u00e0 la Maison-Blanche pour les traditionnelles&hellip;\n","protected":false},"author":2,"featured_media":501668,"comment_status":"","ping_status":"","sticky":false,"template":"","format":"standard","meta":{"footnotes":""},"categories":[5],"tags":[11,75,1011,27,20815,14,12,28],"class_list":{"0":"post-501667","1":"post","2":"type-post","3":"status-publish","4":"format-standard","5":"has-post-thumbnail","7":"category-international","8":"tag-actualites","9":"tag-donald-trump","10":"tag-fr","11":"tag-france","12":"tag-halloween","13":"tag-international","14":"tag-news","15":"tag-world"},"share_on_mastodon":{"url":"https:\/\/pubeurope.com\/@fr\/115467481545370038","error":""},"_links":{"self":[{"href":"https:\/\/www.europesays.com\/fr\/wp-json\/wp\/v2\/posts\/501667","targetHints":{"allow":["GET"]}}],"collection":[{"href":"https:\/\/www.europesays.com\/fr\/wp-json\/wp\/v2\/posts"}],"about":[{"href":"https:\/\/www.europesays.com\/fr\/wp-json\/wp\/v2\/types\/post"}],"author":[{"embeddable":true,"href":"https:\/\/www.europesays.com\/fr\/wp-json\/wp\/v2\/users\/2"}],"replies":[{"embeddable":true,"href":"https:\/\/www.europesays.com\/fr\/wp-json\/wp\/v2\/comments?post=501667"}],"version-history":[{"count":0,"href":"https:\/\/www.europesays.com\/fr\/wp-json\/wp\/v2\/posts\/501667\/revisions"}],"wp:featuredmedia":[{"embeddable":true,"href":"https:\/\/www.europesays.com\/fr\/wp-json\/wp\/v2\/media\/501668"}],"wp:attachment":[{"href":"https:\/\/www.europesays.com\/fr\/wp-json\/wp\/v2\/media?parent=501667"}],"wp:term":[{"taxonomy":"category","embeddable":true,"href":"https:\/\/www.europesays.com\/fr\/wp-json\/wp\/v2\/categories?post=501667"},{"taxonomy":"post_tag","embeddable":true,"href":"https:\/\/www.europesays.com\/fr\/wp-json\/wp\/v2\/tags?post=501667"}],"curies":[{"name":"wp","href":"https:\/\/api.w.org\/{rel}","templated":true}]}}