{"id":501687,"date":"2025-10-31T07:10:41","date_gmt":"2025-10-31T07:10:41","guid":{"rendered":"https:\/\/www.europesays.com\/fr\/501687\/"},"modified":"2025-10-31T07:10:41","modified_gmt":"2025-10-31T07:10:41","slug":"quelles-mesures-faut-il-prendre-face-a-cette-maladie","status":"publish","type":"post","link":"https:\/\/www.europesays.com\/fr\/501687\/","title":{"rendered":"quelles mesures faut-il prendre face \u00e0 cette maladie\u00a0?"},"content":{"rendered":"<p>            Par<br \/>\n        <strong><br \/>\n            <a href=\"https:\/\/actu.fr\/auteur\/aurelien-delavaud\" title=\"Consulter tous les articles de Aur\u00e9lien Delavaud\" rel=\"nofollow noopener\" target=\"_blank\">Aur\u00e9lien Delavaud<\/a><br \/>\n        <\/strong><\/p>\n<p>        Publi\u00e9 le<\/p>\n<p>            30 oct. 2025 \u00e0 12h10        <\/p>\n<p>Une simple feuille de papier, sur la porte d\u2019entr\u00e9e d\u2019une \u00e9cole d\u2019<a href=\"https:\/\/actu.fr\/normandie\/elbeuf_76231\" rel=\"nofollow noopener\" target=\"_blank\">Elbeuf (Seine-Maritime)<\/a> et un message \u00e9crit au feutre bleu\u2009: \u00ab\u2009Un cas de <b>scarlatine<\/b> dans l\u2019\u00e9cole.\u2009\u00bb Pas de date, d\u2019auteur, d\u2019explications ou d\u2019\u00e9ventuelles mesures \u00e0 prendre. Pour beaucoup, le nom de cette <b>maladie<\/b> relativement m\u00e9connue peut faire peur. Est-elle grave\u2009? Se transmet-elle facilement\u2009? Quelles mesures faut-il prendre pour \u00e9viter cette transmission\u2009? Le Journal d\u2019Elbeuf s\u2019est pos\u00e9 ces questions.<\/p>\n<p>\u00ab\u2009Un pathog\u00e8ne fr\u00e9quent\u2009\u00bb<\/p>\n<p class=\" wall-content\">Certains parents, si l\u2019affichage est r\u00e9cent, d\u00e9couvriront peut-\u00eatre la nouvelle en ramenant leurs enfants \u00e0 l\u2019<b>\u00e9cole maternelle Pr\u00e9vert<\/b>, pour la rentr\u00e9e scolaire, le lundi 3\u00a0novembre 2025. Du c\u00f4t\u00e9 de la Ville, a priori, on n\u2019est pas au courant. Au Rectorat, on renvoie la balle vers l\u2019<b>Agence r\u00e9gionale de sant\u00e9 (ARS)<\/b>.<\/p>\n<p class=\" wall-content\">C\u2019est donc l\u2019ARS qui d\u00e9livre un message plut\u00f4t rassurant sur cette <b>maladie infectieuse<\/b>, caus\u00e9e par une bact\u00e9rie\u2009: le streptocoque b\u00eata h\u00e9molytique du groupe A.<\/p>\n<p class=\" wall-content\">\u00ab\u2009Le streptocoque du groupe A est un <b>pathog\u00e8ne fr\u00e9quent<\/b>, le plus souvent responsable d\u2019infections b\u00e9nignes de la sph\u00e8re ORL ou cutan\u00e9es, notamment chez les enfants d\u2019\u00e2ge scolaire, telles que l\u2019angine, la pharyngite, la scarlatine, l\u2019\u00e9rysip\u00e8le et l\u2019imp\u00e9tigo\u2009\u00bb, indique l\u2019agence par voie \u00e9crite.<\/p>\n<p>Quelles mesures prendre\u2009?<\/p>\n<p class=\" wall-content\">Selon Sant\u00e9 publique France, la scarlatine, qui se manifeste souvent par de la fi\u00e8vre, une \u00e9ruption cutan\u00e9e et une angine, ne fait pas partie de la liste fix\u00e9e en 2023 des <a href=\"https:\/\/www.santepubliquefrance.fr\/maladies-a-declaration-obligatoire\/liste-des-maladies-a-declaration-obligatoire\" rel=\"nofollow noopener\" target=\"_blank\">38 Maladies \u00e0 d\u00e9claration obligatoire (MDO)<\/a>.<\/p>\n<p class=\" wall-content\">Pour l\u2019ARS, il n\u2019y a donc pas de n\u00e9cessit\u00e9, dans le cadre de cette maladie, \u00e0 d\u00e9cider d\u2019une fermeture de classe ou d\u2019\u00e9cole.<\/p>\n<blockquote class=\"ac-article-quote wall-content\">\n<p>Conform\u00e9ment aux recommandations du Haut Conseil de la Sant\u00e9 publique, il n\u2019est pas n\u00e9cessaire de prendre de mesures sp\u00e9cifiques en collectivit\u00e9, en dehors de l\u2019\u00e9viction scolaire de l\u2019enfant malade jusqu\u2019\u00e0 24\u2009h apr\u00e8s l\u2019initiation d\u2019un traitement adapt\u00e9.<\/p>\n<p>L\u2019Agence r\u00e9gionale de sant\u00e9<\/p><\/blockquote>\n<p>Votre r\u00e9gion, votre actu !<\/p>\n<p>Recevez chaque jour les infos qui comptent pour vous.<\/p>\n<p>\t<a href=\"https:\/\/actu.fr\/newsletter\" class=\"ac-btn ac-btn--corner ac-btn--medium ac-btn--blue800\" rel=\"nofollow noopener\" target=\"_blank\">S&rsquo;incrire<\/a><\/p>\n<p class=\" wall-content\">Pour le moment, il n\u2019existe <b>pas de vaccin<\/b> contre la scarlatine. \u00ab\u2009Le traitement repose sur la prise d\u2019antibiotique par voie orale\u2009\u00bb, ajoute l\u2019ARS.<\/p>\n<p>Des gestes barri\u00e8res<\/p>\n<p class=\" wall-content\">Pour \u00e9viter que la maladie se propage, d\u2019autant plus en milieu scolaire, l\u2019ARS dresse une s\u00e9rie de <b>recommandations<\/b> qui peut faire penser aux <b>gestes barri\u00e8res<\/b> mis en place pendant l\u2019\u00e9pid\u00e9mie de Covid-19, en plus de l\u2019\u00e9loignement de la personne infect\u00e9e jusqu\u2019\u00e0 24\u2009h apr\u00e8s le d\u00e9but de son traitement\u2009:<\/p>\n<ul class=\" wall-content\">\n<li>se laver souvent les mains, avec du savon et de l\u2019eau ti\u00e8de ou une solution hydro alcoolique, en particulier avant de manger ou de pr\u00e9parer des aliments, apr\u00e8s avoir touss\u00e9 ou \u00e9ternu\u00e9, apr\u00e8s \u00eatre all\u00e9 aux toilettes ou avoir chang\u00e9 de couche<\/li>\n<li>nettoyer et d\u00e9sinfecter fr\u00e9quemment les surfaces et les objets qui touchent le plus de personnes<\/li>\n<li>couvrir les plaies cutan\u00e9es infect\u00e9es<\/li>\n<li>couvrir la toux et les \u00e9ternuements avec un mouchoir en papier ou avec le creux de votre coude<\/li>\n<li>porter un masque chirurgical en cas de sympt\u00f4mes respiratoires<\/li>\n<\/ul>\n<p class=\" wall-content\">Personnalisez votre actualit\u00e9 en ajoutant vos villes et m\u00e9dias en favori avec <a href=\"https:\/\/moncompte.actu.fr\" title=\"D\u00e9couvez Mon Actu\" rel=\"nofollow noopener\" data-trk=\"{&quot;cta&quot;:{&quot;action&quot;:&quot;https:\\\/\\\/moncompte.actu.fr&quot;,&quot;category&quot;:&quot;mon compte&quot;,&quot;from&quot;:&quot;article footer&quot;,&quot;name&quot;:&quot;Mon actu&quot;,&quot;type&quot;:&quot;cta&quot;}}\" target=\"_blank\">Mon Actu<\/a>.<\/p>\n","protected":false},"excerpt":{"rendered":"Par Aur\u00e9lien Delavaud Publi\u00e9 le 30 oct. 2025 \u00e0 12h10 Une simple feuille de papier, sur la porte&hellip;\n","protected":false},"author":2,"featured_media":501688,"comment_status":"","ping_status":"","sticky":false,"template":"","format":"standard","meta":{"footnotes":""},"categories":[9587],"tags":[1111,11,4019,1719,1777,674,1011,27,12,5161,25,9590,71,104],"class_list":{"0":"post-501687","1":"post","2":"type-post","3":"status-publish","4":"format-standard","5":"has-post-thumbnail","7":"category-rouen","8":"tag-actu","9":"tag-actualites","10":"tag-ecoles","11":"tag-enfants","12":"tag-eu","13":"tag-europe","14":"tag-fr","15":"tag-france","16":"tag-news","17":"tag-normandie","18":"tag-republique-francaise","19":"tag-rouen","20":"tag-sante","21":"tag-societe"},"share_on_mastodon":{"url":"https:\/\/pubeurope.com\/@fr\/115467532601420910","error":""},"_links":{"self":[{"href":"https:\/\/www.europesays.com\/fr\/wp-json\/wp\/v2\/posts\/501687","targetHints":{"allow":["GET"]}}],"collection":[{"href":"https:\/\/www.europesays.com\/fr\/wp-json\/wp\/v2\/posts"}],"about":[{"href":"https:\/\/www.europesays.com\/fr\/wp-json\/wp\/v2\/types\/post"}],"author":[{"embeddable":true,"href":"https:\/\/www.europesays.com\/fr\/wp-json\/wp\/v2\/users\/2"}],"replies":[{"embeddable":true,"href":"https:\/\/www.europesays.com\/fr\/wp-json\/wp\/v2\/comments?post=501687"}],"version-history":[{"count":0,"href":"https:\/\/www.europesays.com\/fr\/wp-json\/wp\/v2\/posts\/501687\/revisions"}],"wp:featuredmedia":[{"embeddable":true,"href":"https:\/\/www.europesays.com\/fr\/wp-json\/wp\/v2\/media\/501688"}],"wp:attachment":[{"href":"https:\/\/www.europesays.com\/fr\/wp-json\/wp\/v2\/media?parent=501687"}],"wp:term":[{"taxonomy":"category","embeddable":true,"href":"https:\/\/www.europesays.com\/fr\/wp-json\/wp\/v2\/categories?post=501687"},{"taxonomy":"post_tag","embeddable":true,"href":"https:\/\/www.europesays.com\/fr\/wp-json\/wp\/v2\/tags?post=501687"}],"curies":[{"name":"wp","href":"https:\/\/api.w.org\/{rel}","templated":true}]}}