{"id":501689,"date":"2025-10-31T07:12:15","date_gmt":"2025-10-31T07:12:15","guid":{"rendered":"https:\/\/www.europesays.com\/fr\/501689\/"},"modified":"2025-10-31T07:12:15","modified_gmt":"2025-10-31T07:12:15","slug":"pro-d2-le-petit-genie-de-20-piges-fait-tomber-grenoble-berges-en-feu-le-fcg-seteint","status":"publish","type":"post","link":"https:\/\/www.europesays.com\/fr\/501689\/","title":{"rendered":"Pro D2 &#8211; Le petit g\u00e9nie de 20 piges fait tomber Grenoble : Berg\u00e8s en feu, le FCG s\u2019\u00e9teint"},"content":{"rendered":"<p><strong>Soyaux-Angoul\u00eame a fait le show \u00e0 Chanzy en ouverture de la 9e journ\u00e9e de <a href=\"https:\/\/www.xvovalie.com\/pro-d2\/\" rel=\"nofollow noopener\" target=\"_blank\">Pro D2<\/a>. Port\u00e9 par un Paul Berg\u00e8s \u00e9tincelant pour sa premi\u00e8re titularisation chez les pros, le <a href=\"https:\/\/www.xvovalie.com\/tag\/sa-xv\/\" rel=\"nofollow noopener\" target=\"_blank\">SA XV<\/a> a renvers\u00e9 <a href=\"https:\/\/www.xvovalie.com\/tag\/fcg\/\" rel=\"nofollow noopener\" target=\"_blank\">Grenoble<\/a> (34-28) au terme d\u2019un match spectaculaire.<\/strong><\/p>\n<p>En bref<\/p>\n<ul class=\"wp-block-list\">\n<li><strong>Grenoble menait de 9 points \u00e0 la pause mais s\u2019incline encore \u00e0 l\u2019ext\u00e9rieur<\/strong><\/li>\n<li><strong>Paul Berg\u00e8s claque 24 points et un full house d\u00e8s sa premi\u00e8re titularisation<\/strong><\/li>\n<li><strong>Soyaux-Angoul\u00eame encha\u00eene une deuxi\u00e8me victoire et grimpe \u00e0 la 10e place<\/strong><\/li>\n<li><strong>Grenoble reste 8e, mais perd un match qu\u2019il avait en main<\/strong><\/li>\n<\/ul>\n<p>Berg\u00e8s fait sauter les plombs \u00e0 Chanzy<\/p>\n<p>Il n\u2019a que <strong>20 ans<\/strong>, il vient tout juste de d\u00e9barquer de <strong><a data-ilj-link-preview=\"true\" data-excerpt=\"Le club de rugby du Stade Toulousain, qui \u00e9volue en Top 14, est l&#039;un des plus prestigieux clubs de rugby en France. Il a remport\u00e9 19 titres de champions de France, 11 Coupes d&#039;Europe et 4 Troph\u00e9es des champions.&#013;&#010;Staff et pr\u00e9sidence :&#013;&#010;&#013;&#010; &#009;Pr\u00e9sident : Didier Lacroix&#013;&#010; &#009;Entra\u00eeneur : Ugo Mola&#013;&#010;&#013;&#010;Palmar\u00e8s du Stade toulousain&#013;&#010;&#013;&#010;&#013;&#010;&#013;&#010;Comp\u00e9tition&#013;&#010;R\u00e9sultats&#013;&#010;Ann\u00e9es&#013;&#010;&#013;&#010;&#013;&#010;Coupe d&#039;Europe de rugby \u00e0 XV&#013;&#010;Vainqueur (6)&#013;&#010;1996, 2003, 2005, 2010, 2021, 2024&#013;&#010;&#013;&#010;&#013;&#010;Championnat de France de rugby \u00e0 XV&#013;&#010;Champion (22)&#013;&#010;1912, 1922, 1923, 1924, 1926, 1927, 1947, 1985, 1986, 1989, 1994, 1995, 1996, 1997, 1999, 2001, 2008, 2011, 2012, 2019, 2021, 2023&#013;&#010;&#013;&#010;&#013;&#010;Coupe de France de rugby \u00e0 XV&#013;&#010;Vainqueur (4)&#013;&#010;1946, 1947, 1984, 1998\" href=\"https:\/\/www.xvovalie.com\/stade-toulousain\/\" rel=\"nofollow noopener\" target=\"_blank\">Toulouse<\/a><\/strong>, et il a claqu\u00e9 une prestation <strong>xXL<\/strong> pour ses d\u00e9buts dans le grand bain. <strong>Paul Berg\u00e8s<\/strong>, ouvreur de poche au pied aussi soyeux que pr\u00e9cis, a martyris\u00e9 le FCG avec <strong>24 points<\/strong> et un <strong>full house<\/strong> digne des grands soirs : un essai, une p\u00e9nalit\u00e9, un drop, des transformations, et pour finir une <strong>passe d\u00e9cisive qui tue le match<\/strong>. Le tout, en <strong>\u00e0 peine plus d\u2019une demi-heure<\/strong>.<\/p>\n<p>Son essai d\u2019entr\u00e9e (5e) donnait le ton, sa s\u00e9r\u00e9nit\u00e9 au pied maintenait le SA XV \u00e0 flot malgr\u00e9 les passages \u00e0 vide. Et quand il ne scorait pas lui-m\u00eame, il faisait marquer les autres. C\u2019est lui qui envoie <strong>Dubecq \u00e0 l\u2019essai en bout de ligne<\/strong> (68e), scellant le sort d\u2019un match qui avait \u00e9chapp\u00e9 aux Charentais en fin de premi\u00e8re p\u00e9riode.<\/p>\n<p>Grenoble solide\u2026 40 minutes<\/p>\n<p>Grenoble, lui, a jou\u00e9 \u00e0 deux visages. <strong>Domin\u00e9 d\u2019entr\u00e9e<\/strong>, le FCG s\u2019est repris comme un patron apr\u00e8s les deux cartons jaunes du SA XV autour de la 30e. En <strong>double sup\u00e9riorit\u00e9 num\u00e9rique<\/strong>, les Is\u00e9rois ont d\u00e9roul\u00e9 leur rugby : essai de <strong>Soury<\/strong>, <strong>essai de p\u00e9nalit\u00e9<\/strong>, puis une relance d\u2019\u00e9cole conclue par <strong>Ployet<\/strong>. <strong>\u00c0 la pause, le FCG menait 25-16<\/strong>, et tout le monde pensait que c\u2019\u00e9tait pli\u00e9.<\/p>\n<p>Sauf que derri\u00e8re, <strong>plus rien<\/strong>. Trois petits points inscrits en seconde p\u00e9riode, des fautes b\u00eates, des mains qui glissent, un banc trop tendre entr\u00e9 trop tard, et surtout, une d\u00e9fense qui prend l\u2019eau d\u00e8s qu\u2019Angoul\u00eame acc\u00e9l\u00e9rait. <strong>Jeff Dubois<\/strong> \u00e9tait furieux : \u00ab C\u2019est d\u00e9cevant, on avait le match. Trop d\u2019erreurs, pas assez de ma\u00eetrise. \u00bb<\/p>\n<p>Le SA XV ne l\u00e2che rien et s\u2019offre un vrai tournant<\/p>\n<p>On pensait les Charentais coul\u00e9s apr\u00e8s leur trou d\u2019air en fin de premier acte. Mais d\u00e8s le retour des vestiaires, <strong>Fa\u2019amausili<\/strong> fait parler la puissance, fixe trois mecs dans un ruck, et sert <strong>Levron<\/strong> pour remettre les siens dans le bon tempo (43e). Ensuite ? Berg\u00e8s au pied, puis Dubecq en coin. <strong>Le boulot est fait.<\/strong><\/p>\n<p>Angoul\u00eame a surtout montr\u00e9 <strong>un mental que cette \u00e9quipe n\u2019avait pas toujours eu<\/strong> depuis le d\u00e9but de saison. Apr\u00e8s avoir tap\u00e9 <strong><a data-ilj-link-preview=\"true\" data-excerpt=\"Le club de rugby de Brive, \u00e9galement connu sous le nom de CAB (Club Athl\u00e9tique Brive), est bas\u00e9 \u00e0 Brive-la-Gaillarde, dans le d\u00e9partement de la Corr\u00e8ze en France. Fond\u00e9 en 1910, le club est reconnu pour son histoire et sa tradition, avec notamment une victoire en 1997 en Coupe d&#039;Europe des clubs champions.&#013;&#010;&#013;&#010;Le club a \u00e9galement remport\u00e9 le championnat de France de rugby \u00e0 XV \u00e0 deux reprises, en 1949 et en 1998.\" href=\"https:\/\/www.xvovalie.com\/brive\/\" rel=\"nofollow noopener\" target=\"_blank\">Brive<\/a> \u00e0 l\u2019ext\u00e9rieur<\/strong>, le SA XV encha\u00eene enfin deux victoires de suite et se replace dans la course. <strong>10e au classement<\/strong>, les Violets sont \u00e0 <strong>3 points du FCG<\/strong>.<\/p>\n<p>Grenoble \u00e0 l\u2019arr\u00eat hors de ses bases<\/p>\n<p>Le FCG, lui, reste <strong>8e<\/strong>, mais \u00e7a coince d\u00e8s qu\u2019il quitte le Stade des Alpes. <strong>Quatre d\u00e9placements de suite sans victoire<\/strong>, et un constat qui fait mal : m\u00eame quand ils m\u00e8nent largement \u00e0 la pause, <strong>les Grenoblois n\u2019arrivent pas \u00e0 fermer les matchs<\/strong>. La gestion, les d\u00e9tails, la pr\u00e9cision\u2026 autant de trucs qui manquent encore.<\/p>\n<p><strong>Barnab\u00e9 <a href=\"https:\/\/www.xvovalie.com\/tag\/baptiste-couilloud\/\" rel=\"nofollow noopener\" target=\"_blank\">Couilloud<\/a><\/strong>, lucide \u00e0 la sortie : \u00ab On aurait m\u00eame d\u00fb gagner, au vu de notre premi\u00e8re p\u00e9riode. Mais on a trop d\u00e9jou\u00e9 ensuite. \u00bb<\/p>\n<p>La r\u00e9ception de <strong><a href=\"https:\/\/www.xvovalie.com\/tag\/asbh\/\" rel=\"nofollow noopener\" target=\"_blank\">B\u00e9ziers<\/a><\/strong> vendredi prochain ressemblera d\u00e9j\u00e0 \u00e0 un petit test de caract\u00e8re.<\/p>\n<p>Angoul\u00eame retrouve la lumi\u00e8re<\/p>\n<p>Avec cette victoire, <strong>le groupe d\u2019Alexandre Ruiz<\/strong> relance enfin sa saison. Il faudra confirmer \u00e0 <strong><a data-ilj-link-preview=\"true\" data-excerpt=\"L&#039;Union Sportive Oyonnax Rugby, fond\u00e9e en 1909, est un club de rugby qui \u00e9volue Top 14.&#013;&#010;Staff et pr\u00e9sidence :&#013;&#010;&#013;&#010; &#009;Pr\u00e9sident : Dougal Bendjaballah&#013;&#010; &#009;Entra\u00eeneur : Joe El Abd&#013;&#010; &#009;Vincent Debaty (m\u00eal\u00e9e)&#013;&#010; &#009;Dewald Senekal (touche)&#013;&#010; &#009;Fabien Cibray (attaque)&#013;&#010;&#013;&#010;Palmar\u00e8s d&#039;Oyonnax :&#013;&#010;&#013;&#010;&#013;&#010;&#013;&#010;Comp\u00e9tition&#013;&#010;Titre \/ Distinction&#013;&#010;Ann\u00e9es&#013;&#010;&#013;&#010;&#013;&#010;Championnat de France de Pro D2&#013;&#010;Champion&#013;&#010;2013, 2017, 2023&#013;&#010;&#013;&#010;&#013;&#010;Vice-champion&#013;&#010;1967&#013;&#010;&#013;&#010;&#013;&#010;Championnat de France de F\u00e9d\u00e9rale 1&#013;&#010;Champion&#013;&#010;2001&#013;&#010;&#013;&#010;&#013;&#010;Vice-champion&#013;&#010;2003&#013;&#010;&#013;&#010;&#013;&#010;Championnat de France groupe B&#013;&#010;Vice-champion&#013;&#010;1992\" href=\"https:\/\/www.xvovalie.com\/oyonnax\/\" rel=\"nofollow noopener\" target=\"_blank\">Oyonnax<\/a><\/strong> la semaine prochaine, mais le visage montr\u00e9 vendredi est plus que prometteur. <strong>Une charni\u00e8re qui monte en puissance, des avants efficaces dans le d\u00e9fi<\/strong>, et un Berg\u00e8s qui vient peut-\u00eatre d\u2019envoyer un message fort \u00e0 tout le championnat.<\/p>\n<p>Grenoble, lui, va devoir vite se remettre en mode chantier. Car les ambitions affich\u00e9es en d\u00e9but de saison ne se mat\u00e9rialisent pas sur le terrain, <strong>surtout loin de la maison<\/strong>.<\/p>\n<p>Source principale : Rugbyrama<\/p>\n<p><img loading=\"lazy\" src=\"data:image\/svg+xml,%3Csvg%20xmlns=\" http:=\"\" height=\"100\" width=\"100\" class=\" sp-no-webp\" alt=\"whatsapp image 2024 07 31 at 09.08.32\" decoding=\"async\" data-lazy-src=\"https:\/\/www.europesays.com\/fr\/wp-content\/uploads\/2025\/04\/whatsapp-image-2024-07-31-at-09.08.32-e1727245864215.jpeg\"\/> <\/p>\n<p>J\u2019ai grandi dans une famille o\u00f9 le rugby \u00e9tait de tous les moments. J\u2019\u00e9tais au bord du terrain quand Castres a battu Pau et a rejoint l\u2019\u00e9lite, j\u2019\u00e9tais dans le Stade Pierre Antoine face \u00e0 Gary Whetton quand il a fait son Haka pour c\u00e9l\u00e9brer le Brennus de 1993 et j\u2019ai toujours \u00e9t\u00e9 berc\u00e9 des l\u00e9gendes de ce sport. Maintenant, c\u2019est avec XV Ovalie que j\u2019entends prolonger l\u2019aventure. #TeamCO<\/p>\n","protected":false},"excerpt":{"rendered":"Soyaux-Angoul\u00eame a fait le show \u00e0 Chanzy en ouverture de la 9e journ\u00e9e de Pro D2. Port\u00e9 par&hellip;\n","protected":false},"author":2,"featured_media":501690,"comment_status":"","ping_status":"","sticky":false,"template":"","format":"standard","meta":{"footnotes":""},"categories":[9566],"tags":[1111,11,2430,1777,674,32263,1011,27,2731,12,62370,2308,25,11285,22339],"class_list":{"0":"post-501689","1":"post","2":"type-post","3":"status-publish","4":"format-standard","5":"has-post-thumbnail","7":"category-grenoble","8":"tag-actu","9":"tag-actualites","10":"tag-auvergne-rhone-alpes","11":"tag-eu","12":"tag-europe","13":"tag-fcg","14":"tag-fr","15":"tag-france","16":"tag-grenoble","17":"tag-news","18":"tag-paul-bergu00e9s","19":"tag-pro-d2","20":"tag-republique-francaise","21":"tag-sa-xv","22":"tag-soyaux-angoulu00eame"},"share_on_mastodon":{"url":"https:\/\/pubeurope.com\/@fr\/115467540534086642","error":""},"_links":{"self":[{"href":"https:\/\/www.europesays.com\/fr\/wp-json\/wp\/v2\/posts\/501689","targetHints":{"allow":["GET"]}}],"collection":[{"href":"https:\/\/www.europesays.com\/fr\/wp-json\/wp\/v2\/posts"}],"about":[{"href":"https:\/\/www.europesays.com\/fr\/wp-json\/wp\/v2\/types\/post"}],"author":[{"embeddable":true,"href":"https:\/\/www.europesays.com\/fr\/wp-json\/wp\/v2\/users\/2"}],"replies":[{"embeddable":true,"href":"https:\/\/www.europesays.com\/fr\/wp-json\/wp\/v2\/comments?post=501689"}],"version-history":[{"count":0,"href":"https:\/\/www.europesays.com\/fr\/wp-json\/wp\/v2\/posts\/501689\/revisions"}],"wp:featuredmedia":[{"embeddable":true,"href":"https:\/\/www.europesays.com\/fr\/wp-json\/wp\/v2\/media\/501690"}],"wp:attachment":[{"href":"https:\/\/www.europesays.com\/fr\/wp-json\/wp\/v2\/media?parent=501689"}],"wp:term":[{"taxonomy":"category","embeddable":true,"href":"https:\/\/www.europesays.com\/fr\/wp-json\/wp\/v2\/categories?post=501689"},{"taxonomy":"post_tag","embeddable":true,"href":"https:\/\/www.europesays.com\/fr\/wp-json\/wp\/v2\/tags?post=501689"}],"curies":[{"name":"wp","href":"https:\/\/api.w.org\/{rel}","templated":true}]}}