{"id":501694,"date":"2025-10-31T07:17:13","date_gmt":"2025-10-31T07:17:13","guid":{"rendered":"https:\/\/www.europesays.com\/fr\/501694\/"},"modified":"2025-10-31T07:17:13","modified_gmt":"2025-10-31T07:17:13","slug":"leurometropole-de-strasbourg-acheve-linstallation-des-bornes-a-dechets-alimentaires","status":"publish","type":"post","link":"https:\/\/www.europesays.com\/fr\/501694\/","title":{"rendered":"L&rsquo;Eurom\u00e9tropole de Strasbourg ach\u00e8ve l\u2019installation des bornes \u00e0 d\u00e9chets alimentaires"},"content":{"rendered":"<p>            Par<br \/>\n        <strong><br \/>\n            <a href=\"https:\/\/actu.fr\/auteur\/ivan-capecchi\" title=\"Consulter tous les articles de Ivan CAPECCHI\" target=\"_blank\" rel=\"noopener\">Ivan CAPECCHI<\/a><br \/>\n        <\/strong><\/p>\n<p>        Publi\u00e9 le<\/p>\n<p>            31 oct. 2025 \u00e0 7h02        <\/p>\n<p>L\u2019<a href=\"https:\/\/actu.fr\/tag\/eurometropole-de-strasbourg\" target=\"_blank\" rel=\"noopener\">Eurom\u00e9tropole de Strasbourg<\/a> s\u2019appr\u00eate \u00e0 <strong>boucler le d\u00e9ploiement de ses bornes \u00e0 <a href=\"https:\/\/actu.fr\/tag\/dechets\" target=\"_blank\" rel=\"noopener\">d\u00e9chets<\/a> alimentaires<\/strong>. La derni\u00e8re sera install\u00e9e le<strong> jeudi 6\u00a0novembre 2025<\/strong>, place des \u00c9tudiants \u00e0 <a href=\"https:\/\/actu.fr\/strasbourg\/\" target=\"_blank\" rel=\"noopener\">Strasbourg<\/a>.<\/p>\n<p>Plus de 1\u2009600 bornes \u00e0 d\u00e9chets alimentaires implant\u00e9es depuis 2022<\/p>\n<p class=\" wall-content\">Depuis 2022, <a href=\"https:\/\/actu.fr\/grand-est\/strasbourg_67482\/eurometropole-de-strasbourg-1-600-nouvelles-bornes-de-collecte-de-dechets-alimentaires-vont-etre-installees_62346270.html\" target=\"_blank\" rel=\"noopener\">1\u2009680 bornes ont \u00e9t\u00e9 implant\u00e9es sur l\u2019ensemble du territoire<\/a>, dont <strong>890 \u00e0 Strasbourg<\/strong>, soit environ <strong>une pour 300\u00a0habitants<\/strong>, selon des chiffres donn\u00e9s par l\u2019Eurom\u00e9tropole dans un communiqu\u00e9.<\/p>\n<p class=\" wall-content\">Ce r\u00e9seau compl\u00e8te les composts associatifs et permet \u00e0 tous les habitants de<strong> trier leurs d\u00e9chets alimentaires pr\u00e8s de chez eux<\/strong>.<\/p>\n<p>Des d\u00e9chets valoris\u00e9s<\/p>\n<p class=\" wall-content\">Depuis le lancement du dispositif, <strong>12\u2009300\u00a0tonnes de biod\u00e9chets ont \u00e9t\u00e9 collect\u00e9es et valoris\u00e9es<\/strong>, toujours selon l\u2019Eurom\u00e9tropole\u2009: <strong>1,46\u00a0million de m3 de m\u00e9thane inject\u00e9s dans le r\u00e9seau urbain, 5\u2009800\u00a0tonnes d\u2019engrais liquide<\/strong> et <strong>1\u2009400\u00a0tonnes de compost utilis\u00e9s par les agriculteurs partenaires<\/strong>.<\/p>\n<p class=\" wall-content\">Personnalisez votre actualit\u00e9 en ajoutant vos villes et m\u00e9dias en favori avec <a href=\"https:\/\/moncompte.actu.fr\" title=\"D\u00e9couvez Mon Actu\" rel=\"nofollow noopener\" data-trk=\"{&quot;cta&quot;:{&quot;action&quot;:&quot;https:\\\/\\\/moncompte.actu.fr&quot;,&quot;category&quot;:&quot;mon compte&quot;,&quot;from&quot;:&quot;article footer&quot;,&quot;name&quot;:&quot;Mon actu&quot;,&quot;type&quot;:&quot;cta&quot;}}\" target=\"_blank\">Mon Actu<\/a>.<\/p>\n","protected":false},"excerpt":{"rendered":"Par Ivan CAPECCHI Publi\u00e9 le 31 oct. 2025 \u00e0 7h02 L\u2019Eurom\u00e9tropole de Strasbourg s\u2019appr\u00eate \u00e0 boucler le d\u00e9ploiement&hellip;\n","protected":false},"author":2,"featured_media":501695,"comment_status":"","ping_status":"","sticky":false,"template":"","format":"standard","meta":{"footnotes":""},"categories":[2820],"tags":[1111,11,3008,1777,5342,674,1011,27,775,12,25,104,640],"class_list":{"0":"post-501694","1":"post","2":"type-post","3":"status-publish","4":"format-standard","5":"has-post-thumbnail","7":"category-strasbourg","8":"tag-actu","9":"tag-actualites","10":"tag-dechets","11":"tag-eu","12":"tag-eurometropole-de-strasbourg","13":"tag-europe","14":"tag-fr","15":"tag-france","16":"tag-grand-est","17":"tag-news","18":"tag-republique-francaise","19":"tag-societe","20":"tag-strasbourg"},"share_on_mastodon":{"url":"https:\/\/pubeurope.com\/@fr\/115467560194380482","error":""},"_links":{"self":[{"href":"https:\/\/www.europesays.com\/fr\/wp-json\/wp\/v2\/posts\/501694","targetHints":{"allow":["GET"]}}],"collection":[{"href":"https:\/\/www.europesays.com\/fr\/wp-json\/wp\/v2\/posts"}],"about":[{"href":"https:\/\/www.europesays.com\/fr\/wp-json\/wp\/v2\/types\/post"}],"author":[{"embeddable":true,"href":"https:\/\/www.europesays.com\/fr\/wp-json\/wp\/v2\/users\/2"}],"replies":[{"embeddable":true,"href":"https:\/\/www.europesays.com\/fr\/wp-json\/wp\/v2\/comments?post=501694"}],"version-history":[{"count":0,"href":"https:\/\/www.europesays.com\/fr\/wp-json\/wp\/v2\/posts\/501694\/revisions"}],"wp:featuredmedia":[{"embeddable":true,"href":"https:\/\/www.europesays.com\/fr\/wp-json\/wp\/v2\/media\/501695"}],"wp:attachment":[{"href":"https:\/\/www.europesays.com\/fr\/wp-json\/wp\/v2\/media?parent=501694"}],"wp:term":[{"taxonomy":"category","embeddable":true,"href":"https:\/\/www.europesays.com\/fr\/wp-json\/wp\/v2\/categories?post=501694"},{"taxonomy":"post_tag","embeddable":true,"href":"https:\/\/www.europesays.com\/fr\/wp-json\/wp\/v2\/tags?post=501694"}],"curies":[{"name":"wp","href":"https:\/\/api.w.org\/{rel}","templated":true}]}}