{"id":501696,"date":"2025-10-31T07:18:18","date_gmt":"2025-10-31T07:18:18","guid":{"rendered":"https:\/\/www.europesays.com\/fr\/501696\/"},"modified":"2025-10-31T07:18:18","modified_gmt":"2025-10-31T07:18:18","slug":"strasbourg-doukoure-prend-4-matchs-pour-son-tacle-sur-fofana","status":"publish","type":"post","link":"https:\/\/www.europesays.com\/fr\/501696\/","title":{"rendered":"Strasbourg : Doukour\u00e9 prend 4 matchs pour son tacle sur Fofana"},"content":{"rendered":"<p>                            <img width=\"770\" height=\"433\" src=\"https:\/\/www.europesays.com\/fr\/wp-content\/uploads\/2025\/10\/AFP__20251026__823N6EW__v1__HighRes__FblFraLigue1LyonStrasbourg-e1761518883380-770x433.jpg\" class=\"attachment-article size-article wp-post-image\" alt=\"Malick Fofana lors d'OL - Strasbourg\" decoding=\"async\" fetchpriority=\"high\"  \/><\/p>\n<p>Malick Fofana lors d\u2019OL \u2013 Strasbourg (Photo by OLIVIER CHASSIGNOLE \/ AFP)<\/p>\n<p>Exclu lors d\u2019OL &#8211; Strasbourg, Isma\u00ebl Doukour\u00e9 a \u00e9t\u00e9 rattrap\u00e9 par le patrouille. Le d\u00e9fenseur strasbourgeois va manquer les quatre prochains matchs, suite \u00e0 la longue blessure de Malick Fofana.<\/p>\n<p>Il n&rsquo;y aura pas eu de suspension \u00e0 la hauteur de la dur\u00e9e de l&rsquo;absence de Malick\u00a0<strong>Fofana<\/strong>. Si certains supporters de l&rsquo;OL souhaitaient une sanction exemplaire, Isma\u00ebl\u00a0<strong>Doukour\u00e9<\/strong>\u00a0s&rsquo;en est plut\u00f4t bien sorti. Exclu dimanche dernier pour un tacle par derri\u00e8re, entra\u00eenant une\u00a0<a href=\"https:\/\/www.olympique-et-lyonnais.com\/ol-malick-fofana-eloigne-des-terrains-plusieurs-mois,383484.html\" target=\"_blank\" rel=\"noopener\">absence de trois mois<\/a>\u00a0pour Fofana, le d\u00e9fenseur de\u00a0<strong>Strasbourg<\/strong>\u00a0sera rapidement de retour sur les terrains. R\u00e9unie jeudi soir, la commission de discipline de la LFP a voulu frapper fort, tout en restant assez cl\u00e9mente. D\u00e9j\u00e0 suspendu mercredi apr\u00e8s son rouge,\u00a0<strong>Doukour\u00e9<\/strong>\u00a0manquera trois autres matchs, puisque sanctionn\u00e9 au total de quatre matchs ferme.<\/p>\n<p>Dossier report\u00e9 pour Abner<\/p>\n<p>Avec cette semaine \u00e0 deux matchs et la tr\u00eave internationale qui se profile, le Strasbourgeois sera finalement de retour sur les pelouses de Ligue 1 lors de la premi\u00e8re journ\u00e9e de d\u00e9cembre. Loin du pr\u00e9judice que peut subir l&rsquo;<strong>OL<\/strong>\u00a0avec ces trois mois d&rsquo;absence pour Fofana. Exclu lors du d\u00e9placement au\u00a0<strong>Paris FC<\/strong>,\u00a0<strong>Abner<\/strong>\u00a0va devoir patienter pour connaitre sa sanction finale. S&rsquo;il manquera bien le voyage \u00e0\u00a0<strong>Brest<\/strong>\u00a0dimanche (20h45), le Br\u00e9silien a vu son dossier report\u00e9 \u00e0\u00a0\u00ab\u00a0titre exceptionnel\u00a0\u00bb\u00a0au 5\u00a0novembre.<\/p>\n<p>\t\t\t\t\t<a href=\"https:\/\/www.olympique-et-lyonnais.com\/paris-fc-ol-theatre-dune-vaste-interpellation-dans-laffaire-du-cambriolage-du-louvre,383733.html\" title=\"Paris FC - OL, th\u00e9\u00e2tre d\u2019une vaste interpellation dans l&#039;affaire du cambriolage du Louvre\" target=\"_blank\" rel=\"noopener\"><img loading=\"lazy\" width=\"580\" height=\"326\" src=\"https:\/\/www.europesays.com\/fr\/wp-content\/uploads\/2025\/10\/AFP__20251029__82FM3BB__v2__HighRes__FblFraLigue1ParisFcLyon-580x326.jpg\" class=\"attachment-actularge size-actularge wp-post-image\" alt=\"Abner face \u00e0 Kebbal lors de Paris FC - OL\" decoding=\"async\"  \/>\t\t\t\t\t<\/a><\/p>\n","protected":false},"excerpt":{"rendered":"Malick Fofana lors d\u2019OL \u2013 Strasbourg (Photo by OLIVIER CHASSIGNOLE \/ AFP) Exclu lors d\u2019OL &#8211; Strasbourg, Isma\u00ebl&hellip;\n","protected":false},"author":2,"featured_media":492279,"comment_status":"","ping_status":"","sticky":false,"template":"","format":"standard","meta":{"footnotes":""},"categories":[2820],"tags":[1111,11,1777,674,1011,27,775,66,12,241,978,25,640],"class_list":{"0":"post-501696","1":"post","2":"type-post","3":"status-publish","4":"format-standard","5":"has-post-thumbnail","7":"category-strasbourg","8":"tag-actu","9":"tag-actualites","10":"tag-eu","11":"tag-europe","12":"tag-fr","13":"tag-france","14":"tag-grand-est","15":"tag-ligue-1","16":"tag-news","17":"tag-ol","18":"tag-olympique-lyonnais","19":"tag-republique-francaise","20":"tag-strasbourg"},"share_on_mastodon":{"url":"https:\/\/pubeurope.com\/@fr\/115467564826476896","error":""},"_links":{"self":[{"href":"https:\/\/www.europesays.com\/fr\/wp-json\/wp\/v2\/posts\/501696","targetHints":{"allow":["GET"]}}],"collection":[{"href":"https:\/\/www.europesays.com\/fr\/wp-json\/wp\/v2\/posts"}],"about":[{"href":"https:\/\/www.europesays.com\/fr\/wp-json\/wp\/v2\/types\/post"}],"author":[{"embeddable":true,"href":"https:\/\/www.europesays.com\/fr\/wp-json\/wp\/v2\/users\/2"}],"replies":[{"embeddable":true,"href":"https:\/\/www.europesays.com\/fr\/wp-json\/wp\/v2\/comments?post=501696"}],"version-history":[{"count":0,"href":"https:\/\/www.europesays.com\/fr\/wp-json\/wp\/v2\/posts\/501696\/revisions"}],"wp:featuredmedia":[{"embeddable":true,"href":"https:\/\/www.europesays.com\/fr\/wp-json\/wp\/v2\/media\/492279"}],"wp:attachment":[{"href":"https:\/\/www.europesays.com\/fr\/wp-json\/wp\/v2\/media?parent=501696"}],"wp:term":[{"taxonomy":"category","embeddable":true,"href":"https:\/\/www.europesays.com\/fr\/wp-json\/wp\/v2\/categories?post=501696"},{"taxonomy":"post_tag","embeddable":true,"href":"https:\/\/www.europesays.com\/fr\/wp-json\/wp\/v2\/tags?post=501696"}],"curies":[{"name":"wp","href":"https:\/\/api.w.org\/{rel}","templated":true}]}}