{"id":501707,"date":"2025-10-31T07:24:21","date_gmt":"2025-10-31T07:24:21","guid":{"rendered":"https:\/\/www.europesays.com\/fr\/501707\/"},"modified":"2025-10-31T07:24:21","modified_gmt":"2025-10-31T07:24:21","slug":"on-est-le-mieux-note","status":"publish","type":"post","link":"https:\/\/www.europesays.com\/fr\/501707\/","title":{"rendered":"On est le mieux not\u00e9"},"content":{"rendered":"<p>            Par<br \/>\n        <strong><br \/>\n            <a href=\"https:\/\/actu.fr\/auteur\/sports33\" title=\"Consulter tous les articles de Nicolas Gosselin\" target=\"_blank\" rel=\"noopener\">Nicolas Gosselin<\/a><br \/>\n        <\/strong><\/p>\n<p>        Publi\u00e9 le<\/p>\n<p>            31 oct. 2025 \u00e0 6h28        <\/p>\n<p>En moins de trois mois, le <a href=\"https:\/\/actu.fr\/nouvelle-aquitaine\/bordeaux_33063\/carte-interactive-50-restaurants-a-tester-a-bordeaux-voici-notre-liste-des-bonnes-adresses_62097155.html\" target=\"_blank\" rel=\"noopener\">restaurant<\/a> compte d\u00e9j\u00e0 <strong>plus de 700 avis Google<\/strong> et l\u2019<strong>excellente note de 4,8\/5<\/strong>. Ouvert depuis le 23 ao\u00fbt 2025 \u00e0 <a href=\"https:\/\/actu.fr\/nouvelle-aquitaine\/villenave-d-ornon_33550\" target=\"_blank\" rel=\"noopener\">Villenave d\u2019Ornon<\/a> (Gironde), proche de la zone commerciale des <a href=\"https:\/\/actu.fr\/nouvelle-aquitaine\/begles_33039\/cinq-nouvelles-enseignes-debarquent-dans-la-galerie-du-centre-commercial-rives-d-arcins-a-begles_62726241.html\" target=\"_blank\" rel=\"noopener\">Rives d\u2019Arcins<\/a>, le <strong>Bouillon Marguerite<\/strong> est pl\u00e9biscit\u00e9 par ses clients. \u00ab\u00a0On est le mieux not\u00e9 des <a href=\"https:\/\/actu.fr\/nouvelle-aquitaine\/bordeaux_33063\/la-fievre-des-bouillons-gagne-bordeaux-c-est-le-chainon-manquant-entre-le-resto-routier-et-la-brasserie_63281056.html\" target=\"_blank\" rel=\"noopener\">bouillons de Bordeaux\u00a0\u00bb<\/a>, se f\u00e9licite son patron <strong>Cl\u00e9ment Bocquet<\/strong>, un analyste en risques de march\u00e9 qui s\u2019est <a href=\"https:\/\/actu.fr\/nouvelle-aquitaine\/bordeaux_33063\/gironde-jugee-non-performante-apres-15-ans-de-boite-nathalie-a-decide-de-changer-de-voie_56829847.html\" target=\"_blank\" rel=\"noopener\">fra\u00eechement reconverti<\/a> dans la restauration.<\/p>\n<p class=\" wall-content\">Le jeune homme de 29 ans travaillait dans la finance en r\u00e9gion parisienne. Il avait un bon poste, avec tous les avantages que cela comporte, mais il lui manquait la passion. L\u2019entrepreneur s\u2019est alors positionn\u00e9 en 2023 sur le <strong>projet Ortalissa<\/strong>, un nouveau complexe de loisirs qui a ouvert \u00e0 l\u2019\u00e9t\u00e9 2025, comprenant trois espaces de restauration.<\/p>\n<p>\u00ab\u00a0J\u2019esp\u00e9rais \u00eatre le premier\u00a0\u00bb<\/p>\n<p class=\" wall-content\">\u00ab\u00a0\u00c0 l\u2019\u00e9poque, il n\u2019y avait aucun bouillon \u00e0 Bordeaux. J\u2019avais envie de faire ce d\u00e9couvrir ce concept, qui \u00e9tait d\u00e9j\u00e0 bien r\u00e9pandu \u00e0 Paris et que j\u2019appr\u00e9ciais. J\u2019esp\u00e9rais \u00eatre le premier mais autant dire que c\u2019est rat\u00e9\u2026 Entre temps, il y en a plusieurs qui ont ouvert. Le concept marche bien, avec des <strong>prix abordables<\/strong> et du<strong> fait maison\u00a0\u00bb<\/strong>, d\u00e9veloppe-t-il.<\/p>\n<p>    <img   decoding=\"async\" loading=\"lazy\" src=\"https:\/\/www.europesays.com\/fr\/wp-content\/uploads\/2025\/10\/bouillon-marguerite-960x640.jpg\" alt=\"Le bouillon Marguerite est ouvert depuis ao\u00fbt 2025.\" width=\"960\" height=\"640\"\/><br \/>\n    Le bouillon Marguerite est ouvert depuis ao\u00fbt 2025. (\u00a9Bouillon Marguerite)<\/p>\n<p class=\" wall-content\">Poireaux vinaigrette, \u0153uf mayo, pi\u00e8ce du boucher, coquillettes \u00e0 la truffe, saucisse au couteau ou encore profiteroles et mi-cuit au chocolat\u2026 Le Bouillon Marguerite reprend les grands classiques des institutions parisiennes et \u00e7a cartonne ! Dans l\u2019ensemble, les avis \u00e9voquent le bon rapport qualit\u00e9-prix (avec <a href=\"https:\/\/www.bouillonmarguerite.fr\/menu\" target=\"_blank\" rel=\"noopener\">entr\u00e9e-plat-dessert pour 20 euros en moyenne<\/a>) et la qualit\u00e9 du service.<\/p>\n<p>Un concept populaire<\/p>\n<p class=\" wall-content\">\u00ab\u00a0Les clients viennent et reviennent, assure Cl\u00e9ment Bocquet. Par rapport \u00e0 mon ancien m\u00e9tier, \u00e7a n\u2019a rien \u00e0 voir. On bosse beaucoup plus dur mais quand <strong>on fait plaisir aux gens<\/strong>, c\u2019est dix fois plus plaisant. En travaillant bien, vu notre emplacement, je savais que \u00e7a marcherait.\u00a0\u00bb<\/p>\n<p>Votre r\u00e9gion, votre actu !<\/p>\n<p>Recevez chaque jour les infos qui comptent pour vous.<\/p>\n<p>\t<a href=\"https:\/\/actu.fr\/newsletter\" class=\"ac-btn ac-btn--corner ac-btn--medium ac-btn--blue800\" target=\"_blank\" rel=\"noopener\">S&rsquo;incrire<\/a><\/p>\n<p class=\" wall-content\">L\u2019entrepreneur estime que <a href=\"https:\/\/actu.fr\/nouvelle-aquitaine\/bordeaux_33063\/pour-eviter-la-faillite-il-a-transforme-son-restaurant-en-bouillon-a-bordeaux-le-succes-a-ete-immediat_63280284.html\" target=\"_blank\" rel=\"noopener\">la concurrence des autres bouillons<\/a> \u00e0 Bordeaux lui a m\u00eame \u00e9t\u00e9 b\u00e9n\u00e9fique. \u00ab\u00a0Le concept est devenu de plus en plus populaire dans la r\u00e9gion donc \u00e7a a facilit\u00e9 nos d\u00e9buts. Malgr\u00e9<strong> 120 places \u00e0 l\u2019int\u00e9rieur<\/strong> et <strong>70 en terrasse<\/strong>, le restaurant est d\u00e9j\u00e0 presque trop petit\u2026\u00a0\u00bb, expose le restaurateur.<\/p>\n<p>Bouillon Marguerite, 5 avenue du 7e Art \u00e0 Villenave d\u2019Ornon. Ouvert tous les jours, midi et soir.<\/p>\n<p class=\" wall-content\">Personnalisez votre actualit\u00e9 en ajoutant vos villes et m\u00e9dias en favori avec <a href=\"https:\/\/moncompte.actu.fr\" title=\"D\u00e9couvez Mon Actu\" rel=\"nofollow noopener\" data-trk=\"{&quot;cta&quot;:{&quot;action&quot;:&quot;https:\\\/\\\/moncompte.actu.fr&quot;,&quot;category&quot;:&quot;mon compte&quot;,&quot;from&quot;:&quot;article footer&quot;,&quot;name&quot;:&quot;Mon actu&quot;,&quot;type&quot;:&quot;cta&quot;}}\" target=\"_blank\">Mon Actu<\/a>.<\/p>\n","protected":false},"excerpt":{"rendered":"Par Nicolas Gosselin Publi\u00e9 le 31 oct. 2025 \u00e0 6h28 En moins de trois mois, le restaurant compte&hellip;\n","protected":false},"author":2,"featured_media":501708,"comment_status":"","ping_status":"","sticky":false,"template":"","format":"standard","meta":{"footnotes":""},"categories":[2817],"tags":[1111,11,1997,1777,674,1011,27,12,2219,6046,25,1340,104],"class_list":{"0":"post-501707","1":"post","2":"type-post","3":"status-publish","4":"format-standard","5":"has-post-thumbnail","7":"category-bordeaux","8":"tag-actu","9":"tag-actualites","10":"tag-bordeaux","11":"tag-eu","12":"tag-europe","13":"tag-fr","14":"tag-france","15":"tag-news","16":"tag-nouvelle-aquitaine","17":"tag-reconversion","18":"tag-republique-francaise","19":"tag-restaurant","20":"tag-societe"},"share_on_mastodon":{"url":"https:\/\/pubeurope.com\/@fr\/115467588802780741","error":""},"_links":{"self":[{"href":"https:\/\/www.europesays.com\/fr\/wp-json\/wp\/v2\/posts\/501707","targetHints":{"allow":["GET"]}}],"collection":[{"href":"https:\/\/www.europesays.com\/fr\/wp-json\/wp\/v2\/posts"}],"about":[{"href":"https:\/\/www.europesays.com\/fr\/wp-json\/wp\/v2\/types\/post"}],"author":[{"embeddable":true,"href":"https:\/\/www.europesays.com\/fr\/wp-json\/wp\/v2\/users\/2"}],"replies":[{"embeddable":true,"href":"https:\/\/www.europesays.com\/fr\/wp-json\/wp\/v2\/comments?post=501707"}],"version-history":[{"count":0,"href":"https:\/\/www.europesays.com\/fr\/wp-json\/wp\/v2\/posts\/501707\/revisions"}],"wp:featuredmedia":[{"embeddable":true,"href":"https:\/\/www.europesays.com\/fr\/wp-json\/wp\/v2\/media\/501708"}],"wp:attachment":[{"href":"https:\/\/www.europesays.com\/fr\/wp-json\/wp\/v2\/media?parent=501707"}],"wp:term":[{"taxonomy":"category","embeddable":true,"href":"https:\/\/www.europesays.com\/fr\/wp-json\/wp\/v2\/categories?post=501707"},{"taxonomy":"post_tag","embeddable":true,"href":"https:\/\/www.europesays.com\/fr\/wp-json\/wp\/v2\/tags?post=501707"}],"curies":[{"name":"wp","href":"https:\/\/api.w.org\/{rel}","templated":true}]}}