{"id":501711,"date":"2025-10-31T07:26:14","date_gmt":"2025-10-31T07:26:14","guid":{"rendered":"https:\/\/www.europesays.com\/fr\/501711\/"},"modified":"2025-10-31T07:26:14","modified_gmt":"2025-10-31T07:26:14","slug":"grave-accident-de-la-route-au-nord-est-de-toulouse-deux-personnes-grievement-blessees","status":"publish","type":"post","link":"https:\/\/www.europesays.com\/fr\/501711\/","title":{"rendered":"Grave accident de la route au nord-est de Toulouse : deux personnes gri\u00e8vement bless\u00e9es"},"content":{"rendered":"<p>            Par<br \/>\n        <strong><br \/>\n            <a href=\"https:\/\/actu.fr\/auteur\/david-saint-sernin\" title=\"Consulter tous les articles de David Saint-Sernin\" rel=\"nofollow noopener\" target=\"_blank\">David Saint-Sernin<\/a><br \/>\n        <\/strong><\/p>\n<p>        Publi\u00e9 le<\/p>\n<p>            31 oct. 2025 \u00e0 7h47        <\/p>\n<p>Jeudi 30\u00a0octobre 2025, vers 19h37, <a href=\"https:\/\/actu.fr\/occitanie\/toulouse_31555\/accident-corporel-sur-le-peripherique-de-toulouse-une-portion-de-voie-rapide-coupee_63375396.html\" rel=\"nofollow noopener\" target=\"_blank\">les pompiers de Haute-Garonne<\/a> ont port\u00e9 secours \u00e0 plusieurs personnes, victime d\u2019un grave accident de la route<\/p>\n<p class=\" wall-content\">sur le territoire de la commune de <a href=\"https:\/\/actu.fr\/occitanie\/layrac-sur-tarn_31288\" rel=\"nofollow noopener\" target=\"_blank\">Layrac-sur-Tarn (Haute-Garonne)<\/a>, au nord-est de Toulouse.<\/p>\n<p class=\" wall-content\">Deux v\u00e9hicules l\u00e9gers et trois personnes ont \u00e9t\u00e9 impliqu\u00e9s. \u00c0 leur arriv\u00e9e, les pompiers ont d\u00fb d\u00e9sincarc\u00e9rer une personne pi\u00e9g\u00e9e dans son v\u00e9hicule.<\/p>\n<p>Deux personnes \u00ab\u2009en urgence absolue\u2009\u00bb<\/p>\n<p class=\" wall-content\">Le bilan, lourd, fait \u00e9tat de deux bless\u00e9s en urgence absolue et une personne en urgence relative. Toutes ont \u00e9t\u00e9 \u00e9vacu\u00e9es \u00e0 l\u2019h\u00f4pital par voie terrestre ou h\u00e9liport\u00e9e.<\/p>\n<p class=\" wall-content\">Cette intervention a mobilis\u00e9 17 sapeurs-pompiers ainsi que les moyens du Samu et de la gendarmerie.<\/p>\n<p class=\" wall-content\">Personnalisez votre actualit\u00e9 en ajoutant vos villes et m\u00e9dias en favori avec <a href=\"https:\/\/moncompte.actu.fr\" title=\"D\u00e9couvez Mon Actu\" rel=\"nofollow noopener\" data-trk=\"{&quot;cta&quot;:{&quot;action&quot;:&quot;https:\\\/\\\/moncompte.actu.fr&quot;,&quot;category&quot;:&quot;mon compte&quot;,&quot;from&quot;:&quot;article footer&quot;,&quot;name&quot;:&quot;Mon actu&quot;,&quot;type&quot;:&quot;cta&quot;}}\" target=\"_blank\">Mon Actu<\/a>.<\/p>\n","protected":false},"excerpt":{"rendered":"Par David Saint-Sernin Publi\u00e9 le 31 oct. 2025 \u00e0 7h47 Jeudi 30\u00a0octobre 2025, vers 19h37, les pompiers de&hellip;\n","protected":false},"author":2,"featured_media":501712,"comment_status":"","ping_status":"","sticky":false,"template":"","format":"standard","meta":{"footnotes":""},"categories":[2816],"tags":[119,1111,11,1777,674,118,1011,27,12,2680,1311,25,2312],"class_list":{"0":"post-501711","1":"post","2":"type-post","3":"status-publish","4":"format-standard","5":"has-post-thumbnail","7":"category-toulouse","8":"tag-accident","9":"tag-actu","10":"tag-actualites","11":"tag-eu","12":"tag-europe","13":"tag-faits-divers","14":"tag-fr","15":"tag-france","16":"tag-news","17":"tag-occitanie","18":"tag-pompiers","19":"tag-republique-francaise","20":"tag-toulouse"},"share_on_mastodon":{"url":"https:\/\/pubeurope.com\/@fr\/115467595883422050","error":""},"_links":{"self":[{"href":"https:\/\/www.europesays.com\/fr\/wp-json\/wp\/v2\/posts\/501711","targetHints":{"allow":["GET"]}}],"collection":[{"href":"https:\/\/www.europesays.com\/fr\/wp-json\/wp\/v2\/posts"}],"about":[{"href":"https:\/\/www.europesays.com\/fr\/wp-json\/wp\/v2\/types\/post"}],"author":[{"embeddable":true,"href":"https:\/\/www.europesays.com\/fr\/wp-json\/wp\/v2\/users\/2"}],"replies":[{"embeddable":true,"href":"https:\/\/www.europesays.com\/fr\/wp-json\/wp\/v2\/comments?post=501711"}],"version-history":[{"count":0,"href":"https:\/\/www.europesays.com\/fr\/wp-json\/wp\/v2\/posts\/501711\/revisions"}],"wp:featuredmedia":[{"embeddable":true,"href":"https:\/\/www.europesays.com\/fr\/wp-json\/wp\/v2\/media\/501712"}],"wp:attachment":[{"href":"https:\/\/www.europesays.com\/fr\/wp-json\/wp\/v2\/media?parent=501711"}],"wp:term":[{"taxonomy":"category","embeddable":true,"href":"https:\/\/www.europesays.com\/fr\/wp-json\/wp\/v2\/categories?post=501711"},{"taxonomy":"post_tag","embeddable":true,"href":"https:\/\/www.europesays.com\/fr\/wp-json\/wp\/v2\/tags?post=501711"}],"curies":[{"name":"wp","href":"https:\/\/api.w.org\/{rel}","templated":true}]}}