{"id":501713,"date":"2025-10-31T07:27:11","date_gmt":"2025-10-31T07:27:11","guid":{"rendered":"https:\/\/www.europesays.com\/fr\/501713\/"},"modified":"2025-10-31T07:27:11","modified_gmt":"2025-10-31T07:27:11","slug":"10e-edition-du-crossroads-festival","status":"publish","type":"post","link":"https:\/\/www.europesays.com\/fr\/501713\/","title":{"rendered":"10e \u00e9dition du Crossroads Festival"},"content":{"rendered":"<p class=\"introduction\">Le Festival Crossroads revient du 4 au 6 novembre \u00e0 La Condition Publique \u00e0 Roubaix pour sa dixi\u00e8me \u00e9dition. Cet \u00e9v\u00e9nement est une v\u00e9ritable vitrine pour les formations musicales \u00e9mergentes de la r\u00e9gion et d\u2019ailleurs. L\u2019objectif du festival est double : d\u2019une part, faire d\u00e9couvrir et lancer des groupes, dont un tiers sont issus des Hauts-de-France, et d\u2019autre part, initier des collaborations entre professionnels de l\u2019industrie musicale.<\/p>\n<p>Organis\u00e9 par la Brigade d\u2019Intervention Culturelle (BIC) et ses nombreux partenaires, Crossroads est le premier festival professionnel de showcases de la r\u00e9gion. Il met en lumi\u00e8re des artistes prometteurs \u00e0 travers des mini-concerts donn\u00e9s \u00e0 La Condition Publique.<\/p>\n<p>La programmation<\/p>\n<p>Les acteurs de la fili\u00e8re des musiques actuelles en Hauts-de-France travaillent en synergie pour programmer des artistes \u00e9mergents issus de leur territoire. Le festival organis\u00e9 par le BIC (Brigade d\u2019Intervention Culturelle) accueille \u00e9galement des groupes propos\u00e9s par diff\u00e9rents partenaires (bureaux exports \u00e0 l\u2019\u00e9tranger, SMAC et p\u00f4les r\u00e9gionaux en France).<\/p>\n<p>Le public aura la chance de vibrer au rythme de nombreux artistes, parmi lesquels : <a href=\"https:\/\/www.crossroadsfestival.org\/anais-cotte\/\" target=\"_blank\" rel=\"noopener nofollow\">Ana\u00efs Cotte<\/a>, <a href=\"https:\/\/www.crossroadsfestival.org\/anaysa\/\" target=\"_blank\" rel=\"noopener nofollow\">Anaysa<\/a>, <a href=\"https:\/\/www.crossroadsfestival.org\/arkange\/\" target=\"_blank\" rel=\"noopener nofollow\">Arkange<\/a>, <a href=\"https:\/\/www.crossroadsfestival.org\/aziz-konkrite\/\" target=\"_blank\" rel=\"noopener nofollow\">Aziz Konkrite<\/a>, <a href=\"https:\/\/www.crossroadsfestival.org\/basic-partner\/\" target=\"_blank\" rel=\"noopener nofollow\">Basic Partner<\/a>, <a href=\"https:\/\/www.crossroadsfestival.org\/bleu-berline\/\" target=\"_blank\" rel=\"noopener nofollow\">Bleu Berline<\/a>, <a href=\"https:\/\/www.crossroadsfestival.org\/boogie\/\" target=\"_blank\" rel=\"noopener nofollow\">Boogie<\/a>, <a href=\"https:\/\/www.crossroadsfestival.org\/damon\/\" target=\"_blank\" rel=\"noopener nofollow\">Damon<\/a>, <a href=\"https:\/\/www.crossroadsfestival.org\/double-vitrage\/\" target=\"_blank\" rel=\"noopener nofollow\">DOUBLE VITRAGE<\/a>, <a href=\"https:\/\/www.crossroadsfestival.org\/exotica-lunatica\/\" target=\"_blank\" rel=\"noopener nofollow\">Exotica Lunatica<\/a>, <a href=\"https:\/\/www.crossroadsfestival.org\/future-exes\/\" target=\"_blank\" rel=\"noopener nofollow\">Future EXES<\/a>, <a href=\"https:\/\/www.crossroadsfestival.org\/hamada\/\" target=\"_blank\" rel=\"noopener nofollow\">Hamada<\/a>, <a href=\"https:\/\/www.crossroadsfestival.org\/julie-rains\/\" target=\"_blank\" rel=\"noopener nofollow\">Julie Rains<\/a>, <a href=\"https:\/\/www.crossroadsfestival.org\/jungle-sauce\/\" target=\"_blank\" rel=\"noopener nofollow\">Jungle Sauce<\/a>, <a href=\"https:\/\/www.crossroadsfestival.org\/juste-shani\/\" target=\"_blank\" rel=\"noopener nofollow\">Juste Shani<\/a>, <a href=\"https:\/\/www.crossroadsfestival.org\/la-flemme\/\" target=\"_blank\" rel=\"noopener nofollow\">La Flemme Band<\/a>, <a href=\"https:\/\/www.crossroadsfestival.org\/le-talu\/\" target=\"_blank\" rel=\"noopener nofollow\">le talu<\/a>, <a href=\"https:\/\/www.crossroadsfestival.org\/lou-k\/\" target=\"_blank\" rel=\"noopener nofollow\">Lou K<\/a>, <a href=\"https:\/\/www.crossroadsfestival.org\/m-a-o-cormontreuil\/\" target=\"_blank\" rel=\"noopener nofollow\">MAO Cormontreuil<\/a>, <a href=\"https:\/\/www.crossroadsfestival.org\/nord-noir\/\" target=\"_blank\" rel=\"noopener nofollow\">Nord\/\/Noir<\/a> et <a href=\"https:\/\/www.crossroadsfestival.org\/pierre-et-la-rose\/\" target=\"_blank\" rel=\"noopener nofollow\">Pierre et la Rose<\/a>.<\/p>\n<p>Pour c\u00e9l\u00e9brer ce 10e anniversaire, l\u2019\u00e9quipe a de nouveau fait confiance \u00e0 la graphiste et illustratrice lilloise Manon Sauzara pour cr\u00e9er son identit\u00e9 visuelle. Apr\u00e8s les paysages po\u00e9tiques de l\u2019an dernier, l\u2019artiste a choisi d\u2019illustrer un visage pluriel, dynamique et \u00e9mergent, symbolisant la jeunesse foisonnante et prot\u00e9iforme qui monte sur les sc\u00e8nes du festival.<\/p>\n<p class=\"title\">Infos pratiques Crossroads Festival<\/p>\n<p>Du mardi 4 au jeudi 6 novembre 2025<br \/>Concerts et rencontres pro : La Condition Publique , 14 Place du G\u00e9n\u00e9ral Faidherbe, 59100 Roubaix<\/p>\n<p><a href=\"https:\/\/www.crossroadsfestival.org\/billetterie\/\" target=\"_blank\" rel=\"noopener nofollow\">Billetterie<\/a><\/p>\n","protected":false},"excerpt":{"rendered":"Le Festival Crossroads revient du 4 au 6 novembre \u00e0 La Condition Publique \u00e0 Roubaix pour sa dixi\u00e8me&hellip;\n","protected":false},"author":2,"featured_media":501714,"comment_status":"","ping_status":"","sticky":false,"template":"","format":"standard","meta":{"footnotes":""},"categories":[2815],"tags":[1111,11,62371,251,1777,674,1011,27,811,1307,873,12,25],"class_list":{"0":"post-501713","1":"post","2":"type-post","3":"status-publish","4":"format-standard","5":"has-post-thumbnail","7":"category-lille","8":"tag-actu","9":"tag-actualites","10":"tag-crossroads-festival","11":"tag-culture","12":"tag-eu","13":"tag-europe","14":"tag-fr","15":"tag-france","16":"tag-hauts-de-france","17":"tag-lille","18":"tag-musique","19":"tag-news","20":"tag-republique-francaise"},"share_on_mastodon":{"url":"https:\/\/pubeurope.com\/@fr\/115467599542335640","error":""},"_links":{"self":[{"href":"https:\/\/www.europesays.com\/fr\/wp-json\/wp\/v2\/posts\/501713","targetHints":{"allow":["GET"]}}],"collection":[{"href":"https:\/\/www.europesays.com\/fr\/wp-json\/wp\/v2\/posts"}],"about":[{"href":"https:\/\/www.europesays.com\/fr\/wp-json\/wp\/v2\/types\/post"}],"author":[{"embeddable":true,"href":"https:\/\/www.europesays.com\/fr\/wp-json\/wp\/v2\/users\/2"}],"replies":[{"embeddable":true,"href":"https:\/\/www.europesays.com\/fr\/wp-json\/wp\/v2\/comments?post=501713"}],"version-history":[{"count":0,"href":"https:\/\/www.europesays.com\/fr\/wp-json\/wp\/v2\/posts\/501713\/revisions"}],"wp:featuredmedia":[{"embeddable":true,"href":"https:\/\/www.europesays.com\/fr\/wp-json\/wp\/v2\/media\/501714"}],"wp:attachment":[{"href":"https:\/\/www.europesays.com\/fr\/wp-json\/wp\/v2\/media?parent=501713"}],"wp:term":[{"taxonomy":"category","embeddable":true,"href":"https:\/\/www.europesays.com\/fr\/wp-json\/wp\/v2\/categories?post=501713"},{"taxonomy":"post_tag","embeddable":true,"href":"https:\/\/www.europesays.com\/fr\/wp-json\/wp\/v2\/tags?post=501713"}],"curies":[{"name":"wp","href":"https:\/\/api.w.org\/{rel}","templated":true}]}}