{"id":501721,"date":"2025-10-31T07:33:17","date_gmt":"2025-10-31T07:33:17","guid":{"rendered":"https:\/\/www.europesays.com\/fr\/501721\/"},"modified":"2025-10-31T07:33:17","modified_gmt":"2025-10-31T07:33:17","slug":"lyon-comment-prevenir-les-addictions-a-ladolescence","status":"publish","type":"post","link":"https:\/\/www.europesays.com\/fr\/501721\/","title":{"rendered":"Lyon. Comment pr\u00e9venir les addictions \u00e0 l\u2019adolescence\u00a0?"},"content":{"rendered":"<p>Une conf\u00e9rence sur le th\u00e8me \u00ab\u00a0Addictions\u00a0: les comprendre et les pr\u00e9venir \u00e0 l\u2019adolescence\u00a0\u00bb aura lieu le mercredi 5\u00a0novembre, de 14\u00a0h \u00e0 18\u00a0h, au coll\u00e8ge Moli\u00e8re-Montchat, Lyon 3e.<\/p>\n<p>Interviendront le professeur Alain Derveaux (Universit\u00e9 Paris Saclay), psychiatre, sp\u00e9cialiste de l\u2019hypoth\u00e8se d\u00e9veloppementale des addictions, et le professeur Nicolas Franck (Universit\u00e9 Lyon 1), psychiatre au Vinatier, responsable de la maison de la sant\u00e9 mentale.<\/p>\n<p class=\"note\">Cette conf\u00e9rence est gratuite et ouverte \u00e0 tous.<\/p>\n","protected":false},"excerpt":{"rendered":"Une conf\u00e9rence sur le th\u00e8me \u00ab\u00a0Addictions\u00a0: les comprendre et les pr\u00e9venir \u00e0 l\u2019adolescence\u00a0\u00bb aura lieu le mercredi 5\u00a0novembre,&hellip;\n","protected":false},"author":2,"featured_media":501722,"comment_status":"","ping_status":"","sticky":false,"template":"","format":"standard","meta":{"footnotes":""},"categories":[1889],"tags":[1111,11,2430,2757,1777,674,1011,27,2428,2756,12,25,2429,71],"class_list":{"0":"post-501721","1":"post","2":"type-post","3":"status-publish","4":"format-standard","5":"has-post-thumbnail","7":"category-lyon","8":"tag-actu","9":"tag-actualites","10":"tag-auvergne-rhone-alpes","11":"tag-edition-lyon-villeurbanne","12":"tag-eu","13":"tag-europe","14":"tag-fr","15":"tag-france","16":"tag-lyon","17":"tag-lyon-bassin","18":"tag-news","19":"tag-republique-francaise","20":"tag-rhone","21":"tag-sante"},"share_on_mastodon":{"url":"https:\/\/pubeurope.com\/@fr\/115467622942536677","error":""},"_links":{"self":[{"href":"https:\/\/www.europesays.com\/fr\/wp-json\/wp\/v2\/posts\/501721","targetHints":{"allow":["GET"]}}],"collection":[{"href":"https:\/\/www.europesays.com\/fr\/wp-json\/wp\/v2\/posts"}],"about":[{"href":"https:\/\/www.europesays.com\/fr\/wp-json\/wp\/v2\/types\/post"}],"author":[{"embeddable":true,"href":"https:\/\/www.europesays.com\/fr\/wp-json\/wp\/v2\/users\/2"}],"replies":[{"embeddable":true,"href":"https:\/\/www.europesays.com\/fr\/wp-json\/wp\/v2\/comments?post=501721"}],"version-history":[{"count":0,"href":"https:\/\/www.europesays.com\/fr\/wp-json\/wp\/v2\/posts\/501721\/revisions"}],"wp:featuredmedia":[{"embeddable":true,"href":"https:\/\/www.europesays.com\/fr\/wp-json\/wp\/v2\/media\/501722"}],"wp:attachment":[{"href":"https:\/\/www.europesays.com\/fr\/wp-json\/wp\/v2\/media?parent=501721"}],"wp:term":[{"taxonomy":"category","embeddable":true,"href":"https:\/\/www.europesays.com\/fr\/wp-json\/wp\/v2\/categories?post=501721"},{"taxonomy":"post_tag","embeddable":true,"href":"https:\/\/www.europesays.com\/fr\/wp-json\/wp\/v2\/tags?post=501721"}],"curies":[{"name":"wp","href":"https:\/\/api.w.org\/{rel}","templated":true}]}}