{"id":501731,"date":"2025-10-31T07:44:17","date_gmt":"2025-10-31T07:44:17","guid":{"rendered":"https:\/\/www.europesays.com\/fr\/501731\/"},"modified":"2025-10-31T07:44:17","modified_gmt":"2025-10-31T07:44:17","slug":"a-paris-un-tirage-au-sort-organise-pour-gagner-sa-concession-au-cimetiere","status":"publish","type":"post","link":"https:\/\/www.europesays.com\/fr\/501731\/","title":{"rendered":"\u00e0 Paris, un tirage au sort organis\u00e9 pour gagner sa concession au cimeti\u00e8re"},"content":{"rendered":"<p>            Par<br \/>\n        <strong><br \/>\n            <a href=\"https:\/\/actu.fr\/auteur\/julie-bossart-actu-fr\" title=\"Consulter tous les articles de Julie Bossart\" target=\"_blank\" rel=\"noopener\">Julie Bossart<\/a><br \/>\n        <\/strong><\/p>\n<p>        Publi\u00e9 le<\/p>\n<p>            31 oct. 2025 \u00e0 8h10        <\/p>\n<p>De quoi redonner de l\u2019espoir aux Parisiens qui esp\u00e8rent \u00eatre enterr\u00e9s sur leurs terres. Le 3\u00a0novembre 2025, la <a href=\"https:\/\/actu.fr\/tag\/mairie-de-paris\" target=\"_blank\" rel=\"noopener\">Ville de Paris<\/a> va lancer un appel \u00e0 candidatures in\u00e9dit en France\u2009: restaurer un monument fun\u00e9raire ancien pour pouvoir ensuite acqu\u00e9rir une concession \u2013 soit le droit de poss\u00e9der un emplacement afin d\u2019y d\u00e9poser le corps d\u2019un d\u00e9funt \u2013 dans l\u2019un des 14 cimeti\u00e8res intra-muros de la capitale. \u00c0 la fin de l\u2019ann\u00e9e, un tirage au sort aura lieu afin d\u2019attribuer ces monuments aux personnes ayant d\u00e9pos\u00e9 un dossier.<\/p>\n<p>Un \u00ab\u00a0compromis\u00a0\u00bb<\/p>\n<p class=\" wall-content\">Vot\u00e9e \u00e0 l\u2019unanimit\u00e9 en <a href=\"https:\/\/actu.fr\/tag\/conseil-de-paris\" target=\"_blank\" rel=\"noopener\">Conseil de Paris<\/a> le 8\u00a0avril, l\u2019exp\u00e9rimentation vise \u00e0 \u00ab\u2009concilier pr\u00e9servation du <a href=\"https:\/\/actu.fr\/tag\/patrimoine\" target=\"_blank\" rel=\"noopener\">patrimoine<\/a> fun\u00e9raire et acc\u00e8s des Parisiens \u00e0 une s\u00e9pulture dans la capitale\u2009\u00bb, nous rappellent en cette veille de la Toussaint les services de la maire, <a href=\"https:\/\/actu.fr\/tag\/anne-hidalgo\" target=\"_blank\" rel=\"noopener\">Anne Hidalgo<\/a> (PS).<\/p>\n<p class=\" wall-content\">Les cimeti\u00e8res de la capitale regorgent de nombreux monuments t\u00e9moins de l\u2019art fun\u00e9raire et de l\u2019histoire locale de la seconde moiti\u00e9 du XIXe\u00a0si\u00e8cle et du d\u00e9but du XXe\u00a0si\u00e8cle. <a href=\"https:\/\/actu.fr\/ile-de-france\/paris_75056\/paris-d-une-valeur-exceptionnelle-des-tombes-du-cimetiere-du-montparnasse-classees-monuments-historiques_63061217.html\" target=\"_blank\" rel=\"noopener\">Remarquables<\/a>, ils sont pourtant en d\u00e9sh\u00e9rence. En parall\u00e8le, les <a href=\"https:\/\/actu.fr\/ile-de-france\/paris_75056\/en-ile-de-france-la-crise-du-logement-concerne-aussi-les-cimetieres-quelle-place-donner-a-nos-morts_61808477.html\" target=\"_blank\" rel=\"noopener\">places dans les cimeti\u00e8res manquent<\/a>\u2009: l\u2019an pass\u00e9, seulement 171 concessions se sont lib\u00e9r\u00e9es, tandis que pr\u00e8s de 5\u2009000 demandes avaient \u00e9t\u00e9 d\u00e9pos\u00e9es.<\/p>\n<p class=\" wall-content\">Lorsqu\u2019une concession fun\u00e9raire de dix, trente, cinquante voire cent ans arrive \u00e0 forclusion (quand un droit arrive \u00e0 p\u00e9remption), elle dispara\u00eet. Les corps exhum\u00e9s rejoignent alors l\u2019ossuaire et les constructions, comme les caveaux, monuments ou ornements, entrent dans le domaine priv\u00e9 de la commune qui peut en disposer. Elles peuvent \u00eatre d\u00e9molies pour permettre \u00e0 la municipalit\u00e9 de les r\u00e9attribuer. Ou elles peuvent \u00eatre conserv\u00e9es, occasionnant pour la Ville des frais d\u2019entretien. C\u2019est sur cette deuxi\u00e8me voie que Paris a souhait\u00e9 s\u2019engager.<\/p>\n<p class=\" wall-content\">Pour mener \u00e0 bien ce \u00ab\u2009compromis\u2009\u00bb, il a \u00e9t\u00e9 d\u00e9cid\u00e9 de vendre ces monuments fun\u00e9raires, \u00e0 la condition qu\u2019une restauration soit entreprise, et qu\u2019elle soit valid\u00e9e par un architecte des B\u00e2timents de France.<\/p>\n<p class=\" wall-content\">Pour cette exp\u00e9rimentation, 30 monuments r\u00e9partis entre les cimeti\u00e8res du <a href=\"https:\/\/actu.fr\/tag\/cimetiere-du-pere-lachaise\" target=\"_blank\" rel=\"noopener\">P\u00e8re-Lachaise<\/a> (20e), du Montparnasse (14e) et de Montmartre (18e) sont propos\u00e9s \u00e0 un prix de vente oscillant entre 500\u00a0euros et 5\u2009000\u00a0euros.<\/p>\n<p class=\" wall-content\">Personnalisez votre actualit\u00e9 en ajoutant vos villes et m\u00e9dias en favori avec <a href=\"https:\/\/moncompte.actu.fr\" title=\"D\u00e9couvez Mon Actu\" rel=\"nofollow noopener\" data-trk=\"{&quot;cta&quot;:{&quot;action&quot;:&quot;https:\\\/\\\/moncompte.actu.fr&quot;,&quot;category&quot;:&quot;mon compte&quot;,&quot;from&quot;:&quot;article footer&quot;,&quot;name&quot;:&quot;Mon actu&quot;,&quot;type&quot;:&quot;cta&quot;}}\" target=\"_blank\">Mon Actu<\/a>.<\/p>\n","protected":false},"excerpt":{"rendered":"Par Julie Bossart Publi\u00e9 le 31 oct. 2025 \u00e0 8h10 De quoi redonner de l\u2019espoir aux Parisiens qui&hellip;\n","protected":false},"author":2,"featured_media":501732,"comment_status":"","ping_status":"","sticky":false,"template":"","format":"standard","meta":{"footnotes":""},"categories":[1888],"tags":[11,14944,1777,674,1011,27,1757,12,626,2551,25,104],"class_list":{"0":"post-501731","1":"post","2":"type-post","3":"status-publish","4":"format-standard","5":"has-post-thumbnail","7":"category-paris","8":"tag-actualites","9":"tag-cimetiere-du-pere-lachaise","10":"tag-eu","11":"tag-europe","12":"tag-fr","13":"tag-france","14":"tag-insolite","15":"tag-news","16":"tag-paris","17":"tag-patrimoine","18":"tag-republique-francaise","19":"tag-societe"},"share_on_mastodon":{"url":"https:\/\/pubeurope.com\/@fr\/115467666355545993","error":""},"_links":{"self":[{"href":"https:\/\/www.europesays.com\/fr\/wp-json\/wp\/v2\/posts\/501731","targetHints":{"allow":["GET"]}}],"collection":[{"href":"https:\/\/www.europesays.com\/fr\/wp-json\/wp\/v2\/posts"}],"about":[{"href":"https:\/\/www.europesays.com\/fr\/wp-json\/wp\/v2\/types\/post"}],"author":[{"embeddable":true,"href":"https:\/\/www.europesays.com\/fr\/wp-json\/wp\/v2\/users\/2"}],"replies":[{"embeddable":true,"href":"https:\/\/www.europesays.com\/fr\/wp-json\/wp\/v2\/comments?post=501731"}],"version-history":[{"count":0,"href":"https:\/\/www.europesays.com\/fr\/wp-json\/wp\/v2\/posts\/501731\/revisions"}],"wp:featuredmedia":[{"embeddable":true,"href":"https:\/\/www.europesays.com\/fr\/wp-json\/wp\/v2\/media\/501732"}],"wp:attachment":[{"href":"https:\/\/www.europesays.com\/fr\/wp-json\/wp\/v2\/media?parent=501731"}],"wp:term":[{"taxonomy":"category","embeddable":true,"href":"https:\/\/www.europesays.com\/fr\/wp-json\/wp\/v2\/categories?post=501731"},{"taxonomy":"post_tag","embeddable":true,"href":"https:\/\/www.europesays.com\/fr\/wp-json\/wp\/v2\/tags?post=501731"}],"curies":[{"name":"wp","href":"https:\/\/api.w.org\/{rel}","templated":true}]}}