{"id":50174,"date":"2025-04-24T21:46:12","date_gmt":"2025-04-24T21:46:12","guid":{"rendered":"https:\/\/www.europesays.com\/fr\/50174\/"},"modified":"2025-04-24T21:46:12","modified_gmt":"2025-04-24T21:46:12","slug":"credit-agricole-dile-de-france-communique-de-mise-a-2","status":"publish","type":"post","link":"https:\/\/www.europesays.com\/fr\/50174\/","title":{"rendered":"Cr\u00e9dit Agricole d&rsquo;Ile-de-France : communiqu\u00e9 de mise \u00e0"},"content":{"rendered":"<p><strong>Communiqu\u00e9 de mise \u00e0 disposition du rapport financier annuel 2024 du Cr\u00e9dit Agricole d\u2019Ile-de-France<\/strong><\/p>\n<p>Paris, le 24 avril 2025<\/p>\n<p>Le Cr\u00e9dit Agricole d&rsquo;Ile-de-France annonce ce jour avoir mis \u00e0 la disposition du public et d\u00e9pos\u00e9 aupr\u00e8s de l&rsquo;Autorit\u00e9 des March\u00e9s Financiers son rapport financier annuel 2024. Le rapport financier annuel peut \u00eatre consult\u00e9 sur le site Internet \u00e0 l&rsquo;adresse www.ca-paris.com, dans la rubrique \u00ab Finance \/ Informations r\u00e9glement\u00e9es \u00bb, ainsi que sur le site internet de l\u2019AMF.<\/p>\n<p>Retrouvez toutes les informations financi\u00e8res r\u00e9glementaires sur ca-paris.com, rubrique \u00a0\u00bb Finance \/ Informations r\u00e9glement\u00e9es \u00a0\u00bb (acc\u00e8s gratuit et illimit\u00e9 pour les particuliers, hors co\u00fbt de communication variable selon l\u2019op\u00e9rateur).<\/p>\n<p>Contact : <a href=\"https:\/\/www.globenewswire.com\/Tracker?data=4oSBx7nJi1d2bzh99iiyoYq086Lco6Un9No8cMRHkPnsz00gMEXrN-FAIhWWLezdnfMPDSMKisYZv7fglOpcGq5gTkKYkoksJX3IaKD7pSWTNY1HP3sphkVNkOwi2Qv-BbEEy-LhnHKUoO7rSRIN7AZQIcAC19acjLdTtFxvjek=\" rel=\"nofollow noopener\" target=\"_blank\" title=\"communicationfinanciere-caidf@ca-paris.fr\">communicationfinanciere-caidf@ca-paris.fr<\/a><\/p>\n<p><img decoding=\"async\" alt=\"\" src=\"https:\/\/www.europesays.com\/fr\/wp-content\/uploads\/2025\/04\/1745531172_702_Cr-dit-Agricole-d-Ile-de-Franc.png\" referrerpolicy=\"no-referrer-when-downgrade\"\/><\/p>\n","protected":false},"excerpt":{"rendered":"Communiqu\u00e9 de mise \u00e0 disposition du rapport financier annuel 2024 du Cr\u00e9dit Agricole d\u2019Ile-de-France Paris, le 24 avril&hellip;\n","protected":false},"author":2,"featured_media":49654,"comment_status":"","ping_status":"","sticky":false,"template":"","format":"standard","meta":{"footnotes":""},"categories":[1592],"tags":[1111,11,14271,523,14177,1777,674,9467,1011,27,662,12,626,14176,14269,14268,25,14270],"class_list":{"0":"post-50174","1":"post","2":"type-post","3":"status-publish","4":"format-standard","5":"has-post-thumbnail","7":"category-ile-de-france","8":"tag-actu","9":"tag-actualites","10":"tag-bank","11":"tag-banque","12":"tag-crdit-agricole-dile-de-france","13":"tag-eu","14":"tag-europe","15":"tag-finances","16":"tag-fr","17":"tag-france","18":"tag-ile-de-france","19":"tag-news","20":"tag-paris","21":"tag-paris-stock-exchangecaf","22":"tag-rsultats","23":"tag-rapports-annuels","24":"tag-republique-francaise","25":"tag-services-bancaires"},"share_on_mastodon":{"url":"https:\/\/pubeurope.com\/@fr\/114395138256601205","error":""},"_links":{"self":[{"href":"https:\/\/www.europesays.com\/fr\/wp-json\/wp\/v2\/posts\/50174","targetHints":{"allow":["GET"]}}],"collection":[{"href":"https:\/\/www.europesays.com\/fr\/wp-json\/wp\/v2\/posts"}],"about":[{"href":"https:\/\/www.europesays.com\/fr\/wp-json\/wp\/v2\/types\/post"}],"author":[{"embeddable":true,"href":"https:\/\/www.europesays.com\/fr\/wp-json\/wp\/v2\/users\/2"}],"replies":[{"embeddable":true,"href":"https:\/\/www.europesays.com\/fr\/wp-json\/wp\/v2\/comments?post=50174"}],"version-history":[{"count":0,"href":"https:\/\/www.europesays.com\/fr\/wp-json\/wp\/v2\/posts\/50174\/revisions"}],"wp:featuredmedia":[{"embeddable":true,"href":"https:\/\/www.europesays.com\/fr\/wp-json\/wp\/v2\/media\/49654"}],"wp:attachment":[{"href":"https:\/\/www.europesays.com\/fr\/wp-json\/wp\/v2\/media?parent=50174"}],"wp:term":[{"taxonomy":"category","embeddable":true,"href":"https:\/\/www.europesays.com\/fr\/wp-json\/wp\/v2\/categories?post=50174"},{"taxonomy":"post_tag","embeddable":true,"href":"https:\/\/www.europesays.com\/fr\/wp-json\/wp\/v2\/tags?post=50174"}],"curies":[{"name":"wp","href":"https:\/\/api.w.org\/{rel}","templated":true}]}}