{"id":501756,"date":"2025-10-31T07:58:10","date_gmt":"2025-10-31T07:58:10","guid":{"rendered":"https:\/\/www.europesays.com\/fr\/501756\/"},"modified":"2025-10-31T07:58:10","modified_gmt":"2025-10-31T07:58:10","slug":"atp-rolex-paris-masters-bublik-a-son-equipe-en-plein-match-contre-fritz-je-ne-veux-pas-gagner-de-grand-chelem-je-veux-prendre-ma-retraite-vous-faites-chier-les-gars","status":"publish","type":"post","link":"https:\/\/www.europesays.com\/fr\/501756\/","title":{"rendered":"ATP &#8211; Rolex Paris Masters > Bublik \u00e0 son \u00e9quipe en plein match contre Fritz : \u00ab\u00a0Je ne veux pas gagner de Grand Chelem, je veux prendre ma retraite. Vous faites chier les gars\u00a0\u00bb"},"content":{"rendered":"<p>Alexander Bublik est un sacr\u00e9 person\u00adnage. Et il l\u2019a encore prouv\u00e9 lors cet \u00e9change avec son team pendant son huiti\u00e8me de finale \u00e0 Paris contre Taylor Fritz.\u00a0<\/p>\n<p><strong>\u00ab\u202fJe vous d\u00e9teste telle\u00adment. Si je mets un coup gagnant \u00e0 chaque revers, je vais gagner un Grand Chelem. Je ne veux pas gagner de Grand Chelem. Je veux prendre ma retraite. Vous faites chier les gars\u202f\u00bb<\/strong>, a lanc\u00e9 le Kazakh, tombeur en deux sets du num\u00e9ro 4 mondial\u00a0: 7\u20136(5), 6\u20132, en 1h28 de\u00a0jeu.\u00a0<\/p>\n<blockquote class=\"twitter-tweet\">\n<p lang=\"fr\" dir=\"ltr\">\ud83d\udde3\ufe0fAlexander Bublik \u00e0 son \u00e9quipe contre Fritz\u00a0: \u00ab\u202fJe vous d\u00e9teste telle\u00adment. Si je mets un coup gagnant \u00e0 chaque revers, je vais gagner un Grand Chelem. Je ne veux pas gagner de Grand Chelem. Je veux prendre ma retraite. Vous faites chier les gars.\u202f\u00bb \ud83d\ude02<a href=\"https:\/\/t.co\/UAwwXWyD1a\" data-wpel-link=\"external\" target=\"_blank\" rel=\"nofollow external noopener\">pic.twitter.com\/UAwwXWyD1a<\/a><\/p>\n<p>\u2014 Tennis Legend (@TennisLegende) <a href=\"https:\/\/twitter.com\/TennisLegende\/status\/1984004660055953532?ref_src=twsrc%5Etfw\" data-wpel-link=\"external\" target=\"_blank\" rel=\"nofollow external noopener\">October 30,\u00a02025<\/a><\/p><\/blockquote>\n<p>Pour tenter de se quali\u00adfier dans le dernier carr\u00e9, Alexander Bublik va main\u00adte\u00adnant affronter Alex de Minaur, tombeur de Karen Khachanov.\u00a0<\/p>\n<p class=\"post-published-date\" style=\"color: silver; font-size: 75%; text-align: left;\">Publi\u00e9 le vendredi 31 octobre 2025 \u00e0 08:11<\/p>\n<p><script async src=\"https:\/\/platform.twitter.com\/widgets.js\" charset=\"utf-8\"><\/script><\/p>\n","protected":false},"excerpt":{"rendered":"Alexander Bublik est un sacr\u00e9 person\u00adnage. Et il l\u2019a encore prouv\u00e9 lors cet \u00e9change avec son team pendant&hellip;\n","protected":false},"author":2,"featured_media":501757,"comment_status":"","ping_status":"","sticky":false,"template":"","format":"standard","meta":{"footnotes":""},"categories":[1415],"tags":[15212,1011,27,5442,60,1467],"class_list":{"0":"post-501756","1":"post","2":"type-post","3":"status-publish","4":"format-standard","5":"has-post-thumbnail","7":"category-tennis","8":"tag-bublik","9":"tag-fr","10":"tag-france","11":"tag-khachanov","12":"tag-sports","13":"tag-tennis"},"share_on_mastodon":{"url":"https:\/\/pubeurope.com\/@fr\/115467721228714316","error":""},"_links":{"self":[{"href":"https:\/\/www.europesays.com\/fr\/wp-json\/wp\/v2\/posts\/501756","targetHints":{"allow":["GET"]}}],"collection":[{"href":"https:\/\/www.europesays.com\/fr\/wp-json\/wp\/v2\/posts"}],"about":[{"href":"https:\/\/www.europesays.com\/fr\/wp-json\/wp\/v2\/types\/post"}],"author":[{"embeddable":true,"href":"https:\/\/www.europesays.com\/fr\/wp-json\/wp\/v2\/users\/2"}],"replies":[{"embeddable":true,"href":"https:\/\/www.europesays.com\/fr\/wp-json\/wp\/v2\/comments?post=501756"}],"version-history":[{"count":0,"href":"https:\/\/www.europesays.com\/fr\/wp-json\/wp\/v2\/posts\/501756\/revisions"}],"wp:featuredmedia":[{"embeddable":true,"href":"https:\/\/www.europesays.com\/fr\/wp-json\/wp\/v2\/media\/501757"}],"wp:attachment":[{"href":"https:\/\/www.europesays.com\/fr\/wp-json\/wp\/v2\/media?parent=501756"}],"wp:term":[{"taxonomy":"category","embeddable":true,"href":"https:\/\/www.europesays.com\/fr\/wp-json\/wp\/v2\/categories?post=501756"},{"taxonomy":"post_tag","embeddable":true,"href":"https:\/\/www.europesays.com\/fr\/wp-json\/wp\/v2\/tags?post=501756"}],"curies":[{"name":"wp","href":"https:\/\/api.w.org\/{rel}","templated":true}]}}