{"id":501758,"date":"2025-10-31T08:02:11","date_gmt":"2025-10-31T08:02:11","guid":{"rendered":"https:\/\/www.europesays.com\/fr\/501758\/"},"modified":"2025-10-31T08:02:11","modified_gmt":"2025-10-31T08:02:11","slug":"nicolas-laugier-je-stresse-beaucoup-trop-actualite","status":"publish","type":"post","link":"https:\/\/www.europesays.com\/fr\/501758\/","title":{"rendered":"Nicolas Laugier : \u00ab Je stresse beaucoup trop \u00bb &#8211; Actualit\u00e9"},"content":{"rendered":"<p style=\"text-align: justify;\">Le voyage de Nicolas Laugier est d\u00e9j\u00e0 r\u00e9ussi. Le R\u00e9unionnais est arriv\u00e9 cette semaine \u00e0 Loud\u00e9ac pour participer au Championnat de France. D\u00e8s le premier jour, mercredi, il est mont\u00e9 sur la plus haute marche du podium du tournoi de vitesse individuelle. \u00ab\u00a0La m\u00e9daille d&rsquo;or repr\u00e9sente beaucoup pour moi. Je l&rsquo;ai eue en 2023. \u00c7a fait du bien. L&rsquo;ann\u00e9e derni\u00e8re, c&rsquo;\u00e9tait un peu compliqu\u00e9 avec l&rsquo;adversaire, mais cette ann\u00e9e, \u00e7a va\u00a0\u00bb, d\u00e9clare-t-il \u00e0 DirectVelo. Le coureur de 18 ans a <a href=\"https:\/\/www.directvelo.com\/actualite\/125031\/piste-championnat-de-france-de-lavenir-j1-classements\" target=\"_blank\" rel=\"noopener\"><strong>battu en deux manches s\u00e8ches Enzo Duval en finale<\/strong><\/a>, le vainqueur du Kilom\u00e8tre de Paris-Tours.<\/p>\n<p><strong>DES TROUS DANS LE B\u00c9TON<\/strong><\/p>\n<p>Nicolas Laugier a profit\u00e9 des quelques jours avant le Championnat de France pour tourner sur le bois de Loud\u00e9ac. \u00ab\u00a0On a fait deux ou trois s\u00e9ances avant de commencer le Championnat. Chez moi, \u00e0 la R\u00e9union, il y a un v\u00e9lodrome en b\u00e9ton, d\u00e9couvert avec des trous\u00a0\u00bb. Il \u00e9tait d\u00e9j\u00e0 venu en Centre-Bretagne <a href=\"https:\/\/www.directvelo.com\/actualite\/120477\/nicolas-laugier-loin-du-pole-veut-se-rapprocher-de-lequipe-de-france\" target=\"_blank\" rel=\"noopener\"><strong>au mois d&rsquo;avril pour la Coupe de France de l&rsquo;Avenir<\/strong><\/a>. Il s&rsquo;\u00e9tait d\u00e9j\u00e0 montr\u00e9 le meilleur sprinter .\u00a0<\/p>\n<p>Cet \u00e9t\u00e9, le R\u00e9unionnais a repris l&rsquo;avion pour participer au Championnat d&rsquo;Europe \u00e0 Anadia. Avec des fortunes diverses et une m\u00e9daille de bronze en vitesse par \u00e9quipes. \u00ab\u00a0J&rsquo;\u00e9tais satisfait et moins satisfait sur certains points. Dans les \u00e9preuves individuelles, j&rsquo;ai commis beaucoup d&rsquo;erreurs faute d&rsquo;exp\u00e9rience. Je manquais de confiance en moi. Quand c&rsquo;est sa premi\u00e8re course internationale, il y a forc\u00e9ment la pression\u00a0\u00bb, explique-t-il. Nicolas Laugier le reconna\u00eet, son gros point faible c&rsquo;est ce manque de confiance en lui. \u00ab\u00a0Je stresse beaucoup trop. Je travaille l\u00e0-dessus et \u00e7a a un peu pay\u00e9 ce Championnat-l\u00e0\u00a0\u00bb.<\/p>\n<p><strong>L&rsquo;HEURE DES CHOIX<\/strong><\/p>\n<p>Avant les qualifications du 200 m\u00e8tres lanc\u00e9, \u00ab\u00a0je ne stressais pas vraiment\u00a0\u00bb, enfin un petit peu quand m\u00eame.\u00a0 \u00ab\u00a0Je stressais juste pour batte mon record personnel du 200 m\u00e8tres que je n&rsquo;ai pas battu\u00a0\u00bb. C&rsquo;est bien la seule contrari\u00e9t\u00e9 dans un tournoi qu&rsquo;il a domin\u00e9. \u00ab\u00a0J&rsquo;ai men\u00e9 tous les matchs comme je l&rsquo;ai voulu. Je savais \u00e0 peu pr\u00e8s comment les adversaires allaient r\u00e9agir face \u00e0 moi\u00a0\u00bb. Ses adversaires, il va les retrouver dans le keirin, la vitesse par \u00e9quipes et aussi le kilom\u00e8tre d\u00e8s ce vendredi midi. Mais la borne est loin d&rsquo;\u00eatre sa sp\u00e9cialit\u00e9. \u00ab\u00a0J&rsquo;irai jusqu&rsquo;\u00e0 la mort on va dire\u00a0\u00bb, sourit-il.<\/p>\n<p>Imm\u00e9diatement apr\u00e8s le Championnat de France, Nicolas Laugier va prendre l&rsquo;avion du retour avec le plus de m\u00e9dailles et de maillots possibles en plus dans la valise. Mais va-t-il conserver la m\u00eame organisation l&rsquo;an prochain ? \u00ab\u00a0Il y a beaucoup de choses qui sont en train de se mettre en place, j&rsquo;ai beaucoup de choix \u00e0 faire, reconna\u00eet-il. Pour l&rsquo;instant, je ne sais pas encore. Mais dans tous les cas, \u00e7a va aller au mieux sur le point de l&rsquo;entra\u00eenement\u00a0\u00bb.<\/p>\n","protected":false},"excerpt":{"rendered":"Le voyage de Nicolas Laugier est d\u00e9j\u00e0 r\u00e9ussi. Le R\u00e9unionnais est arriv\u00e9 cette semaine \u00e0 Loud\u00e9ac pour participer&hellip;\n","protected":false},"author":2,"featured_media":501759,"comment_status":"","ping_status":"","sticky":false,"template":"","format":"standard","meta":{"footnotes":""},"categories":[1411],"tags":[834,828,836,829,837,827,83,826,824,823,1154,207,814,817,815,816,822,821,832,211,839,1011,27,820,818,819,835,831,830,833,838,60,212,208,825],"class_list":{"0":"post-501758","1":"post","2":"type-post","3":"status-publish","4":"format-standard","5":"has-post-thumbnail","7":"category-cyclisme","8":"tag-attaque","9":"tag-belgique","10":"tag-braquet","11":"tag-bretagne","12":"tag-chute","13":"tag-competition","14":"tag-coupe-de-france","15":"tag-coureur","16":"tag-course-cyclisme","17":"tag-course-cycliste","18":"tag-cycling","19":"tag-cyclisme","20":"tag-direct","21":"tag-direct-velo","22":"tag-directvelo","23":"tag-directvelo-com","24":"tag-epreuve","25":"tag-epreuve-cycliste","26":"tag-federation-francaise-de-cyclisme","27":"tag-ffc","28":"tag-flandres","29":"tag-fr","30":"tag-france","31":"tag-live","32":"tag-live-course","33":"tag-live-epreuve","34":"tag-peloton","35":"tag-radio-peloton","36":"tag-radio-tour","37":"tag-ravitaillement","38":"tag-relance","39":"tag-sports","40":"tag-uci","41":"tag-velo","42":"tag-velos"},"share_on_mastodon":{"url":"https:\/\/pubeurope.com\/@fr\/115467737127063261","error":""},"_links":{"self":[{"href":"https:\/\/www.europesays.com\/fr\/wp-json\/wp\/v2\/posts\/501758","targetHints":{"allow":["GET"]}}],"collection":[{"href":"https:\/\/www.europesays.com\/fr\/wp-json\/wp\/v2\/posts"}],"about":[{"href":"https:\/\/www.europesays.com\/fr\/wp-json\/wp\/v2\/types\/post"}],"author":[{"embeddable":true,"href":"https:\/\/www.europesays.com\/fr\/wp-json\/wp\/v2\/users\/2"}],"replies":[{"embeddable":true,"href":"https:\/\/www.europesays.com\/fr\/wp-json\/wp\/v2\/comments?post=501758"}],"version-history":[{"count":0,"href":"https:\/\/www.europesays.com\/fr\/wp-json\/wp\/v2\/posts\/501758\/revisions"}],"wp:featuredmedia":[{"embeddable":true,"href":"https:\/\/www.europesays.com\/fr\/wp-json\/wp\/v2\/media\/501759"}],"wp:attachment":[{"href":"https:\/\/www.europesays.com\/fr\/wp-json\/wp\/v2\/media?parent=501758"}],"wp:term":[{"taxonomy":"category","embeddable":true,"href":"https:\/\/www.europesays.com\/fr\/wp-json\/wp\/v2\/categories?post=501758"},{"taxonomy":"post_tag","embeddable":true,"href":"https:\/\/www.europesays.com\/fr\/wp-json\/wp\/v2\/tags?post=501758"}],"curies":[{"name":"wp","href":"https:\/\/api.w.org\/{rel}","templated":true}]}}