{"id":501786,"date":"2025-10-31T08:19:12","date_gmt":"2025-10-31T08:19:12","guid":{"rendered":"https:\/\/www.europesays.com\/fr\/501786\/"},"modified":"2025-10-31T08:19:12","modified_gmt":"2025-10-31T08:19:12","slug":"a-la-poste-on-peut-desormais-passer-le-code","status":"publish","type":"post","link":"https:\/\/www.europesays.com\/fr\/501786\/","title":{"rendered":"\u00e0 La Poste, on peut d\u00e9sormais passer le code"},"content":{"rendered":"<p>Lamia est \u00e0 l\u2019heure, en cette apr\u00e8s-midi d\u2019octobre. La jeune femme de 18 ans attend place Raspail l\u2019ouverture du bureau de poste de La Ricamarie. Elle vient passer\u2026 le code de la route. C\u2019est possible depuis le mois de septembre et la Ricamandoise s\u2019est inscrite sur internet (*).<\/p>\n<p>Re\u00e7ue par Florence Ducastel, de l\u2019espace commercial des bureaux de poste de La Ricamarie, Saint-Etienne Bellevue et Saint-Etienne La Cotonne, et son \u00e9quipe, elle s\u2019installe dans une pi\u00e8ce et, apr\u00e8s les v\u00e9rifications&#8230;<\/p>\n","protected":false},"excerpt":{"rendered":"Lamia est \u00e0 l\u2019heure, en cette apr\u00e8s-midi d\u2019octobre. La jeune femme de 18 ans attend place Raspail l\u2019ouverture&hellip;\n","protected":false},"author":2,"featured_media":501787,"comment_status":"","ping_status":"","sticky":false,"template":"","format":"standard","meta":{"footnotes":""},"categories":[9653],"tags":[1111,11,2430,7539,1777,674,1011,27,11324,11325,12,25,4001,104,2803],"class_list":{"0":"post-501786","1":"post","2":"type-post","3":"status-publish","4":"format-standard","5":"has-post-thumbnail","7":"category-saint-etienne","8":"tag-actu","9":"tag-actualites","10":"tag-auvergne-rhone-alpes","11":"tag-edition-loire-sud","12":"tag-eu","13":"tag-europe","14":"tag-fr","15":"tag-france","16":"tag-la-ricamarie","17":"tag-la-ricamarie-ville","18":"tag-news","19":"tag-republique-francaise","20":"tag-saint-etienne","21":"tag-societe","22":"tag-transport"},"share_on_mastodon":{"url":"https:\/\/pubeurope.com\/@fr\/115467803960821304","error":""},"_links":{"self":[{"href":"https:\/\/www.europesays.com\/fr\/wp-json\/wp\/v2\/posts\/501786","targetHints":{"allow":["GET"]}}],"collection":[{"href":"https:\/\/www.europesays.com\/fr\/wp-json\/wp\/v2\/posts"}],"about":[{"href":"https:\/\/www.europesays.com\/fr\/wp-json\/wp\/v2\/types\/post"}],"author":[{"embeddable":true,"href":"https:\/\/www.europesays.com\/fr\/wp-json\/wp\/v2\/users\/2"}],"replies":[{"embeddable":true,"href":"https:\/\/www.europesays.com\/fr\/wp-json\/wp\/v2\/comments?post=501786"}],"version-history":[{"count":0,"href":"https:\/\/www.europesays.com\/fr\/wp-json\/wp\/v2\/posts\/501786\/revisions"}],"wp:featuredmedia":[{"embeddable":true,"href":"https:\/\/www.europesays.com\/fr\/wp-json\/wp\/v2\/media\/501787"}],"wp:attachment":[{"href":"https:\/\/www.europesays.com\/fr\/wp-json\/wp\/v2\/media?parent=501786"}],"wp:term":[{"taxonomy":"category","embeddable":true,"href":"https:\/\/www.europesays.com\/fr\/wp-json\/wp\/v2\/categories?post=501786"},{"taxonomy":"post_tag","embeddable":true,"href":"https:\/\/www.europesays.com\/fr\/wp-json\/wp\/v2\/tags?post=501786"}],"curies":[{"name":"wp","href":"https:\/\/api.w.org\/{rel}","templated":true}]}}