{"id":501806,"date":"2025-10-31T08:31:18","date_gmt":"2025-10-31T08:31:18","guid":{"rendered":"https:\/\/www.europesays.com\/fr\/501806\/"},"modified":"2025-10-31T08:31:18","modified_gmt":"2025-10-31T08:31:18","slug":"la-ministre-deleguee-au-numerique-en-visite-ce-vendredi-en-ille-et-vilaine","status":"publish","type":"post","link":"https:\/\/www.europesays.com\/fr\/501806\/","title":{"rendered":"La ministre d\u00e9l\u00e9gu\u00e9e au Num\u00e9rique en visite ce vendredi en Ille-et-Vilaine"},"content":{"rendered":"<p><a href=\"https:\/\/vannes.maville.com\/actu\/actudet_-anne-le-henanff-deputee-de-vannes-nommee-au-gouvernement-tout-s-est-fait-en-une-heure-dimanche-_12-7018426_actu.Htm\" target=\"_blank\" rel=\"nofollow noopener\">Anne Le Henanff, ministre d\u00e9l\u00e9gu\u00e9e charg\u00e9e de l\u2019Intelligence artificielle et du Num\u00e9rique<\/a> va effectuer un d\u00e9placement en Ille-et-Vilaine, ce vendredi 31\u00a0octobre 2025. Une visite consacr\u00e9e <strong>\u00ab\u00a0aux enjeux de souverainet\u00e9 num\u00e9rique et de d\u00e9ploiement de l\u2019intelligence artificielle dans les territoires\u00a0\u00bb,<\/strong> indique son entourage. L\u2019occasion \u00e9galement de r\u00e9affirmer le soutien du Gouvernement \u00e0 la French Tech.<\/p>\n<p><strong>Lire aussi\u00a0:<\/strong> <a href=\"https:\/\/rennes.maville.com\/actu\/actudet_-nouveau-gouvernement-lecornu-qui-sont-les-trois-bretonnes-nommees-ministres-_7-7017176_actu.Htm\" rel=\"nofollow noopener\" target=\"_blank\">Qui sont les trois Bretonnes nomm\u00e9es ministres du gouvernement Lecornu\u00a0?<\/a><\/p>\n<p>Le data center de Noyal-sur-Vilaine<\/p>\n<p>La ministre visitera d\u2019abord le Cyberplace de Cesson-S\u00e9vign\u00e9, o\u00f9 elle \u00e9changera avec plusieurs entreprises. Elle se rendra ensuite au data center de Noyal-sur-Vilaine pour d\u00e9couvrir les installations et rencontrer les \u00e9quipes. <strong>\u00ab\u00a0Les data centers jouent un r\u00f4le cl\u00e9 dans le renforcement de la souverainet\u00e9 num\u00e9rique, afin que nos donn\u00e9es puissent \u00eatre localis\u00e9es en France.\u00a0\u00bb<\/strong><\/p>\n<p>\u00a0<\/p>\n","protected":false},"excerpt":{"rendered":"Anne Le Henanff, ministre d\u00e9l\u00e9gu\u00e9e charg\u00e9e de l\u2019Intelligence artificielle et du Num\u00e9rique va effectuer un d\u00e9placement en Ille-et-Vilaine,&hellip;\n","protected":false},"author":2,"featured_media":501807,"comment_status":"","ping_status":"","sticky":false,"template":"","format":"standard","meta":{"footnotes":""},"categories":[2821],"tags":[1111,11,829,10506,1777,674,1011,27,848,3784,12,4125,584,25,6949,510],"class_list":{"0":"post-501806","1":"post","2":"type-post","3":"status-publish","4":"format-standard","5":"has-post-thumbnail","7":"category-rennes","8":"tag-actu","9":"tag-actualites","10":"tag-bretagne","11":"tag-deleguee","12":"tag-eu","13":"tag-europe","14":"tag-fr","15":"tag-france","16":"tag-ille-et-vilaine","17":"tag-ministre","18":"tag-news","19":"tag-numerique","20":"tag-rennes","21":"tag-republique-francaise","22":"tag-vendredi","23":"tag-visite"},"share_on_mastodon":{"url":"https:\/\/pubeurope.com\/@fr\/115467851190054762","error":""},"_links":{"self":[{"href":"https:\/\/www.europesays.com\/fr\/wp-json\/wp\/v2\/posts\/501806","targetHints":{"allow":["GET"]}}],"collection":[{"href":"https:\/\/www.europesays.com\/fr\/wp-json\/wp\/v2\/posts"}],"about":[{"href":"https:\/\/www.europesays.com\/fr\/wp-json\/wp\/v2\/types\/post"}],"author":[{"embeddable":true,"href":"https:\/\/www.europesays.com\/fr\/wp-json\/wp\/v2\/users\/2"}],"replies":[{"embeddable":true,"href":"https:\/\/www.europesays.com\/fr\/wp-json\/wp\/v2\/comments?post=501806"}],"version-history":[{"count":0,"href":"https:\/\/www.europesays.com\/fr\/wp-json\/wp\/v2\/posts\/501806\/revisions"}],"wp:featuredmedia":[{"embeddable":true,"href":"https:\/\/www.europesays.com\/fr\/wp-json\/wp\/v2\/media\/501807"}],"wp:attachment":[{"href":"https:\/\/www.europesays.com\/fr\/wp-json\/wp\/v2\/media?parent=501806"}],"wp:term":[{"taxonomy":"category","embeddable":true,"href":"https:\/\/www.europesays.com\/fr\/wp-json\/wp\/v2\/categories?post=501806"},{"taxonomy":"post_tag","embeddable":true,"href":"https:\/\/www.europesays.com\/fr\/wp-json\/wp\/v2\/tags?post=501806"}],"curies":[{"name":"wp","href":"https:\/\/api.w.org\/{rel}","templated":true}]}}