{"id":501810,"date":"2025-10-31T08:33:12","date_gmt":"2025-10-31T08:33:12","guid":{"rendered":"https:\/\/www.europesays.com\/fr\/501810\/"},"modified":"2025-10-31T08:33:12","modified_gmt":"2025-10-31T08:33:12","slug":"des-decorations-sement-la-discorde-dans-la-commune","status":"publish","type":"post","link":"https:\/\/www.europesays.com\/fr\/501810\/","title":{"rendered":"des d\u00e9corations s\u00e8ment la discorde dans la commune"},"content":{"rendered":"<p>\u00c0 Reichstett, les employ\u00e9s du service technique ont carte blanche pour d\u00e9corer le village selon les saisons. \u00c0 No\u00ebl, \u00e0 P\u00e2ques ou pour toute occasion qui s\u2019y pr\u00eate, ils s\u2019en donnent \u00e0 c\u0153ur joie.<\/p>\n<p>Cette ann\u00e9e, \u00e0 l\u2019entr\u00e9e sud du village, ils ont sorti l\u2019attirail classique d\u2019Halloween, citrouilles et toiles d\u2019araign\u00e9es. \u00c0 l\u2019entr\u00e9e nord, plus \u00e9troite, ils ont eu l\u2019id\u00e9e de planter \u00ab\u00a0quatre croix dans les pots de g\u00e9raniums, en enfilade\u00a0\u00bb raconte le maire, Georges Schuler (LR).<\/p>\n<p>Les croix retir\u00e9es<\/p>\n<p>Cette d\u00e9coration a chagrin\u00e9 plusieurs seniors qui ont interpell\u00e9 leur maire\u00a0: \u00ab\u00a0Ils m\u2019ont&#8230;<\/p>\n","protected":false},"excerpt":{"rendered":"\u00c0 Reichstett, les employ\u00e9s du service technique ont carte blanche pour d\u00e9corer le village selon les saisons. \u00c0&hellip;\n","protected":false},"author":2,"featured_media":501811,"comment_status":"","ping_status":"","sticky":false,"template":"","format":"standard","meta":{"footnotes":""},"categories":[2820],"tags":[1111,11,1687,2880,1777,674,3326,107,1011,27,775,12,7092,25,640,3265],"class_list":{"0":"post-501810","1":"post","2":"type-post","3":"status-publish","4":"format-standard","5":"has-post-thumbnail","7":"category-strasbourg","8":"tag-actu","9":"tag-actualites","10":"tag-culture-loisirs","11":"tag-edition-strasbourg","12":"tag-eu","13":"tag-europe","14":"tag-fete-locale","15":"tag-fil-info","16":"tag-fr","17":"tag-france","18":"tag-grand-est","19":"tag-news","20":"tag-reichstett","21":"tag-republique-francaise","22":"tag-strasbourg","23":"tag-strasbourg-nord"},"share_on_mastodon":{"url":"https:\/\/pubeurope.com\/@fr\/115467859063352760","error":""},"_links":{"self":[{"href":"https:\/\/www.europesays.com\/fr\/wp-json\/wp\/v2\/posts\/501810","targetHints":{"allow":["GET"]}}],"collection":[{"href":"https:\/\/www.europesays.com\/fr\/wp-json\/wp\/v2\/posts"}],"about":[{"href":"https:\/\/www.europesays.com\/fr\/wp-json\/wp\/v2\/types\/post"}],"author":[{"embeddable":true,"href":"https:\/\/www.europesays.com\/fr\/wp-json\/wp\/v2\/users\/2"}],"replies":[{"embeddable":true,"href":"https:\/\/www.europesays.com\/fr\/wp-json\/wp\/v2\/comments?post=501810"}],"version-history":[{"count":0,"href":"https:\/\/www.europesays.com\/fr\/wp-json\/wp\/v2\/posts\/501810\/revisions"}],"wp:featuredmedia":[{"embeddable":true,"href":"https:\/\/www.europesays.com\/fr\/wp-json\/wp\/v2\/media\/501811"}],"wp:attachment":[{"href":"https:\/\/www.europesays.com\/fr\/wp-json\/wp\/v2\/media?parent=501810"}],"wp:term":[{"taxonomy":"category","embeddable":true,"href":"https:\/\/www.europesays.com\/fr\/wp-json\/wp\/v2\/categories?post=501810"},{"taxonomy":"post_tag","embeddable":true,"href":"https:\/\/www.europesays.com\/fr\/wp-json\/wp\/v2\/tags?post=501810"}],"curies":[{"name":"wp","href":"https:\/\/api.w.org\/{rel}","templated":true}]}}