{"id":501827,"date":"2025-10-31T08:44:16","date_gmt":"2025-10-31T08:44:16","guid":{"rendered":"https:\/\/www.europesays.com\/fr\/501827\/"},"modified":"2025-10-31T08:44:16","modified_gmt":"2025-10-31T08:44:16","slug":"une-personne-tuee-sur-lautoroute-a61","status":"publish","type":"post","link":"https:\/\/www.europesays.com\/fr\/501827\/","title":{"rendered":"une personne tu\u00e9e sur l&rsquo;autoroute A61"},"content":{"rendered":"<p>            Par<br \/>\n        <strong><br \/>\n            <a href=\"https:\/\/actu.fr\/auteur\/charles-dossantos\" title=\"Consulter tous les articles de Charles Dos Santos\" target=\"_blank\" rel=\"noopener\">Charles Dos Santos<\/a><br \/>\n        <\/strong><\/p>\n<p>        Publi\u00e9 le<\/p>\n<p>            31 oct. 2025 \u00e0 9h34        <\/p>\n<p>Peu avant 7\u2009h, vendredi 31\u00a0octobre, une terrible collision s\u2019est produite sur l\u2019autoroute A61, au point kilom\u00e9trique 289, dans le sens reliant <a href=\"https:\/\/actu.fr\/occitanie\/narbonne_11262\" target=\"_blank\" rel=\"noopener\"><strong>Narbonne<\/strong><\/a> (<a href=\"https:\/\/actu.fr\/occitanie\/aude_11\/faits-divers\" target=\"_blank\" rel=\"noopener\"><strong>Aude<\/strong><\/a>) et <a href=\"https:\/\/actu.fr\/toulouse\/dernieres-actus\" target=\"_blank\" rel=\"noopener\"><strong>Toulouse<\/strong><\/a> (<a href=\"https:\/\/actu.fr\/occitanie\/layrac-sur-tarn_31288\/grave-accident-de-la-route-au-nord-est-de-toulouse-deux-personnes-grievement-blessees_63375621.html\" target=\"_blank\" rel=\"noopener\"><strong>Haute-Garonne<\/strong><\/a>). Plusieurs voitures sont entr\u00e9es en collision. Une personne a \u00e9t\u00e9 tu\u00e9e dans ce drame de la route.<\/p>\n<p>Circulation sur une voie<\/p>\n<p class=\" wall-content\">Selon les premiers \u00e9l\u00e9ments, l\u2019accident a impliqu\u00e9 trois v\u00e9hicules circulant dans le m\u00eame sens de circulation, en direction de la capitale r\u00e9gionale. Les secours ont \u00e9t\u00e9 d\u00e9clench\u00e9s \u00e0 6\u2009h\u200957.<\/p>\n<p class=\" wall-content\">\u00c0 leur arriv\u00e9e sur les lieux, ils ont pris en charge <strong>plusieurs personnes bless\u00e9es<\/strong> dont une en arr\u00eat cardio-respiratoire. Elle a \u00e9t\u00e9 d\u00e9clar\u00e9e <strong>d\u00e9c\u00e9d\u00e9e<\/strong> par le m\u00e9decin du Samu, malgr\u00e9 les massages cardiaques prodigu\u00e9s sur place.<\/p>\n<p class=\" wall-content\">Un autre individu, plus l\u00e9g\u00e8rement bless\u00e9, a \u00e9t\u00e9 transport\u00e9 vers le centre hospitalier de <strong>Castelnaudary<\/strong>. Les <strong>gendarmes de l\u2019Aude<\/strong> ainsi que des <strong>techniciens de Vinci Autoroutes<\/strong> se sont rendus sur les lieux du drame.<\/p>\n<p>Vid\u00e9os : en ce moment sur Actu<\/p>\n<p class=\" wall-content\">Sollicit\u00e9es par <a href=\"https:\/\/actu.fr\/occitanie\/dernieres-actus\" target=\"_blank\" rel=\"noopener\">Actu.fr<\/a>, les \u00e9quipes de Vinci Autoroutes font savoir que \u00ab\u2009<strong>la voie de droite<\/strong> en direction de Toulouse est <strong>totalement neutralis\u00e9e<\/strong>\u2009\u00bb et que, \u00ab\u2009pour l\u2019instant la circulation vers la Haute-Garonne ne se fait <strong>que sur la voie de gauche <\/strong>\u00bb.<\/p>\n<p class=\" wall-content\">Plus d\u2019informations \u00e0 venir\u2026<\/p>\n<p class=\" wall-content\">Personnalisez votre actualit\u00e9 en ajoutant vos villes et m\u00e9dias en favori avec <a href=\"https:\/\/moncompte.actu.fr\" title=\"D\u00e9couvez Mon Actu\" rel=\"nofollow noopener\" data-trk=\"{&quot;cta&quot;:{&quot;action&quot;:&quot;https:\\\/\\\/moncompte.actu.fr&quot;,&quot;category&quot;:&quot;mon compte&quot;,&quot;from&quot;:&quot;article footer&quot;,&quot;name&quot;:&quot;Mon actu&quot;,&quot;type&quot;:&quot;cta&quot;}}\" target=\"_blank\">Mon Actu<\/a>.<\/p>\n","protected":false},"excerpt":{"rendered":"Par Charles Dos Santos Publi\u00e9 le 31 oct. 2025 \u00e0 9h34 Peu avant 7\u2009h, vendredi 31\u00a0octobre, une terrible&hellip;\n","protected":false},"author":2,"featured_media":207697,"comment_status":"","ping_status":"","sticky":false,"template":"","format":"standard","meta":{"footnotes":""},"categories":[2816],"tags":[1111,11,10437,3542,1777,674,118,1011,27,12,2680,25,2312],"class_list":{"0":"post-501827","1":"post","2":"type-post","3":"status-publish","4":"format-standard","5":"has-post-thumbnail","7":"category-toulouse","8":"tag-actu","9":"tag-actualites","10":"tag-autoroute-61-a61","11":"tag-circulation","12":"tag-eu","13":"tag-europe","14":"tag-faits-divers","15":"tag-fr","16":"tag-france","17":"tag-news","18":"tag-occitanie","19":"tag-republique-francaise","20":"tag-toulouse"},"share_on_mastodon":{"url":"https:\/\/pubeurope.com\/@fr\/115467902322309006","error":""},"_links":{"self":[{"href":"https:\/\/www.europesays.com\/fr\/wp-json\/wp\/v2\/posts\/501827","targetHints":{"allow":["GET"]}}],"collection":[{"href":"https:\/\/www.europesays.com\/fr\/wp-json\/wp\/v2\/posts"}],"about":[{"href":"https:\/\/www.europesays.com\/fr\/wp-json\/wp\/v2\/types\/post"}],"author":[{"embeddable":true,"href":"https:\/\/www.europesays.com\/fr\/wp-json\/wp\/v2\/users\/2"}],"replies":[{"embeddable":true,"href":"https:\/\/www.europesays.com\/fr\/wp-json\/wp\/v2\/comments?post=501827"}],"version-history":[{"count":0,"href":"https:\/\/www.europesays.com\/fr\/wp-json\/wp\/v2\/posts\/501827\/revisions"}],"wp:featuredmedia":[{"embeddable":true,"href":"https:\/\/www.europesays.com\/fr\/wp-json\/wp\/v2\/media\/207697"}],"wp:attachment":[{"href":"https:\/\/www.europesays.com\/fr\/wp-json\/wp\/v2\/media?parent=501827"}],"wp:term":[{"taxonomy":"category","embeddable":true,"href":"https:\/\/www.europesays.com\/fr\/wp-json\/wp\/v2\/categories?post=501827"},{"taxonomy":"post_tag","embeddable":true,"href":"https:\/\/www.europesays.com\/fr\/wp-json\/wp\/v2\/tags?post=501827"}],"curies":[{"name":"wp","href":"https:\/\/api.w.org\/{rel}","templated":true}]}}