{"id":501835,"date":"2025-10-31T08:49:11","date_gmt":"2025-10-31T08:49:11","guid":{"rendered":"https:\/\/www.europesays.com\/fr\/501835\/"},"modified":"2025-10-31T08:49:11","modified_gmt":"2025-10-31T08:49:11","slug":"la-navette-fluviale-a-larret-a-lyon","status":"publish","type":"post","link":"https:\/\/www.europesays.com\/fr\/501835\/","title":{"rendered":"la navette fluviale \u00e0 l&rsquo;arr\u00eat \u00e0 Lyon"},"content":{"rendered":"<p>La Sa\u00f4ne est en vigilance jaune pour crue. Cela signifique qu&rsquo;il existe un \u00ab\u00a0risque de crue g\u00e9n\u00e9ratrice de d\u00e9bordements\u00a0\u00bb. <\/p>\n<p>Dans les faits, \u00ab\u00a0les pluies observ\u00e9es jeudi matin n&rsquo;entra\u00eenent pas de nouvelles r\u00e9actions importantes\u00a0\u00bb, pr\u00e9cise dans son bulletin Vigicrues, service d&rsquo;information sur le risque de crues des principaux cours d&rsquo;eau en France.<\/p>\n<p>Des pr\u00e9visions \u00e0 2,95 m\u00e8tres ce soir<\/p>\n<p>Une accalmie est m\u00eame annonc\u00e9e jusqu&rsquo;\u00e0 samedi en\u00a0apr\u00e8s-midi sur le territoire du Rh\u00f4ne \u00ab\u00a0permettant une baisse g\u00e9n\u00e9ralis\u00e9e des niveaux des cours d&rsquo;eau\u00a0\u00bb. N\u00e9anmoins, \u00ab\u00a0la Sa\u00f4ne moyenne et le tron\u00e7on de la Sa\u00f4ne \u00e0 Lyon (allant de l&rsquo;\u00eele Barbe \u00e0 la confluence avec le Rh\u00f4ne) restent \u00e0 la hausse pour les prochaines 24 heures \u00bb et n\u00e9cessite une surveillance.<\/p>\n<p>Ce vendredi, \u00e0 8 h 30, le niveau de la Sa\u00f4ne, mesur\u00e9e au pont de la Feuill\u00e9e, entre le 1er et la 5e arrondissement de Lyon atteignait les 2,88 m\u00e8tres. Les pr\u00e9visions sont de 2,95 m\u00e8tres \u00e0 20 heures.\u00a0<\/p>\n<p>Ce contenu est bloqu\u00e9 car vous n&rsquo;avez pas accept\u00e9 les cookies et autres traceurs.<\/p>\n<p>En cliquant sur \u00ab J\u2019accepte \u00bb, les cookies et autres traceurs seront d\u00e9pos\u00e9s et vous pourrez visualiser les contenus  (<a href=\"\" class=\"consentModule_policy\" target=\"_blank\" title=\"Consulter la politique de protection des donn\u00e9es du fournisseur\">plus d&rsquo;informations<\/a>).<\/p>\n<p>En cliquant sur \u00ab J\u2019accepte tous les cookies \u00bb, vous autorisez des d\u00e9p\u00f4ts de cookies et autres traceurs pour le stockage de vos donn\u00e9es sur nos sites et applications \u00e0 des fins de personnalisation et de ciblage publicitaire.<\/p>\n<p class=\"consentModule_secondaryText\">Vous gardez la possibilit\u00e9 de retirer votre consentement \u00e0 tout moment en consultant notre <a href=\"https:\/\/www.leprogres.fr\/protection-des-donnees\" target=\"_blank\" title=\"Consulter notre politique de protection des donn\u00e9es\" rel=\"nofollow noopener\">politique de protection des donn\u00e9es<\/a>. <br \/>&#13;<br \/>\n            <a href=\"https:\/\/www.leprogres.fr\/environnement\/2025\/10\/31\/javascript:Didomi.notice.show()\" class=\"consentModule_cmp\" rel=\"nofollow noopener\" target=\"_blank\">G\u00e9rer mes choix<\/a>&#13;\n        <\/p>\n<p>&#13;<br \/>\n                        J&rsquo;accepte&#13;<br \/>\n            J&rsquo;accepte tous les cookies&#13;\n        <\/p>\n","protected":false},"excerpt":{"rendered":"La Sa\u00f4ne est en vigilance jaune pour crue. Cela signifique qu&rsquo;il existe un \u00ab\u00a0risque de crue g\u00e9n\u00e9ratrice de&hellip;\n","protected":false},"author":2,"featured_media":501836,"comment_status":"","ping_status":"","sticky":false,"template":"","format":"standard","meta":{"footnotes":""},"categories":[1889],"tags":[1111,11,2430,2757,1777,674,107,1011,27,2428,8423,12,25,2429,1097,2803],"class_list":{"0":"post-501835","1":"post","2":"type-post","3":"status-publish","4":"format-standard","5":"has-post-thumbnail","7":"category-lyon","8":"tag-actu","9":"tag-actualites","10":"tag-auvergne-rhone-alpes","11":"tag-edition-lyon-villeurbanne","12":"tag-eu","13":"tag-europe","14":"tag-fil-info","15":"tag-fr","16":"tag-france","17":"tag-lyon","18":"tag-meteorologie-climat","19":"tag-news","20":"tag-republique-francaise","21":"tag-rhone","22":"tag-trafic","23":"tag-transport"},"share_on_mastodon":{"url":"https:\/\/pubeurope.com\/@fr\/115467922094549019","error":""},"_links":{"self":[{"href":"https:\/\/www.europesays.com\/fr\/wp-json\/wp\/v2\/posts\/501835","targetHints":{"allow":["GET"]}}],"collection":[{"href":"https:\/\/www.europesays.com\/fr\/wp-json\/wp\/v2\/posts"}],"about":[{"href":"https:\/\/www.europesays.com\/fr\/wp-json\/wp\/v2\/types\/post"}],"author":[{"embeddable":true,"href":"https:\/\/www.europesays.com\/fr\/wp-json\/wp\/v2\/users\/2"}],"replies":[{"embeddable":true,"href":"https:\/\/www.europesays.com\/fr\/wp-json\/wp\/v2\/comments?post=501835"}],"version-history":[{"count":0,"href":"https:\/\/www.europesays.com\/fr\/wp-json\/wp\/v2\/posts\/501835\/revisions"}],"wp:featuredmedia":[{"embeddable":true,"href":"https:\/\/www.europesays.com\/fr\/wp-json\/wp\/v2\/media\/501836"}],"wp:attachment":[{"href":"https:\/\/www.europesays.com\/fr\/wp-json\/wp\/v2\/media?parent=501835"}],"wp:term":[{"taxonomy":"category","embeddable":true,"href":"https:\/\/www.europesays.com\/fr\/wp-json\/wp\/v2\/categories?post=501835"},{"taxonomy":"post_tag","embeddable":true,"href":"https:\/\/www.europesays.com\/fr\/wp-json\/wp\/v2\/tags?post=501835"}],"curies":[{"name":"wp","href":"https:\/\/api.w.org\/{rel}","templated":true}]}}