{"id":501837,"date":"2025-10-31T08:50:15","date_gmt":"2025-10-31T08:50:15","guid":{"rendered":"https:\/\/www.europesays.com\/fr\/501837\/"},"modified":"2025-10-31T08:50:15","modified_gmt":"2025-10-31T08:50:15","slug":"toute-lactualite-de-ce-vendredi-31-octobre-2025-a-lyon","status":"publish","type":"post","link":"https:\/\/www.europesays.com\/fr\/501837\/","title":{"rendered":"Toute l&rsquo;actualit\u00e9 de ce vendredi 31 octobre 2025 \u00e0 Lyon"},"content":{"rendered":"<p>A la une de l\u2019info \u00e0 Lyon : braquage spectaculaire mais rapidement d\u00e9jou\u00e9 \u00e0 Lyon 7, hausse du nombre de demandeurs d\u2019emploi en Auvergne-Rh\u00f4ne-Alpes, hommage aux combattants africains \u00e0 la N\u00e9cropole de la Doua, le Coquelicot Bar et ses plantes aromatiques \u00e0 la Guilloti\u00e8re, le Festival intercommunal Sa\u00f4ne en Sc\u00e8nes\u2026<\/p>\n<p>ECOUTEZ LE 1\/4H LYONNAIS\u2026 Toute l\u2019actualit\u00e9 de ce vendredi 31 octobre 2025<\/p>\n<p>LE 1\/4H LYONNAIS | vendredi 31 octobre 2025<\/p>\n<p><strong>Cinq malfaiteurs lourdement arm\u00e9s<\/strong> d\u00e9robent un butin de 18 millions d\u2019euros au <strong>laboratoire Pourquery<\/strong> dans le 7e arrondissement\u2026 Avant d\u2019\u00eatre <strong>interpell\u00e9s<\/strong> dans leur appartement surveill\u00e9 par la BRI. <strong>L\u2019or r\u00e9cup\u00e9r\u00e9<\/strong> dans la foul\u00e9e\u2026<\/p>\n<p><strong>629 900 personnes inscrites \u00e0 France Travail<\/strong> en <strong>Auvergne-Rh\u00f4ne-Alpes<\/strong> au <strong>3e trimestre 2025<\/strong>. Hausse de + 1,2 % sur un trimestre et de + 5,3 % sur un an.<\/p>\n<p>Ce samedi 1er novembre, une <strong>c\u00e9r\u00e9monie d\u2019hommage aux combattants africains<\/strong> tu\u00e9s pendant les Premi\u00e8re et Seconde guerres mondiales. <strong>Africa50<\/strong> organise cette c\u00e9r\u00e9monie \u00e0 la <strong>N\u00e9cropole de la Doua<\/strong>.<\/p>\n<p>Ecoutez aussi : <a href=\"https:\/\/www.lyondemain.fr\/soin-des-souvenirs-cimetiere-entretien-tombes\/\" target=\"_blank\" rel=\"noreferrer noopener\">Soin des Souvenirs : Anthony brique vos s\u00e9pultures<\/a><\/p>\n<p>Egalement dans l\u2019actualit\u00e9 de ce vendredi 31 octobre<\/p>\n<p>Le <strong>centre-ville toujours plus attractif<\/strong> sur le plan commercial. En t\u00e9moignent les <strong>nombreuses nouvelles implantations commerciales<\/strong>\u2026 <strong>Margaux En\u00e9e<\/strong> et <strong>Marianne Perret<\/strong>, deux jeunes femmes, sont \u00e0 l\u2019origine du <strong>Coquelicot Bar<\/strong>, Des <strong>plantes aromatiques<\/strong> de saison pour des <strong>cocktails traditionnels avec alcool<\/strong> ou des <strong>mocktails sans alcool<\/strong><\/p>\n<p><strong>Marianne Perret<\/strong>, cofondatrice du <strong>Coquelicot Bar<\/strong>, au <strong>21 rue Pasteur<\/strong> \u00e0 la <strong>Guilloti\u00e8re<\/strong>, est notre invit\u00e9e<\/p>\n<blockquote class=\"instagram-media\" data-instgrm-captioned=\"\" data-instgrm-permalink=\"https:\/\/www.instagram.com\/p\/DQYtsr2DbHl\/?utm_source=ig_embed&amp;utm_campaign=loading\" data-instgrm-version=\"14\" style=\" background:#FFF; border:0; border-radius:3px; box-shadow:0 0 1px 0 rgba(0,0,0,0.5),0 1px 10px 0 rgba(0,0,0,0.15); margin: 1px; max-width:540px; min-width:326px; padding:0; width:99.375%; width:-webkit-calc(100% - 2px); width:calc(100% - 2px);\"\/>\n<p>Basket \u2013 Euroligue : l\u2019ASVEL a conc\u00e9d\u00e9 une nouvelle. A kaunas, face au Zalgiris, l<\/p>\n<p>Le <strong>Festival intercommunal <\/strong><a href=\"https:\/\/www.saoneenscenes.fr\/\" target=\"_blank\" rel=\"noreferrer noopener\"><strong>Sa\u00f4ne en Sc\u00e8ne<\/strong>s<\/a> d\u00e9marre ce samedi \u00e0 la salle du Vallon de <strong>Curis-au-Mont-d\u2019Or<\/strong>, avec <strong>les Innocents<\/strong> et <strong>Marie Urbain<\/strong>.<\/p>\n<p>Ecoutez ausi : <a href=\"https:\/\/www.lyondemain.fr\/actualite-de-ce-jeudi-30-octobre-voyage-de-noz-anniversaire-stephane-petrier\/\" target=\"_blank\" rel=\"noreferrer noopener\">Toute l\u2019actualit\u00e9 de ce jeudi 30 octobre 2025 \u00e0 Lyon<\/a><\/p>\n<p><img fetchpriority=\"high\" decoding=\"async\" width=\"1200\" height=\"675\" src=\"https:\/\/www.europesays.com\/fr\/wp-content\/uploads\/2025\/10\/actualite-de-ce-vendredi-31-octobre-2025.jpg\" alt=\"actualit\u00e9 de ce vendredi 31 octobre 2025 info \u00e0 Lyon\" class=\"wp-image-252218\"  \/>Retrouvez aussi le Quart d\u2019Heure Lyonnais de Lyon Demain sur les antennes de Radio Pluriel (Lyon). Radio Salam (Lyon, Saint-Etienne et Bourg) et Radio Arm\u00e9nie (Lyon et Vienne)<br \/>\nJ\u2019aime \u00e7a\u00a0:<\/p>\n<p>J\u2019aime chargement\u2026<\/p>\n<p><a class=\"sd-link-color\"\/><\/p>\n<p>\n\tArticles similaires\n<\/p>\n<p>\t\t\t\t<img decoding=\"async\" src=\"https:\/\/www.europesays.com\/fr\/wp-content\/uploads\/2025\/10\/1761900615_203_7866158698e17e8ed633c05e8f8e7fe5d9e057ad78661c4dc34e413abb6b9f19\" alt=\"G\u00e9rald Bouchon\"\/><\/p>\n<p>Pionnier des radios libres, passionn\u00e9 de radio, journaliste et dirigeant de m\u00e9dias \u00e9co-responsables..<\/p>\n<p>\t\t\t<script async src=\"\/\/www.instagram.com\/embed.js\"><\/script><\/p>\n","protected":false},"excerpt":{"rendered":"A la une de l\u2019info \u00e0 Lyon : braquage spectaculaire mais rapidement d\u00e9jou\u00e9 \u00e0 Lyon 7, hausse du&hellip;\n","protected":false},"author":2,"featured_media":501838,"comment_status":"","ping_status":"","sticky":false,"template":"","format":"standard","meta":{"footnotes":""},"categories":[1889],"tags":[1111,11,62379,62380,2190,2430,37579,1465,6941,214,6313,62381,215,4156,62382,341,1777,674,849,1011,27,23173,708,62383,62384,2428,62385,12,62386,62387,25,62388],"class_list":{"0":"post-501837","1":"post","2":"type-post","3":"status-publish","4":"format-standard","5":"has-post-thumbnail","7":"category-lyon","8":"tag-actu","9":"tag-actualites","10":"tag-africa-50","11":"tag-anciens-combattants","12":"tag-asvel","13":"tag-auvergne-rhone-alpes","14":"tag-bar-a-cocktails","15":"tag-basket","16":"tag-braquage","17":"tag-chomage","18":"tag-cimetiere","19":"tag-cocktails-festifs","20":"tag-commerce","21":"tag-concerts","22":"tag-coquelicot-bar","23":"tag-emploi","24":"tag-eu","25":"tag-europe","26":"tag-festival","27":"tag-fr","28":"tag-france","29":"tag-guillotiere","30":"tag-humour","31":"tag-la-doua","32":"tag-les-innocents","33":"tag-lyon","34":"tag-necropole","35":"tag-news","36":"tag-plantes-aromatiques","37":"tag-pourquery","38":"tag-republique-francaise","39":"tag-saone-en-scene"},"share_on_mastodon":{"url":"https:\/\/pubeurope.com\/@fr\/115467926675429001","error":""},"_links":{"self":[{"href":"https:\/\/www.europesays.com\/fr\/wp-json\/wp\/v2\/posts\/501837","targetHints":{"allow":["GET"]}}],"collection":[{"href":"https:\/\/www.europesays.com\/fr\/wp-json\/wp\/v2\/posts"}],"about":[{"href":"https:\/\/www.europesays.com\/fr\/wp-json\/wp\/v2\/types\/post"}],"author":[{"embeddable":true,"href":"https:\/\/www.europesays.com\/fr\/wp-json\/wp\/v2\/users\/2"}],"replies":[{"embeddable":true,"href":"https:\/\/www.europesays.com\/fr\/wp-json\/wp\/v2\/comments?post=501837"}],"version-history":[{"count":0,"href":"https:\/\/www.europesays.com\/fr\/wp-json\/wp\/v2\/posts\/501837\/revisions"}],"wp:featuredmedia":[{"embeddable":true,"href":"https:\/\/www.europesays.com\/fr\/wp-json\/wp\/v2\/media\/501838"}],"wp:attachment":[{"href":"https:\/\/www.europesays.com\/fr\/wp-json\/wp\/v2\/media?parent=501837"}],"wp:term":[{"taxonomy":"category","embeddable":true,"href":"https:\/\/www.europesays.com\/fr\/wp-json\/wp\/v2\/categories?post=501837"},{"taxonomy":"post_tag","embeddable":true,"href":"https:\/\/www.europesays.com\/fr\/wp-json\/wp\/v2\/tags?post=501837"}],"curies":[{"name":"wp","href":"https:\/\/api.w.org\/{rel}","templated":true}]}}