{"id":501851,"date":"2025-10-31T08:58:16","date_gmt":"2025-10-31T08:58:16","guid":{"rendered":"https:\/\/www.europesays.com\/fr\/501851\/"},"modified":"2025-10-31T08:58:16","modified_gmt":"2025-10-31T08:58:16","slug":"a-pokrovsk-des-combats-acharnes-face-a-loffensive-russe-qui-sintensifie","status":"publish","type":"post","link":"https:\/\/www.europesays.com\/fr\/501851\/","title":{"rendered":"\u00e0 Pokrovsk, des combats acharn\u00e9s face \u00e0 l&rsquo;offensive russe qui s&rsquo;intensifie"},"content":{"rendered":"<p class=\"mb-4 text-lg md:leading-8 break-words\">En Ukraine, la ville de Pokrovsk dans la r\u00e9gion de Donetsk est au c\u0153ur de toutes les inqui\u00e9tudes. L&rsquo;offensive russe s&rsquo;y est intensifi\u00e9e ces derniers jours et l&rsquo;avantage num\u00e9rique est en faveur des troupes de Moscou.<\/p>\n<p class=\"mb-4 text-lg md:leading-8 break-words\">Avec notre envoy\u00e9e sp\u00e9ciale \u00e0 Kharkiv, <strong>Emmanuelle Chaze<\/strong><\/p>\n<p class=\"mb-4 text-lg md:leading-8 break-words\">Les <strong><a href=\"https:\/\/www.rfi.fr\/fr\/tag\/russie\/\" rel=\"nofollow noopener\" target=\"_blank\" data-ylk=\"slk:Russes;elm:context_link;itc:0;sec:content-canvas\" class=\"link \">Russes<\/a><\/strong> sont aux portes de <strong><a href=\"https:\/\/www.rfi.fr\/fr\/tag\/ukraine\/\" rel=\"nofollow noopener\" target=\"_blank\" data-ylk=\"slk:Pokrovsk;elm:context_link;itc:0;sec:content-canvas\" class=\"link \">Pokrovsk<\/a><\/strong> depuis plus d&rsquo;un an. Ils ont men\u00e9 des incursions r\u00e9p\u00e9t\u00e9es dans le centre-ville depuis cet \u00e9t\u00e9, incursions jusqu&rsquo;\u00e0 pr\u00e9sent \u00e9limin\u00e9es par l&rsquo;arm\u00e9e ukrainienne. Mais ces derniers jours, la situation semble s&rsquo;\u00eatre consid\u00e9rablement d\u00e9grad\u00e9e. Kiev admet que ses troupes se battent dans la ville \u00e0 8 contre 1 et c\u00f4t\u00e9 russe, des exactions contre les civils toujours sur place ont \u00e9t\u00e9 commises.<\/p>\n<p class=\"mb-4 text-lg md:leading-8 break-words\">Selon <strong><a href=\"https:\/\/www.rfi.fr\/fr\/podcasts\/accents-d-europe\/20251027-quelles-troupes-pour-combattre-au-sol-en-ukraine\" rel=\"nofollow noopener\" target=\"_blank\" data-ylk=\"slk:l&#039;arm\u00e9e ukrainienne;elm:context_link;itc:0;sec:content-canvas\" class=\"link \">l&rsquo;arm\u00e9e ukrainienne<\/a><\/strong>, il y aurait plus de 200 soldats russes dans la ville et la Russie aurait rassembl\u00e9 11\u00a0000 hommes aux alentours. Les combats sont donc acharn\u00e9s pour la d\u00e9fense de cette ville-cl\u00e9 du Donbass, autrefois centre logistique incontournable de l&rsquo;effort de guerre ukrainien dans la r\u00e9gion.<\/p>\n<p class=\"mb-4 text-lg md:leading-8 break-words\">Cet assaut continu sur Pokrovsk et sur la ville-satellite de Myrnohrad menace de couper les troupes ukrainiennes de leurs voies d&rsquo;approvisionnement, mais pour l&rsquo;instant Kiev r\u00e9fute l&rsquo;encerclement complet de la ville.<\/p>\n<p>Un quotidien fortement impact\u00e9<\/p>\n<p class=\"mb-4 text-lg md:leading-8 break-words\">Ces attaques r\u00e9p\u00e9t\u00e9es, quasi quotidiennes, impactent fortement le quotidien des Ukrainiens. Jeudi, plus de 650 drones et 50 missiles ont \u00e9t\u00e9 lanc\u00e9s par Moscou contre l&rsquo;Ukraine. \u00c0 Sloviansk dans la r\u00e9gion de Donetsk, une centrale thermique a \u00e9t\u00e9 d\u00e9truite lors d&rsquo;une frappe russe qui a tu\u00e9 deux personnes.<\/p>\n<p class=\"mb-4 text-lg md:leading-8 break-words\">Ailleurs dans le pays, DTEK, le premier fournisseur priv\u00e9 d&rsquo;\u00e9nergie, d\u00e9j\u00e0 frapp\u00e9 \u00e0 plus de 200 reprises depuis 2022, d\u00e9nonce des attaques sur plusieurs de ses centrales. \u00c0 l&rsquo;entr\u00e9e de l&rsquo;hiver, l&rsquo;ensemble du pays vit d\u00e9sormais au rythme des blackouts, des coupures de courant, de chauffage et d&rsquo;eau.<\/p>\n<p class=\"mb-4 text-lg md:leading-8 break-words\">\u00c0 lire aussi<a href=\"https:\/\/fr.news.yahoo.com\/ciel-belgorod-%C3%A0-fronti%C3%A8re-lukraine-054951460.html\" class=\"link  yahoo-link\" data-ylk=\"slk:Dans le ciel de Belgorod, \u00e0 la fronti\u00e8re avec l&#039;Ukraine, la guerre des drones;elm:context_link;itc:0;sec:content-canvas;outcm:mb_qualified_link;_E:mb_qualified_link;ct:story;\" rel=\"nofollow noopener\" target=\"_blank\">Dans le ciel de Belgorod, \u00e0 la fronti\u00e8re avec l&rsquo;Ukraine, la guerre des drones<\/a><\/p>\n","protected":false},"excerpt":{"rendered":"En Ukraine, la ville de Pokrovsk dans la r\u00e9gion de Donetsk est au c\u0153ur de toutes les inqui\u00e9tudes.&hellip;\n","protected":false},"author":2,"featured_media":501852,"comment_status":"","ping_status":"","sticky":false,"template":"","format":"standard","meta":{"footnotes":""},"categories":[1590],"tags":[11,29539,1777,674,2794,12,62389,220],"class_list":{"0":"post-501851","1":"post","2":"type-post","3":"status-publish","4":"format-standard","5":"has-post-thumbnail","7":"category-ukraine","8":"tag-actualites","9":"tag-donetsk","10":"tag-eu","11":"tag-europe","12":"tag-la-region","13":"tag-news","14":"tag-pokrovsk","15":"tag-ukraine"},"share_on_mastodon":{"url":"https:\/\/pubeurope.com\/@fr\/115467957289330196","error":""},"_links":{"self":[{"href":"https:\/\/www.europesays.com\/fr\/wp-json\/wp\/v2\/posts\/501851","targetHints":{"allow":["GET"]}}],"collection":[{"href":"https:\/\/www.europesays.com\/fr\/wp-json\/wp\/v2\/posts"}],"about":[{"href":"https:\/\/www.europesays.com\/fr\/wp-json\/wp\/v2\/types\/post"}],"author":[{"embeddable":true,"href":"https:\/\/www.europesays.com\/fr\/wp-json\/wp\/v2\/users\/2"}],"replies":[{"embeddable":true,"href":"https:\/\/www.europesays.com\/fr\/wp-json\/wp\/v2\/comments?post=501851"}],"version-history":[{"count":0,"href":"https:\/\/www.europesays.com\/fr\/wp-json\/wp\/v2\/posts\/501851\/revisions"}],"wp:featuredmedia":[{"embeddable":true,"href":"https:\/\/www.europesays.com\/fr\/wp-json\/wp\/v2\/media\/501852"}],"wp:attachment":[{"href":"https:\/\/www.europesays.com\/fr\/wp-json\/wp\/v2\/media?parent=501851"}],"wp:term":[{"taxonomy":"category","embeddable":true,"href":"https:\/\/www.europesays.com\/fr\/wp-json\/wp\/v2\/categories?post=501851"},{"taxonomy":"post_tag","embeddable":true,"href":"https:\/\/www.europesays.com\/fr\/wp-json\/wp\/v2\/tags?post=501851"}],"curies":[{"name":"wp","href":"https:\/\/api.w.org\/{rel}","templated":true}]}}