{"id":501853,"date":"2025-10-31T08:59:11","date_gmt":"2025-10-31T08:59:11","guid":{"rendered":"https:\/\/www.europesays.com\/fr\/501853\/"},"modified":"2025-10-31T08:59:11","modified_gmt":"2025-10-31T08:59:11","slug":"limpact-enorme-du-contrat-de-diffusion-de-la-f1-aux-usa-avec-apple-tv","status":"publish","type":"post","link":"https:\/\/www.europesays.com\/fr\/501853\/","title":{"rendered":"L&rsquo;impact \u00e9norme du contrat de diffusion de la F1 aux USA avec Apple TV +"},"content":{"rendered":"<p>L\u2019entente \u00e9tablie entre Apple et la F1 marque une grande \u00e9tape dans la mani\u00e8re dont le sport sera diffus\u00e9 \u00e0 l\u2019avenir en dehors des canaux traditionnels, sur un march\u00e9 aussi important que les Etats-Unis. Un contrat de 5 ans et 750 millions de dollars a \u00e9t\u00e9 sign\u00e9 entre le promoteur de la discipline et le service de streaming, qui proposera ainsi les courses en tant que diffuseur unique et officiel aux USA.<\/p>\n<p>\u00ab\u00a0Nous nous connaissons bien, ayant pass\u00e9 les trois derni\u00e8res ann\u00e9es \u00e0 travailler ensemble pour cr\u00e9er F1: The Movie, qui a d\u00e9j\u00e0 connu un \u00e9norme succ\u00e8s dans le monde entier. Nous partageons la m\u00eame vision : faire d\u00e9couvrir ce sport extraordinaire \u00e0 nos fans aux \u00c9tats-Unis et attirer de nouveaux fans gr\u00e2ce \u00e0 des retransmissions en direct, des contenus attrayants et une approche tout au long de l\u2019ann\u00e9e pour les fid\u00e9liser\u00a0\u00bb, a tenu \u00e0 saluer Stefano Domenicali, PDG de la Formule 1, au moment de commenter le partenariat retentissant avec Apple TV +.<\/p>\n<p>\u00ab Nous sommes ravis de renforcer notre relation avec la Formule 1 et d\u2019offrir aux abonn\u00e9s Apple TV aux \u00c9tats-Unis un acc\u00e8s privil\u00e9gi\u00e9 \u00e0 l\u2019un des sports les plus passionnants et les plus dynamiques de la plan\u00e8te \u00bb, a ajout\u00e9 Eddy Cue, vice-pr\u00e9sident senior des services chez Apple.<\/p>\n<p>\u00ab 2026 marque une nouvelle \u00e8re de transformation pour la Formule 1, avec de nouvelles \u00e9quipes, de nouvelles r\u00e9glementations et de nouvelles voitures pilot\u00e9es par les meilleurs pilotes du monde. Nous sommes impatients d\u2019offrir \u00e0 nos clients une couverture premium et innovante, ax\u00e9e sur les fans, d\u2019une mani\u00e8re que seul Apple peut offrir. \u00bb<\/p>\n<p>Apple TV+ d\u00e9tient \u00e9galement les droits mondiaux pour le Friday Night Baseball de la Major League Baseball (MLB) et le Sunday Night Soccer de la Major League Soccer (MLS). La plateforme distribue \u00e9galement le MLS Season Pass en tant que module compl\u00e9mentaire.<\/p>\n<p>Il est difficile de suivre le nombre de propri\u00e9t\u00e9s sportives auxquelles Apple a \u00e9t\u00e9 associ\u00e9 au cours des derni\u00e8res ann\u00e9es, d\u2019autant plus que plusieurs rapports d\u2019int\u00e9r\u00eat ont \u00e9t\u00e9 fabriqu\u00e9s de toutes pi\u00e8ces par ceux qui ont tout int\u00e9r\u00eat \u00e0 faire monter la valeur de leurs contrats.<\/p>\n<p>Ainsi, m\u00eame lorsque les discussions sur un accord entre Apple et la Formule 1 se sont intensifi\u00e9es, un certain scepticisme persistait. Apple TV, qui reste une plateforme relativement niche aux \u00c9tats-Unis, \u00e9tait-elle le bon choix pour la Formule 1 \u00e0 ce stade de son d\u00e9veloppement aux \u00c9tats-Unis ? La Formule 1, qui reste un sport relativement niche aux \u00c9tats-Unis, allait-elle suffisamment faire bouger les choses pour Apple TV ? Et le g\u00e9ant technologique pouvait-il se contenter de droits locaux plut\u00f4t que mondiaux ?<\/p>\n<p>Mais maintenant que l\u2019encre a enfin s\u00e9ch\u00e9 sur l\u2019un des secrets les moins bien gard\u00e9s de la diffusion sportive, il est facile de comprendre pourquoi cet accord est si judicieux. La Formule 1 b\u00e9n\u00e9ficie d\u2019une augmentation de ses revenus et du prestige d\u2019un partenariat avec une grande marque technologique, tandis qu\u2019Apple acc\u00e8de \u00e0 une base de fans relativement ais\u00e9e et jeune \u00e0 laquelle elle peut \u00e9galement vendre ses produits et services. Le sport b\u00e9n\u00e9ficiera \u00e9galement de l\u2019acc\u00e8s \u00e0 la technologie d\u2019Apple, ce qui lui permettra d\u2019\u00e9largir son audience et de d\u00e9bloquer de nouvelles opportunit\u00e9s de mon\u00e9tisation.<\/p>\n<p>Quant \u00e0 Apple, elle ajoute enfin une nouvelle corde \u00e0 son arc en mati\u00e8re de diffusion sportive, ce qui ne manquera pas d\u2019alimenter les sp\u00e9culations sur ses intentions dans ce domaine et sur les droits qu\u2019elle pourrait acqu\u00e9rir \u00e0 l\u2019avenir. Mais de la m\u00eame mani\u00e8re, le co\u00fbt de l\u2019accord, estim\u00e9 \u00e0 150 millions de dollars, pourrait \u00eatre consid\u00e9r\u00e9 comme une d\u00e9pense marketing pour une entreprise de la taille d\u2019Apple, ce qui ne garantit pas que cet accord ouvrira les vannes.<\/p>\n<p>On a l\u2019impression que nous parlons de l\u2019avenir de la Formule 1 aux \u00c9tats-Unis depuis un certain temps, peut-\u00eatre parce que c\u2019est une histoire passionnante qui allie le glamour du sport lui-m\u00eame au potentiel disruptif de la technologie de streaming.<\/p>\n","protected":false},"excerpt":{"rendered":"L\u2019entente \u00e9tablie entre Apple et la F1 marque une grande \u00e9tape dans la mani\u00e8re dont le sport sera&hellip;\n","protected":false},"author":2,"featured_media":501854,"comment_status":"","ping_status":"","sticky":false,"template":"","format":"standard","meta":{"footnotes":""},"categories":[1589],"tags":[11,5080,733,519,73,1866,1451,5083,5084,5086,5087,1454,12,5089,5090,9936,128,5091,3030,1864,1865,1863,308],"class_list":{"0":"post-501853","1":"post","2":"type-post","3":"status-publish","4":"format-standard","5":"has-post-thumbnail","7":"category-etats-unis","8":"tag-actualites","9":"tag-actualites-f1","10":"tag-apple","11":"tag-apple-tv","12":"tag-etats-unis","13":"tag-etats-unis-damerique","14":"tag-f1","15":"tag-f1-actu","16":"tag-f1-direct","17":"tag-f1-news","18":"tag-f1news","19":"tag-formule-1","20":"tag-news","21":"tag-news-f1","22":"tag-newsf1","23":"tag-stefano-domenicali","24":"tag-streaming","25":"tag-tip","26":"tag-top","27":"tag-united-states","28":"tag-united-states-of-america","29":"tag-us","30":"tag-usa"},"share_on_mastodon":{"url":"https:\/\/pubeurope.com\/@fr\/115467961342168916","error":""},"_links":{"self":[{"href":"https:\/\/www.europesays.com\/fr\/wp-json\/wp\/v2\/posts\/501853","targetHints":{"allow":["GET"]}}],"collection":[{"href":"https:\/\/www.europesays.com\/fr\/wp-json\/wp\/v2\/posts"}],"about":[{"href":"https:\/\/www.europesays.com\/fr\/wp-json\/wp\/v2\/types\/post"}],"author":[{"embeddable":true,"href":"https:\/\/www.europesays.com\/fr\/wp-json\/wp\/v2\/users\/2"}],"replies":[{"embeddable":true,"href":"https:\/\/www.europesays.com\/fr\/wp-json\/wp\/v2\/comments?post=501853"}],"version-history":[{"count":0,"href":"https:\/\/www.europesays.com\/fr\/wp-json\/wp\/v2\/posts\/501853\/revisions"}],"wp:featuredmedia":[{"embeddable":true,"href":"https:\/\/www.europesays.com\/fr\/wp-json\/wp\/v2\/media\/501854"}],"wp:attachment":[{"href":"https:\/\/www.europesays.com\/fr\/wp-json\/wp\/v2\/media?parent=501853"}],"wp:term":[{"taxonomy":"category","embeddable":true,"href":"https:\/\/www.europesays.com\/fr\/wp-json\/wp\/v2\/categories?post=501853"},{"taxonomy":"post_tag","embeddable":true,"href":"https:\/\/www.europesays.com\/fr\/wp-json\/wp\/v2\/tags?post=501853"}],"curies":[{"name":"wp","href":"https:\/\/api.w.org\/{rel}","templated":true}]}}