{"id":501855,"date":"2025-10-31T09:00:15","date_gmt":"2025-10-31T09:00:15","guid":{"rendered":"https:\/\/www.europesays.com\/fr\/501855\/"},"modified":"2025-10-31T09:00:15","modified_gmt":"2025-10-31T09:00:15","slug":"ses-filles-eugenie-et-beatrice-fuient-le-royaume-uni-en-plein-scandale","status":"publish","type":"post","link":"https:\/\/www.europesays.com\/fr\/501855\/","title":{"rendered":"ses filles Eugenie et Beatrice fuient le Royaume-Uni en plein scandale"},"content":{"rendered":"<p>                                    <img decoding=\"async\" src=\"https:\/\/www.europesays.com\/fr\/wp-content\/uploads\/2025\/10\/d24a1218d58032fe8c7c5227096b3b2974e7d697bb048f274de743cd0938df0d.jpg\" alt=\"Prince Andrew\u00a0: Famille Royale, Carri\u00e8re Militaire, pol\u00e9miques... Ce qu'il faut conna\u00eetre\" class=\"a11y-hidden\" fetchpriority=\"high\"\/><\/p>\n<p class=\"fig-standfirst\">\n    Le prince Andrew s\u2019est vu retirer son titre de prince par le palais de Buckingham, tout en officialisant son expulsion de Royal Lodge ce jeudi 30 octobre. Pendant ce temps, ses deux filles Eugenie et Beatrice ont discr\u00e8tement quitt\u00e9 le Royaume-Uni d\u2019apr\u00e8s les informations de Page Six.\u00a0<\/p>\n<p class=\"fig-paragraph\">Quelques jours\u00a0<a href=\"https:\/\/www.gala.fr\/royautes\/le-prince-andrew-prive-de-son-titre-voici-comment-il-desormais-l-appeler-20251031\" target=\"_blank\" data-fig-type=\"Article\" rel=\"sponsored noopener\" data-gtm-custom-categorie=\"navigation\" data-gtm-custom-action=\"crossclick\" data-gtm-custom-label=\"Contextuel\" data-gtm-event=\"customEventSPE\" data-fig-domain=\"GALA\">apr\u00e8s avoir annonc\u00e9 son renoncement au titre de duc d\u2019York<\/a>, Andrew d\u2019Angleterre\u00a0<a href=\"https:\/\/www.gala.fr\/royautes\/coup-de-tonnerre-le-prince-andrew-prive-de-ses-titres-et-vire-du-royal-lodge-20251030\" target=\"_blank\" data-fig-type=\"Article\" rel=\"sponsored noopener\" data-gtm-custom-categorie=\"navigation\" data-gtm-custom-action=\"crossclick\" data-gtm-custom-label=\"Contextuel\" data-gtm-event=\"customEventSPE\" data-fig-domain=\"GALA\">s\u2019est vu retirer son titre de prince<\/a>, ainsi que \u00ab ses honneurs et ses distinctions \u00bb par le palais de Buckingham ce jeudi 30 octobre. Celui qui se fait d\u00e9sormais appeler officiellement Andrew Mountbatten Windsor\u00a0<a href=\"https:\/\/www.gala.fr\/royautes\/andrew-mountbatten-windsor-depouille-de-son-titre-de-prince-et-abandonne-par-charles-iii-pourrait-il-etre-inquiete-par-la-justice-20251031\" target=\"_blank\" data-fig-type=\"Article\" rel=\"sponsored noopener\" data-gtm-custom-categorie=\"navigation\" data-gtm-custom-action=\"crossclick\" data-gtm-custom-label=\"Contextuel\" data-gtm-event=\"customEventSPE\" data-fig-domain=\"GALA\">va \u00e9galement devoir d\u00e9m\u00e9nager de Royal Lodge<\/a>\u00a0pour s\u2019installer \u00ab dans un autre logement priv\u00e9\u00a0\u00bb. Pendant ce temps ses deux filles, Eugenie et Beatrice, qui devraient conserver leurs titres royaux, ont pr\u00e9f\u00e9r\u00e9 \u00e9viter le scandale en fuyant du Royaume-Uni. D\u2019apr\u00e8s les informations de\u00a0<a href=\"https:\/\/pagesix.com\/2025\/10\/30\/royal-family\/princess-beatrice-and-princess-eugenie-quietly-leave-uk-as-father-prince-andrew-is-evicted-stripped-of-titles\/\" target=\"_blank\" rel=\"sponsored noopener\" data-gtm-custom-categorie=\"navigation\" data-gtm-custom-action=\"crossclick\" data-gtm-custom-label=\"Contextuel\" data-gtm-event=\"customEventSPE\">Page Six<\/a> \u00a0ce jeudi 30 octobre, les deux s\u0153urs \u00e9taient en vacances. La princesse Eugenie a choisi de se rendre \u00e0 Paris lors d\u2019un voyage entre filles \u00e0 Paris avec des amies le 26 octobre dernier.<\/p>\n<p class=\"fig-paragraph\">D\u2019apr\u00e8s le m\u00e9dia, sur l\u2019une de ses photos partag\u00e9es sur Instagram se trouvaient la Seine et la tour Eiffel en arri\u00e8re-plan. De son c\u00f4t\u00e9, la princesse Beatrice a mis le cap sur l\u2019Arabie saoudite. Le 28 octobre dernier, elle avait \u00e9t\u00e9 photographi\u00e9e en train de poser pour une photo lors de la Future Investment Initiative \u00e0 Riyad. Des voyages qui sont intervenus peu avant que Buckingham Palace annonce que le roi Charles III\u00a0<a href=\"https:\/\/www.gala.fr\/royautes\/le-prince-william-sur-le-point-de-retirer-les-titres-de-ses-cousines-eugenie-et-beatrice-kensington-palace-fait-une-mise-au-point-20251029\" target=\"_blank\" data-fig-type=\"Article\" rel=\"sponsored noopener\" data-gtm-custom-categorie=\"navigation\" data-gtm-custom-action=\"crossclick\" data-gtm-custom-label=\"Contextuel\" data-gtm-event=\"customEventSPE\" data-fig-domain=\"GALA\">avait retir\u00e9 ses titres\u00a0<\/a>au prince Andrew suite au regain d\u2019int\u00e9r\u00eat suscit\u00e9 par ses liens avec Jeffrey Epstein.<\/p>\n<p>    <a href=\"https:\/\/photo.gala.fr\/photos-prince-andrew-retour-sur-son-evolution-physique-51841\" target=\"_blank\" rel=\"noopener\"><\/p>\n<p class=\"fig-slideshow__title\">\n                    PHOTOS &#8211; Prince Andrew\u00a0: retour sur son \u00e9volution physique\n                <\/p>\n<p>    <\/a><\/p>\n<p>                                    <a class=\"fig-a11y-skip a11y-hidden\" href=\"#fig-a11y-skip-main-inarticle\"><br \/>\n        Passer la publicit\u00e9<br \/>\n    <\/a><\/p>\n<p>Le prince Andrew priv\u00e9 de son titre et vir\u00e9 du Royal Lodge\u00a0: comment William a \u0153uvr\u00e9 dans l\u2019ombre<\/p>\n<p class=\"fig-paragraph\">D\u2019apr\u00e8s certains sp\u00e9cialistes, le prince William\u00a0<a href=\"https:\/\/www.gala.fr\/royautes\/le-prince-andrew-prive-de-son-titre-et-vire-du-royal-lodge-comment-william-a-oeuvre-dans-l-ombre-20251030\" target=\"_blank\" data-fig-type=\"Article\" rel=\"sponsored noopener\" data-gtm-custom-categorie=\"navigation\" data-gtm-custom-action=\"crossclick\" data-gtm-custom-label=\"Contextuel\" data-gtm-event=\"customEventSPE\" data-fig-domain=\"GALA\">ne serait pas \u00e9tranger \u00e0 la d\u00e9cision du roi<\/a>\u00a0Charles III de retirer le titre royal \u00e0 Andrew et de l\u2019expulser de Royal Lodge. \u00ab Nous savons que le prince de Galles soutient pleinement les actions de son p\u00e8re contre l\u2019oncle de William, Andrew\u00a0\u00bb, a indiqu\u00e9 l\u2019expert royal d\u2019ITV News Chris Ship sur X. Ce dernier a affirm\u00e9 que \u00ab selon certaines sources, les d\u00e9cisions du roi b\u00e9n\u00e9ficient du soutien de la famille royale au sens large\u00a0\u00bb. Le sp\u00e9cialiste a \u00e9galement soulign\u00e9 la duret\u00e9 de la d\u00e9cision en faisant la liste de tout ce qu\u2019a \u00ab perdu\u00a0\u00bb le p\u00e8re de B\u00e9atrice et Eugenie. \u00ab Il est d\u00e9chu de ses titres de\u00a0: Prince, Duc d\u2019York, Comte d\u2019Inverness, Baron Killyleagh, Altesse Royale. Les distinctions qui lui sont retir\u00e9es sont\u00a0: l\u2019Ordre de la Jarreti\u00e8re, Chevalier Grand-Croix de l\u2019Ordre de Victoria\u00a0\u00bb, a-t-il r\u00e9sum\u00e9. Quelques heures avant l\u2019annonce, plusieurs tablo\u00efds indiquaient aussi que l\u2019\u00e9poux de Kate Middleton plaidait en faveur d\u2019un d\u00e9part d\u2019Andrew du Royal Lodge. Le prince William aurait ainsi agi en p\u00e8re de famille responsable, voulant \u00e9carter tout possible danger de George, Charlotte et Louis.<\/p>\n","protected":false},"excerpt":{"rendered":"Le prince Andrew s\u2019est vu retirer son titre de prince par le palais de Buckingham, tout en officialisant&hellip;\n","protected":false},"author":2,"featured_media":501856,"comment_status":"","ping_status":"","sticky":false,"template":"","format":"standard","meta":{"footnotes":""},"categories":[1588],"tags":[11,59923,62390,1777,43317,674,12,473,1853,1747,1851,1850,1852],"class_list":{"0":"post-501855","1":"post","2":"type-post","3":"status-publish","4":"format-standard","5":"has-post-thumbnail","7":"category-royaume-uni","8":"tag-actualites","9":"tag-andrew-dangleterre","10":"tag-beatrice-dyork","11":"tag-eu","12":"tag-eugenie-dyork","13":"tag-europe","14":"tag-news","15":"tag-royaume-uni","16":"tag-royaume-uni-de-grande-bretagne-et-dirlande-du-nord","17":"tag-scandale","18":"tag-uk","19":"tag-united-kingdom","20":"tag-united-kingdom-of-great-britain-and-northern-ireland"},"share_on_mastodon":{"url":"https:\/\/pubeurope.com\/@fr\/115467965822220269","error":""},"_links":{"self":[{"href":"https:\/\/www.europesays.com\/fr\/wp-json\/wp\/v2\/posts\/501855","targetHints":{"allow":["GET"]}}],"collection":[{"href":"https:\/\/www.europesays.com\/fr\/wp-json\/wp\/v2\/posts"}],"about":[{"href":"https:\/\/www.europesays.com\/fr\/wp-json\/wp\/v2\/types\/post"}],"author":[{"embeddable":true,"href":"https:\/\/www.europesays.com\/fr\/wp-json\/wp\/v2\/users\/2"}],"replies":[{"embeddable":true,"href":"https:\/\/www.europesays.com\/fr\/wp-json\/wp\/v2\/comments?post=501855"}],"version-history":[{"count":0,"href":"https:\/\/www.europesays.com\/fr\/wp-json\/wp\/v2\/posts\/501855\/revisions"}],"wp:featuredmedia":[{"embeddable":true,"href":"https:\/\/www.europesays.com\/fr\/wp-json\/wp\/v2\/media\/501856"}],"wp:attachment":[{"href":"https:\/\/www.europesays.com\/fr\/wp-json\/wp\/v2\/media?parent=501855"}],"wp:term":[{"taxonomy":"category","embeddable":true,"href":"https:\/\/www.europesays.com\/fr\/wp-json\/wp\/v2\/categories?post=501855"},{"taxonomy":"post_tag","embeddable":true,"href":"https:\/\/www.europesays.com\/fr\/wp-json\/wp\/v2\/tags?post=501855"}],"curies":[{"name":"wp","href":"https:\/\/api.w.org\/{rel}","templated":true}]}}