{"id":501857,"date":"2025-10-31T09:01:18","date_gmt":"2025-10-31T09:01:18","guid":{"rendered":"https:\/\/www.europesays.com\/fr\/501857\/"},"modified":"2025-10-31T09:01:18","modified_gmt":"2025-10-31T09:01:18","slug":"elis-acquiert-une-entreprise-dans-lest-de-lallemagne","status":"publish","type":"post","link":"https:\/\/www.europesays.com\/fr\/501857\/","title":{"rendered":"Elis acquiert une entreprise dans l&rsquo;Est de l&rsquo;Allemagne"},"content":{"rendered":"<p>        &#13;<br \/>\n            <img decoding=\"async\" src=\"https:\/\/www.europesays.com\/fr\/wp-content\/uploads\/2025\/10\/353-c.jpg\" alt=\"bourse Elis\"\/><\/p>\n<p>(Zonebourse.com) &#8211; Elis annonce l&rsquo;acquisition de 100% de Laros\u00e9 GmbH et Mittledeutsche W\u00e4scherei GmbH, un groupe qui emploie environ 145 personnes et dessert l&rsquo;Est de l&rsquo;Allemagne \u00e0 travers ses 2 blanchisseries situ\u00e9es \u00e0 Sch\u00f6nebeck et \u00e0 Berlin. <\/p>\n<p>&lsquo;Laros\u00e9 s&rsquo;adresse \u00e0 une client\u00e8le du secteur de la sant\u00e9 et propose une gamme diversifi\u00e9e de services de location et d&rsquo;entretien en linge plat, en v\u00eatement professionnel et en linge de r\u00e9sidents&rsquo;, pr\u00e9cise le groupe fran\u00e7ais. <\/p>\n<p>Laros\u00e9 a r\u00e9alis\u00e9 un chiffre d&rsquo;affaires d&rsquo;environ 13 millions d&rsquo;euros en 2024 et sera consolid\u00e9 dans les comptes \u00e0 partir du 1er novembre. Son acquisition renforce le r\u00e9seau d&rsquo;Elis en Allemagne, en particulier \u00e0 Berlin o\u00f9 il ne disposait pas de blanchisserie.<\/p>\n<p>Copyright \u00a9 2025 Zonebourse.com &#8211; All rights reserved.<\/p>\n<p>&#13;<br \/>\n            &#13;<\/p>\n<p>Vous avez aim\u00e9 cet article ? Partagez-le avec vos amis avec les boutons ci-dessous.<\/p>\n<p>        <a target=\"_blank\" title=\"Twitter\" href=\"https:\/\/twitter.com\/share?url=https:\/\/www.abcbourse.com\/marches\/elis-acquiert-une-entreprise-dans-l-est-de-l-allemagne_679015&amp;text=Elis acquiert une entreprise dans l&#039;Est de l&#039;Allemagne&amp;via=abcbourse\" rel=\"nofollow noopener\">&#13;<br \/>\n            <img decoding=\"async\" src=\"https:\/\/www.europesays.com\/fr\/wp-content\/uploads\/2025\/04\/share_twitter.png\" class=\"mr10\" alt=\"Twitter\"\/>&#13;<br \/>\n        <\/a><br \/>\n        <a target=\"_blank\" title=\"Facebook\" href=\"https:\/\/www.facebook.com\/sharer.php?u=https:\/\/www.abcbourse.com\/marches\/elis-acquiert-une-entreprise-dans-l-est-de-l-allemagne_679015&amp;t=Elis acquiert une entreprise dans l&#039;Est de l&#039;Allemagne\" rel=\"nofollow noopener\">&#13;<br \/>\n            <img decoding=\"async\" src=\"https:\/\/www.europesays.com\/fr\/wp-content\/uploads\/2025\/10\/share_fb.png\" alt=\"Facebook\" class=\"mr10\"\/>&#13;<br \/>\n        <\/a><br \/>\n        <a target=\"_blank\" title=\"Linkedin\" href=\"https:\/\/www.linkedin.com\/shareArticle?mini=true&amp;url=https:\/\/www.abcbourse.com\/marches\/elis-acquiert-une-entreprise-dans-l-est-de-l-allemagne_679015&amp;title=Elis acquiert une entreprise dans l&#039;Est de l&#039;Allemagne\" rel=\"nofollow noopener\">&#13;<br \/>\n            <img decoding=\"async\" src=\"https:\/\/www.europesays.com\/fr\/wp-content\/uploads\/2025\/04\/share_linkedin.png\" alt=\"Linkedin\" class=\"mr10\"\/>&#13;<br \/>\n        <\/a><br \/>\n        <a target=\"_blank\" title=\"Envoyer par mail\" href=\"http:\/\/www.abcbourse.com\/cdn-cgi\/l\/email-protection#350a4640575f5056410870595c4615545644405c50474115405b5015505b41475045475c46501551545b46155912704641155150155912745959505854525b5013575a514c085d414145460f1a1a4242421b545756575a404746501b565a581a585447565d50461a50595c4618545644405c50474118405b5018505b41475045475c46501851545b46185918504641185150185918545959505854525b506a03020c050400\" rel=\"nofollow noopener\">&#13;<br \/>\n            <img decoding=\"async\" src=\"https:\/\/www.europesays.com\/fr\/wp-content\/uploads\/2025\/10\/share_email.png\" alt=\"email\"\/>&#13;<br \/>\n        <\/a><br \/>\n    <script async src=\"https:\/\/platform.twitter.com\/widgets.js\" charset=\"utf-8\"><\/script><\/p>\n","protected":false},"excerpt":{"rendered":"&#13; (Zonebourse.com) &#8211; Elis annonce l&rsquo;acquisition de 100% de Laros\u00e9 GmbH et Mittledeutsche W\u00e4scherei GmbH, un groupe qui&hellip;\n","protected":false},"author":2,"featured_media":501858,"comment_status":"","ping_status":"","sticky":false,"template":"","format":"standard","meta":{"footnotes":""},"categories":[1587],"tags":[11,672,1804,1805,1803,1777,674,1801,12,1802],"class_list":{"0":"post-501857","1":"post","2":"type-post","3":"status-publish","4":"format-standard","5":"has-post-thumbnail","7":"category-allemagne","8":"tag-actualites","9":"tag-allemagne","10":"tag-bundesrepublik-deutschland","11":"tag-de","12":"tag-deutschland","13":"tag-eu","14":"tag-europe","15":"tag-germany","16":"tag-news","17":"tag-republique-federale-dallemagne"},"share_on_mastodon":{"url":"https:\/\/pubeurope.com\/@fr\/115467969819005743","error":""},"_links":{"self":[{"href":"https:\/\/www.europesays.com\/fr\/wp-json\/wp\/v2\/posts\/501857","targetHints":{"allow":["GET"]}}],"collection":[{"href":"https:\/\/www.europesays.com\/fr\/wp-json\/wp\/v2\/posts"}],"about":[{"href":"https:\/\/www.europesays.com\/fr\/wp-json\/wp\/v2\/types\/post"}],"author":[{"embeddable":true,"href":"https:\/\/www.europesays.com\/fr\/wp-json\/wp\/v2\/users\/2"}],"replies":[{"embeddable":true,"href":"https:\/\/www.europesays.com\/fr\/wp-json\/wp\/v2\/comments?post=501857"}],"version-history":[{"count":0,"href":"https:\/\/www.europesays.com\/fr\/wp-json\/wp\/v2\/posts\/501857\/revisions"}],"wp:featuredmedia":[{"embeddable":true,"href":"https:\/\/www.europesays.com\/fr\/wp-json\/wp\/v2\/media\/501858"}],"wp:attachment":[{"href":"https:\/\/www.europesays.com\/fr\/wp-json\/wp\/v2\/media?parent=501857"}],"wp:term":[{"taxonomy":"category","embeddable":true,"href":"https:\/\/www.europesays.com\/fr\/wp-json\/wp\/v2\/categories?post=501857"},{"taxonomy":"post_tag","embeddable":true,"href":"https:\/\/www.europesays.com\/fr\/wp-json\/wp\/v2\/tags?post=501857"}],"curies":[{"name":"wp","href":"https:\/\/api.w.org\/{rel}","templated":true}]}}