{"id":501859,"date":"2025-10-31T09:02:12","date_gmt":"2025-10-31T09:02:12","guid":{"rendered":"https:\/\/www.europesays.com\/fr\/501859\/"},"modified":"2025-10-31T09:02:12","modified_gmt":"2025-10-31T09:02:12","slug":"allianz-accompagne-le-developpement-de-la-conduite-autonome-en-europe","status":"publish","type":"post","link":"https:\/\/www.europesays.com\/fr\/501859\/","title":{"rendered":"Allianz accompagne le d\u00e9veloppement de la conduite autonome en Europe"},"content":{"rendered":"<p><img decoding=\"async\" src=\"https:\/\/www.europesays.com\/fr\/wp-content\/uploads\/2025\/10\/voiture_conduite_autonome.jpg\" alt=\"Conduite autonome\" align=\"right\" style=\"width: 228px; margin-left: 8px; margin-top: 8px;\"\/>\u00c0 l\u2019occasion de sa 13\u00e8me Journ\u00e9e annuelle de l\u2019automobile, Allianz met la conduite autonome au c\u0153ur du d\u00e9bat et appelle \u00e0 une approche commune \u00e0 l\u2019\u00e9chelle europ\u00e9enne. L\u2019assureur allemand formule trois propositions majeures pour garantir un d\u00e9veloppement s\u00fbr, harmonis\u00e9 et accept\u00e9 par le grand public.<\/p>\n<p>Allianz appelle, dans une premi\u00e8re recommandation, \u00e0 la mise en place d\u2019un cadre d\u2019homologation commun dans tous les pays europ\u00e9ens, fond\u00e9 sur des tests et des proc\u00e9dures uniformes. Il s\u2019agit d\u2019un \u00ab permis commun \u00bb qui garantirait la s\u00e9curit\u00e9 et faciliterait la circulation des v\u00e9hicules autonome d\u2019un pays \u00e0 un autre.<\/p>\n<p>L\u2019assureur sugg\u00e8re \u00e9galement un partage s\u00e9lectif des donn\u00e9es li\u00e9es aux accidents et \u00e0 la s\u00e9curit\u00e9 routi\u00e8re. Un cadre d\u00e9fini conjointement entre constructeurs, r\u00e9gulateurs et assureurs renforcerait la confiance du public et acc\u00e9l\u00e9rerait le d\u00e9ploiement de la conduite autonome.<\/p>\n<p>La derni\u00e8re suggestion consiste \u00e0 cr\u00e9er une base de donn\u00e9es commune pour les situations de circulation critiques.<\/p>\n<p>Selon une \u00e9tude men\u00e9e par le groupe allemand, seuls 33 % des Fran\u00e7ais se disent familiers avec la conduite automatis\u00e9e, tandis que 76 % estiment que la technologie reste trop r\u00e9cente et insuffisamment test\u00e9e.<\/p>\n<p>Gr\u00e2ce aux v\u00e9hicules autonomes, Allianz table sur une baisse de 20% des accidents de la route d\u2019ici 2035 et de 50% d\u2019ici 2060.<\/p>\n<p>Une r\u00e9duction du nombre d\u2019accidents entra\u00eenerait logiquement une diminution du volume de sinistres d\u2019assurance automobile. Revers de la m\u00e9daille, le co\u00fbt de r\u00e9paration des v\u00e9hicules de haute technologie augmenterait la valeur des sinistres.<\/p>\n","protected":false},"excerpt":{"rendered":"\u00c0 l\u2019occasion de sa 13\u00e8me Journ\u00e9e annuelle de l\u2019automobile, Allianz met la conduite autonome au c\u0153ur du d\u00e9bat&hellip;\n","protected":false},"author":2,"featured_media":501860,"comment_status":"","ping_status":"","sticky":false,"template":"","format":"standard","meta":{"footnotes":""},"categories":[1586],"tags":[47,11,1117,55990,1777,674,1011,27,62391,1031,74,12,62392,25],"class_list":{"0":"post-501859","1":"post","2":"type-post","3":"status-publish","4":"format-standard","5":"has-post-thumbnail","7":"category-europe","8":"tag-actualite","9":"tag-actualites","10":"tag-assurance","11":"tag-atlas","12":"tag-eu","13":"tag-europe","14":"tag-fr","15":"tag-france","16":"tag-mag","17":"tag-magazine","18":"tag-monde","19":"tag-news","20":"tag-reassurance","21":"tag-republique-francaise"},"share_on_mastodon":{"url":"https:\/\/pubeurope.com\/@fr\/115467973182367181","error":""},"_links":{"self":[{"href":"https:\/\/www.europesays.com\/fr\/wp-json\/wp\/v2\/posts\/501859","targetHints":{"allow":["GET"]}}],"collection":[{"href":"https:\/\/www.europesays.com\/fr\/wp-json\/wp\/v2\/posts"}],"about":[{"href":"https:\/\/www.europesays.com\/fr\/wp-json\/wp\/v2\/types\/post"}],"author":[{"embeddable":true,"href":"https:\/\/www.europesays.com\/fr\/wp-json\/wp\/v2\/users\/2"}],"replies":[{"embeddable":true,"href":"https:\/\/www.europesays.com\/fr\/wp-json\/wp\/v2\/comments?post=501859"}],"version-history":[{"count":0,"href":"https:\/\/www.europesays.com\/fr\/wp-json\/wp\/v2\/posts\/501859\/revisions"}],"wp:featuredmedia":[{"embeddable":true,"href":"https:\/\/www.europesays.com\/fr\/wp-json\/wp\/v2\/media\/501860"}],"wp:attachment":[{"href":"https:\/\/www.europesays.com\/fr\/wp-json\/wp\/v2\/media?parent=501859"}],"wp:term":[{"taxonomy":"category","embeddable":true,"href":"https:\/\/www.europesays.com\/fr\/wp-json\/wp\/v2\/categories?post=501859"},{"taxonomy":"post_tag","embeddable":true,"href":"https:\/\/www.europesays.com\/fr\/wp-json\/wp\/v2\/tags?post=501859"}],"curies":[{"name":"wp","href":"https:\/\/api.w.org\/{rel}","templated":true}]}}