{"id":501861,"date":"2025-10-31T09:03:19","date_gmt":"2025-10-31T09:03:19","guid":{"rendered":"https:\/\/www.europesays.com\/fr\/501861\/"},"modified":"2025-10-31T09:03:19","modified_gmt":"2025-10-31T09:03:19","slug":"jai-eu-peur-de-ne-jamais-revenir","status":"publish","type":"post","link":"https:\/\/www.europesays.com\/fr\/501861\/","title":{"rendered":"\u201cJ\u2019ai eu peur de ne jamais revenir\u201d"},"content":{"rendered":"<p>                                    <img decoding=\"async\" src=\"https:\/\/www.europesays.com\/fr\/wp-content\/uploads\/2025\/10\/d3a417d9e85c69138b4bdcd757d7635fad87943af7b61ee609e946e3ce425468.jpg\" alt=\"St\u00e9phane de Groodt marqu\u00e9 par sa participation \u00e0 Rendez-vous en terre inconnue\u00a0: \u201cJ\u2019ai eu peur de ne jamais revenir\u201d\" class=\"a11y-hidden\" fetchpriority=\"high\"\/><\/p>\n<p class=\"fig-standfirst\">\n    VID\u00c9O &#8211; St\u00e9phane de Groodt a r\u00e9v\u00e9l\u00e9 avoir \u00e9t\u00e9 touch\u00e9 par sa participation \u00e0 Rendez-vous en terre inconnue avec Laury Thilleman. Il a partag\u00e9 ce jeudi 30 octobre une anecdote \u00e0 propos de son voyage en Amazonie sur le plateau de C \u00e0 vous sur France 5.<\/p>\n<p class=\"fig-paragraph\">Une exp\u00e9rience marquante&#8230; St\u00e9phane de Groodt \u00e9tait ce jeudi 30 octobre invit\u00e9 de C \u00e0 vous pour faire\u00a0<a href=\"https:\/\/www.gala.fr\/l_actu\/news_de_stars\/interview-stephane-de-groodt-je-me-pince-encore-pour-y-croire_531097\" target=\"_blank\" data-fig-type=\"Article\" rel=\"sponsored noopener nofollow\" data-gtm-custom-categorie=\"navigation\" data-gtm-custom-action=\"crossclick\" data-gtm-custom-label=\"Contextuel\" data-gtm-event=\"customEventSPE\" data-fig-domain=\"GALA\">la promotion de sa derni\u00e8re pi\u00e8ce, appel\u00e9e La V\u00e9rit\u00e9<\/a>, qu\u2019il joue au th\u00e9\u00e2tre \u00c9douard VII, ainsi que de\u00a0<a href=\"https:\/\/www.gala.fr\/l_actu\/news_de_stars\/exclu-video-veronique-sanson-un-celebre-comedien-lui-a-declare-son-amour-20251002\" target=\"_blank\" data-fig-type=\"Article\" rel=\"sponsored noopener nofollow\" data-gtm-custom-categorie=\"navigation\" data-gtm-custom-action=\"crossclick\" data-gtm-custom-label=\"Contextuel\" data-gtm-event=\"customEventSPE\" data-fig-domain=\"GALA\">son nouveau livre, En m\u00e9moire de mes souvenirs<\/a>, paru aux \u00e9ditions de l\u2019Observatoire. Pendant le repas de l\u2019\u00e9mission,\u00a0<a href=\"https:\/\/www.gala.fr\/l_actu\/news_de_stars\/stephane-de-groodt-a-refuse-a-trois-reprises-de-presenter-les-cesar-il-s-explique-20250224\" target=\"_blank\" data-fig-type=\"Article\" rel=\"sponsored noopener nofollow\" data-gtm-custom-categorie=\"navigation\" data-gtm-custom-action=\"crossclick\" data-gtm-custom-label=\"Contextuel\" data-gtm-event=\"customEventSPE\" data-fig-domain=\"GALA\">le com\u00e9dien<\/a>\u00a0a \u00e9t\u00e9 interrog\u00e9 \u00e0 propos de\u00a0<a href=\"https:\/\/www.gala.fr\/l_actu\/news_de_stars\/laury-thilleman-rendez-vous-en-terre-inconnue-age-ex-mari-maternite-que-sait-on-sur-sa-vie-privee-20251014\" target=\"_blank\" data-fig-type=\"Article\" rel=\"sponsored noopener nofollow\" data-gtm-custom-categorie=\"navigation\" data-gtm-custom-action=\"crossclick\" data-gtm-custom-label=\"Contextuel\" data-gtm-event=\"customEventSPE\" data-fig-domain=\"GALA\">sa participation au programme Rendez-vous en terre inconnue avec Laury Thilleman<\/a>, diffus\u00e9 le mardi 14 octobre dernier sur France 2. Apr\u00e8s une petite vid\u00e9o de l\u2019ex-Miss France qui lui a fait un petit coucou, l\u2019acteur a r\u00e9v\u00e9l\u00e9 avoir eu \u00abpeur de ne pas revenir\u00bb en France pendant le tournage en Amazonie. \u00abMais ce n\u2019\u00e9tait pas bien grave parce que j\u2019ai v\u00e9cu une aventure extraordinaire. Cette \u00e9mission est dingue\u00a0! Quand ils m\u2019ont appel\u00e9 pour me proposer l\u2019\u00e9mission, c\u2019\u00e9tait un cadeau inestimable\u00bb, a-t-il expliqu\u00e9 \u00e0 Anne-\u00c9lisabeth Lemoine.<\/p>\n<p class=\"fig-paragraph\">St\u00e9phane de Groodt a \u00e9galement expliqu\u00e9 avoir eu peur pendant cette belle exp\u00e9rience \u00e0 cause d\u2019une activit\u00e9 pr\u00e9cise. \u00abOn devait plonger dans un lac pour aller chercher de l\u2019argile, tout au fond du lac. On est trois, quatre, on y va et puis, quelqu\u2019un sur les berges qui surveillait nous a dit qu\u2019il fallait sortir. Je lui ai dit que j\u2019avais encore un peu d\u2019argile \u00e0 aller prendre, mais il m\u2019a dit que non, c\u2019\u00e9tait maintenant. On sort pensant qu\u2019on avait une autre activit\u00e9, mais en fait non\u00a0! Il y avait quelques crocodiles qui n\u2019\u00e9taient pas loin du tout et ils n\u2019\u00e9taient pas gentils ceux-l\u00e0&#8230; On ne les avait pas vus, mais eux, ils nous avaient bien vus\u00a0!\u00bb, a-t-il racont\u00e9, marqu\u00e9 par cette s\u00e9quence. Une chose est s\u00fbre, il n\u2019est pas pr\u00e8s d\u2019oublier ce tournage.<\/p>\n<p>    <a href=\"#slideshow-header\"><\/p>\n<p class=\"fig-slideshow__title\">\n                    PHOTOS &#8211; Jennifer Lopez, Rania de Jordanie\u2026 ces looks de c\u00e9l\u00e9brit\u00e9s \u00e0 l\u2019a\u00e9roport qui nous inspirent pour voyager cet \u00e9t\u00e9\n                <\/p>\n<p>    <\/a><\/p>\n<p>                                    <a class=\"fig-a11y-skip a11y-hidden\" href=\"#fig-a11y-skip-main-inarticle\"><br \/>\n        Passer la publicit\u00e9<br \/>\n    <\/a><\/p>\n<p>St\u00e9phane de Groodt\u00a0: boulevers\u00e9 par la mort de sa meilleure amie, il t\u00e9moigne<\/p>\n<p class=\"fig-paragraph\">Au cours d\u2019<a href=\"https:\/\/www.gala.fr\/l_actu\/news_de_stars\/interview-stephane-de-groodt-je-suis-celibataire-mais-je-suis-seduit-par-la-gentillesse-20251019\" target=\"_blank\" data-fig-type=\"Article\" rel=\"sponsored noopener nofollow\" data-gtm-custom-categorie=\"navigation\" data-gtm-custom-action=\"crossclick\" data-gtm-custom-label=\"Contextuel\" data-gtm-event=\"customEventSPE\" data-fig-domain=\"GALA\">un entretien accord\u00e9 au magazine Gala le 9 octobre dernier<\/a>, il est revenu sur\u00a0<a href=\"https:\/\/www.gala.fr\/l_actu\/news_de_stars\/stephane-de-groodt-revient-sur-son-idylle-passionnee-avec-une-actrice-j-ai-decouvert-ce-qu-est-l-amour-fou-20251009\" target=\"_blank\" data-fig-type=\"Article\" rel=\"sponsored noopener nofollow\" data-gtm-custom-categorie=\"navigation\" data-gtm-custom-action=\"crossclick\" data-gtm-custom-label=\"Contextuel\" data-gtm-event=\"customEventSPE\" data-fig-domain=\"GALA\">les premi\u00e8res fois marquantes de sa vie priv\u00e9e et de sa carri\u00e8re<\/a>. Et lorsque nous lui avons demand\u00e9 quand s\u2019il s\u2019est interrog\u00e9 sur l\u2019existence ou non de Dieu, St\u00e9phane de Groodt nous a expliqu\u00e9 qu\u2019il avait d\u00e9j\u00e0 pens\u00e9 que celui-ci n\u2019est pas r\u00e9el\u00a0<a href=\"https:\/\/www.gala.fr\/l_actu\/news_de_stars\/stephane-de-groodt-marque-par-la-mort-brutale-de-sa-petite-amie-lorsqu-il-avait-20-ans-ca-change-la-perception-de-la-vie-20251010\" target=\"_blank\" data-fig-type=\"Article\" rel=\"sponsored noopener nofollow\" data-gtm-custom-categorie=\"navigation\" data-gtm-custom-action=\"crossclick\" data-gtm-custom-label=\"Contextuel\" data-gtm-event=\"customEventSPE\" data-fig-domain=\"GALA\">\u00e0 cause d\u2019un \u00e9v\u00e9nement qui a boulevers\u00e9 sa vie<\/a>. \u00abLors de la mort, \u00e0 20 ans, de ma meilleure amie de l\u2019\u00e9poque. Le vendredi soir, \u00e0 22 heures, j\u2019\u00e9tais en train de discuter avec elle. Elle s\u2019habillait pour aller \u00e0 sa soir\u00e9e, et on m\u2019a appel\u00e9 \u00e0 6 heures du matin, en me disant qu\u2019elle \u00e9tait \u00e0 la morgue\u00bb, s\u2019est-il souvenu, toujours attrist\u00e9 par cette terrible trag\u00e9die, et de poursuivre\u00a0: \u00abJe l\u2019ai revue le lendemain matin dans un tiroir, avec sa robe de la veille. C\u2019\u00e9tait un choc terrible. Ce n\u2019est pas admissible. Chaque jour qui passe, on peut se demander\u00a0: \u201cS\u2019il y a un Dieu, qu\u2019est-ce qu\u2019il fout\u00a0?\u201d Je pr\u00e9f\u00e8re croire en l\u2019homme.\u00bb<\/p>\n","protected":false},"excerpt":{"rendered":"VID\u00c9O &#8211; St\u00e9phane de Groodt a r\u00e9v\u00e9l\u00e9 avoir \u00e9t\u00e9 touch\u00e9 par sa participation \u00e0 Rendez-vous en terre inconnue&hellip;\n","protected":false},"author":2,"featured_media":501862,"comment_status":"","ping_status":"","sticky":false,"template":"","format":"standard","meta":{"footnotes":""},"categories":[1586],"tags":[11,5632,9260,2889,1777,674,1779,1011,27,2400,12,48274,12819,9482,25,62393,1778,364],"class_list":{"0":"post-501861","1":"post","2":"type-post","3":"status-publish","4":"format-standard","5":"has-post-thumbnail","7":"category-europe","8":"tag-actualites","9":"tag-c-a-vous","10":"tag-confidences","11":"tag-emission","12":"tag-eu","13":"tag-europe","14":"tag-european-union","15":"tag-fr","16":"tag-france","17":"tag-france-televisions","18":"tag-news","19":"tag-participation","20":"tag-peur","21":"tag-rendez-vous-en-terre-inconnue","22":"tag-republique-francaise","23":"tag-stephane-de-groodt","24":"tag-ue","25":"tag-union-europeenne"},"share_on_mastodon":{"url":"https:\/\/pubeurope.com\/@fr\/115467977213042759","error":""},"_links":{"self":[{"href":"https:\/\/www.europesays.com\/fr\/wp-json\/wp\/v2\/posts\/501861","targetHints":{"allow":["GET"]}}],"collection":[{"href":"https:\/\/www.europesays.com\/fr\/wp-json\/wp\/v2\/posts"}],"about":[{"href":"https:\/\/www.europesays.com\/fr\/wp-json\/wp\/v2\/types\/post"}],"author":[{"embeddable":true,"href":"https:\/\/www.europesays.com\/fr\/wp-json\/wp\/v2\/users\/2"}],"replies":[{"embeddable":true,"href":"https:\/\/www.europesays.com\/fr\/wp-json\/wp\/v2\/comments?post=501861"}],"version-history":[{"count":0,"href":"https:\/\/www.europesays.com\/fr\/wp-json\/wp\/v2\/posts\/501861\/revisions"}],"wp:featuredmedia":[{"embeddable":true,"href":"https:\/\/www.europesays.com\/fr\/wp-json\/wp\/v2\/media\/501862"}],"wp:attachment":[{"href":"https:\/\/www.europesays.com\/fr\/wp-json\/wp\/v2\/media?parent=501861"}],"wp:term":[{"taxonomy":"category","embeddable":true,"href":"https:\/\/www.europesays.com\/fr\/wp-json\/wp\/v2\/categories?post=501861"},{"taxonomy":"post_tag","embeddable":true,"href":"https:\/\/www.europesays.com\/fr\/wp-json\/wp\/v2\/tags?post=501861"}],"curies":[{"name":"wp","href":"https:\/\/api.w.org\/{rel}","templated":true}]}}