{"id":501863,"date":"2025-10-31T09:04:15","date_gmt":"2025-10-31T09:04:15","guid":{"rendered":"https:\/\/www.europesays.com\/fr\/501863\/"},"modified":"2025-10-31T09:04:15","modified_gmt":"2025-10-31T09:04:15","slug":"heures-creuses-frais-bancaires-treve-hivernale-tout-ce-qui-change-au-1er-novembre-2025","status":"publish","type":"post","link":"https:\/\/www.europesays.com\/fr\/501863\/","title":{"rendered":"Heures creuses, frais bancaires, tr\u00eave hivernale\u2026 Tout ce qui change au 1er\u00a0novembre 2025"},"content":{"rendered":"<p>Comme chaque d\u00e9but de mois, le 1er\u00a0novembre marque une s\u00e9rie de nouveaut\u00e9s l\u00e9gislatives. Ce mois-ci, plusieurs changements vont modifier le quotidien des Fran\u00e7ais. Heures creuses, frais bancaires, <a href=\"https:\/\/www.20minutes.fr\/dossier\/treve_hivernale\" class=\"c-link c-link--is-underlined\" target=\"_blank\" rel=\"noopener\">tr\u00eave hivernale<\/a>, lutte contre les <a href=\"https:\/\/www.20minutes.fr\/monde\/violences\/\" class=\"c-link c-link--is-underlined\" target=\"_blank\" rel=\"noopener\">violences<\/a>\u2026 Voici les <a href=\"https:\/\/www.info.gouv.fr\/actualite\/ce-qui-change-au-mois-de-novembre-2025\" target=\"_blank\" class=\"c-link c-link--is-underlined\" rel=\"noopener\">principales nouveaut\u00e9s<\/a> qui entrent en vigueur.<\/p>\n<p>Nouvelle r\u00e9partition des heures creuses<\/p>\n<p>Les plages horaires dites \u00ab\u00a0heures creuses\u00a0\u00bb \u00e9voluent le 1er\u00a0novembre. L\u2019objectif de ce dispositif est de mieux adapter la consommation d\u2019<a href=\"https:\/\/www.20minutes.fr\/dossier\/electricite\" class=\"c-link c-link--is-underlined\" target=\"_blank\" rel=\"noopener\">\u00e9lectricit\u00e9<\/a> aux p\u00e9riodes de production d\u2019\u00e9nergie, notamment solaire. En hiver (du 1er\u00a0novembre au 31\u00a0mars), les heures creuses se situent majoritairement la nuit, entre 23\u00a0heures et 7\u00a0heures, avec au moins 5 heures cons\u00e9cutives. En \u00e9t\u00e9 (du 1er\u00a0avril au 31\u00a0octobre), elles ont lieu en journ\u00e9e, entre 11\u00a0heures et 17\u00a0heures, avec jusqu\u2019\u00e0 3 heures creuses. Ces ajustements visent \u00e0 encourager une consommation plus responsable, en phase avec la production \u00e9nerg\u00e9tique disponible.<\/p>\n<p>Retour de la tr\u00eave hivernale<\/p>\n<p>Comme chaque ann\u00e9e, la tr\u00eave hivernale d\u00e9bute le 1er\u00a0novembre. Elle s\u2019ach\u00e8vera le 31\u00a0mars 2026. Pendant cette p\u00e9riode, les expulsions locatives sont suspendues, m\u00eame en cas de loyers impay\u00e9s. L\u2019objectif est de prot\u00e9ger les personnes les plus vuln\u00e9rables, face aux rigueurs de l\u2019hiver.<\/p>\n<p>Plafonnement des frais bancaires apr\u00e8s un d\u00e9c\u00e8s<\/p>\n<p>A compter du 13\u00a0novembre, un plafond national est instaur\u00e9 sur les frais pr\u00e9lev\u00e9s par les banques au cours du r\u00e8glement d\u2019une succession. Ils sont d\u00e9sormais limit\u00e9s \u00e0 1\u00a0% du montant total des soldes des comptes et des produits d\u2019\u00e9pargne, avec un plafond de 850 euros qui ne peut plus \u00eatre d\u00e9pass\u00e9. Certains cas de gratuit\u00e9 sont \u00e9galement introduits.<\/p>\n<p>Violences dans le sport<\/p>\n<p>\u00c0 partir du 19\u00a0novembre 2025, tous les \u00e9tablissements sportifs (publics ou priv\u00e9s) devront afficher de mani\u00e8re visible une information sur les dispositifs de signalement des violences sexuelles, physiques ou morales. En cas de violence, comme victime ou t\u00e9moin, les faits peuvent \u00eatre signal\u00e9s \u00e0 <a href=\"https:\/\/www.20minutes.fr\/cdn-cgi\/l\/email-protection\" class=\"__cf_email__\" data-cfemail=\"691a000e070805441a19061b1d1a291a19061b1d1a470e061c1f470f1b\" target=\"_blank\" rel=\"noopener\">[email\u00a0protected]<\/a>.<\/p>\n<\/p>\n<p>Cette mesure vise \u00e0 renforcer la protection des pratiquants, en particulier les plus jeunes, et \u00e0 favoriser la lib\u00e9ration de la parole.<\/p>\n","protected":false},"excerpt":{"rendered":"Comme chaque d\u00e9but de mois, le 1er\u00a0novembre marque une s\u00e9rie de nouveaut\u00e9s l\u00e9gislatives. Ce mois-ci, plusieurs changements vont&hellip;\n","protected":false},"author":2,"featured_media":501864,"comment_status":"","ping_status":"","sticky":false,"template":"","format":"standard","meta":{"footnotes":""},"categories":[2],"tags":[47,11,523,2883,1011,27,6736,1908,12,10181,25,104,517,62350,809],"class_list":{"0":"post-501863","1":"post","2":"type-post","3":"status-publish","4":"format-standard","5":"has-post-thumbnail","7":"category-actualites","8":"tag-actualite","9":"tag-actualites","10":"tag-banque","11":"tag-ete","12":"tag-fr","13":"tag-france","14":"tag-hiver","15":"tag-logement","16":"tag-news","17":"tag-precarite","18":"tag-republique-francaise","19":"tag-societe","20":"tag-sport","21":"tag-treve-hivernale","22":"tag-violence"},"share_on_mastodon":{"url":"https:\/\/pubeurope.com\/@fr\/115467980980678110","error":""},"_links":{"self":[{"href":"https:\/\/www.europesays.com\/fr\/wp-json\/wp\/v2\/posts\/501863","targetHints":{"allow":["GET"]}}],"collection":[{"href":"https:\/\/www.europesays.com\/fr\/wp-json\/wp\/v2\/posts"}],"about":[{"href":"https:\/\/www.europesays.com\/fr\/wp-json\/wp\/v2\/types\/post"}],"author":[{"embeddable":true,"href":"https:\/\/www.europesays.com\/fr\/wp-json\/wp\/v2\/users\/2"}],"replies":[{"embeddable":true,"href":"https:\/\/www.europesays.com\/fr\/wp-json\/wp\/v2\/comments?post=501863"}],"version-history":[{"count":0,"href":"https:\/\/www.europesays.com\/fr\/wp-json\/wp\/v2\/posts\/501863\/revisions"}],"wp:featuredmedia":[{"embeddable":true,"href":"https:\/\/www.europesays.com\/fr\/wp-json\/wp\/v2\/media\/501864"}],"wp:attachment":[{"href":"https:\/\/www.europesays.com\/fr\/wp-json\/wp\/v2\/media?parent=501863"}],"wp:term":[{"taxonomy":"category","embeddable":true,"href":"https:\/\/www.europesays.com\/fr\/wp-json\/wp\/v2\/categories?post=501863"},{"taxonomy":"post_tag","embeddable":true,"href":"https:\/\/www.europesays.com\/fr\/wp-json\/wp\/v2\/tags?post=501863"}],"curies":[{"name":"wp","href":"https:\/\/api.w.org\/{rel}","templated":true}]}}