{"id":501865,"date":"2025-10-31T09:05:16","date_gmt":"2025-10-31T09:05:16","guid":{"rendered":"https:\/\/www.europesays.com\/fr\/501865\/"},"modified":"2025-10-31T09:05:16","modified_gmt":"2025-10-31T09:05:16","slug":"rugby-pro-d2-thomas-ployet-a-plane-nadir-megdoud-sest-egare-les-tops-et-les-flops-du-fcg-a-soyaux-angouleme-le-dauphine-libere","status":"publish","type":"post","link":"https:\/\/www.europesays.com\/fr\/501865\/","title":{"rendered":"Rugby &#8211; Pro D2. Thomas Ployet a plan\u00e9, Nadir Megdoud s\u2019est \u00e9gar\u00e9 : les tops et les flops du FCG \u00e0 Soyaux Angoul\u00eame &#8211; Le Dauphin\u00e9 Lib\u00e9r\u00e9"},"content":{"rendered":"<ol>\n<li><a href=\"https:\/\/news.google.com\/rss\/articles\/CBMixAFBVV95cUxPX0t1RVZQTGZIX290bVI2WnotUTVfRnI3YjExQkVaWEdqVlQ4TzJib29fbmFjUFh4aWF5R2R4QWZ4anplcDRYOFluRVJvcW9NV056YUhBMW45SnEzcF92djVVbjZka0xVTVJnM0N4ekJudDlSRmlYblpka3NZUm00VU1sTXlZeTl2M3lnR0ZBN2pGWk9JaV9NTkRMYnNURHdreUxpanBad3dvN0g0ZDR3QjBsa01PZkF3REgxTWktczF3VFlp?oc=5\" target=\"_blank\" rel=\"nofollow noopener\">Rugby &#8211; Pro D2. Thomas Ployet a plan\u00e9, Nadir Megdoud s\u2019est \u00e9gar\u00e9 : les tops et les flops du FCG \u00e0 Soyaux Angoul\u00eame<\/a>&nbsp;&nbsp;Le Dauphin\u00e9 Lib\u00e9r\u00e9<\/li>\n<li><a href=\"https:\/\/news.google.com\/rss\/articles\/CBMizgFBVV95cUxQcnF1dTRnVGpmcGpIZ1NadkMzc1QwUEhwQm8zNnpTRUdDWTR0bVRMdTdNdkY0ZTZuYmNWaXJZREpNYWVKbk5FZ25HWGY4bkNGWHNuQlVYdGJ0aWFrb2otN0JDTmp0UUE3SXBDeVhLYXlGbG9oam80d0tuc01IRjBmb2J2QjlabWt2dlg4UGFpQ2dnb2lpa0VsdjVHbl9OdTkyd1pRcHZUUlBRcVlSVDdjWmdldjRGcXZsQkNvcTZ2dHo1M0x5YU43UzJvWWI5QQ?oc=5\" target=\"_blank\" rel=\"nofollow noopener\">Soyaux-Angoul\u00eame s&rsquo;impose face \u00e0 Grenoble en Pro D2 au terme d&rsquo;un match spectaculaire<\/a>&nbsp;&nbsp;L&rsquo;\u00c9quipe<\/li>\n<li><a href=\"https:\/\/news.google.com\/rss\/articles\/CBMi-wFBVV95cUxQaTBzUUV0ZlpHalRiVEJpTnBXMEdMVFAwZm5ZMnFjOXJacktaV09OZ0cyVnB4TnV6bFBITGoyMWJ3bWRnSGdNRjBzaTNEeEUzNndIeU0tY242WG93aTlYek9qYnp4OVQwcENEMmE1TGZnR1J5eEZJbUpYLTdDY3ZiVEU5WXFjLXByZmJhbDZOZVdXdjhOVkpKd0NKb0tfSGkwSU9fbTFjRENqRnpiTWFVR0k0WmNXUmFmeGYyN0R3RlUzTUdxN1E4eUxtaC1zLXpKTDM3MU5Hbm9ZYmlqbXNQRVhJT3JyNVkzUWtrSVpLQVFtSGM4U0VuYUlfYw?oc=5\" target=\"_blank\" rel=\"nofollow noopener\">\u00ab\u00a0\u00c7a permet de lancer v\u00e9ritablement la saison\u00a0\u00bb : Farissier revient sur la victoire du SA XV<\/a>&nbsp;&nbsp;Rugbyrama<\/li>\n<li><a href=\"https:\/\/news.google.com\/rss\/articles\/CBMirgFBVV95cUxPcjJ1Q19pdm01cUpHdzFRNGhKdjI5UlR1V05ZakJfMUwzd2J0NHc1b1AtRTZpT1Vkd1BNMlIxUHZmMmROb1F6dFZGeFhobkxWaUUzREhtbEY3MkF0cl96aDJfQlEzdVgzSnozYXdUSEh6ak0yQXVjWlhtR2hLVDhHVk5WUlJRZ0haOXFvOGpwWi1LSEtFQkdDeGFPck1ZdGJqZDBSVmxwdFVIcnlkUEE?oc=5\" target=\"_blank\" rel=\"nofollow noopener\">Rugby (Pro D2) : un SA XV de gala fait tomber Grenoble<\/a>&nbsp;&nbsp;Charente Libre<\/li>\n<li><a href=\"https:\/\/news.google.com\/rss\/articles\/CBMiogFBVV95cUxNdDRjdzZZa3V5RzdrZ1ppTGlMclJvUmJJZG8xMnhlOUY0WlBPNFNxOGcxeE41X01LTU9mRjRHd0NDTEdXanRRcHhvZHJrVURjWXk5bERZdkVmaGIyTG5rX2t2UnpRVURIeXdrUGk5TjBpd0tMRnROQXM5aWVWRC05dGwyOS1leXdlZmxsZjllcG9ERi1aTVh4Q0RTa3k3ZE9qdGc?oc=5\" target=\"_blank\" rel=\"nofollow noopener\">MV R\u00e9sidences vous pr\u00e9sente la compo\u2019 du FCG face au SAXV !<\/a>&nbsp;&nbsp;FC Grenoble Rugby<\/li>\n<\/ol>\n","protected":false},"excerpt":{"rendered":"Rugby &#8211; Pro D2. Thomas Ployet a plan\u00e9, Nadir Megdoud s\u2019est \u00e9gar\u00e9 : les tops et les flops&hellip;\n","protected":false},"author":2,"featured_media":501866,"comment_status":"","ping_status":"","sticky":false,"template":"","format":"standard","meta":{"footnotes":""},"categories":[2],"tags":[11,112,113,114,2727,107,1701,1011,27,2731,2732,108,12,2308,25,479,517,1947],"class_list":{"0":"post-501865","1":"post","2":"type-post","3":"status-publish","4":"format-standard","5":"has-post-thumbnail","7":"category-actualites","8":"tag-actualites","9":"tag-edition-grenoble-agglomeration","10":"tag-edition-gresivaudan-oisans","11":"tag-edition-voiron-saint-marcellin","12":"tag-fcg-fc-grenoble-rugby","13":"tag-fil-info","14":"tag-fil-info-sport","15":"tag-fr","16":"tag-france","17":"tag-grenoble","18":"tag-grenoble-bassin","19":"tag-isere","20":"tag-news","21":"tag-pro-d2","22":"tag-republique-francaise","23":"tag-rugby","24":"tag-sport","25":"tag-sport-national"},"share_on_mastodon":{"url":"https:\/\/pubeurope.com\/@fr\/115467984881369560","error":""},"_links":{"self":[{"href":"https:\/\/www.europesays.com\/fr\/wp-json\/wp\/v2\/posts\/501865","targetHints":{"allow":["GET"]}}],"collection":[{"href":"https:\/\/www.europesays.com\/fr\/wp-json\/wp\/v2\/posts"}],"about":[{"href":"https:\/\/www.europesays.com\/fr\/wp-json\/wp\/v2\/types\/post"}],"author":[{"embeddable":true,"href":"https:\/\/www.europesays.com\/fr\/wp-json\/wp\/v2\/users\/2"}],"replies":[{"embeddable":true,"href":"https:\/\/www.europesays.com\/fr\/wp-json\/wp\/v2\/comments?post=501865"}],"version-history":[{"count":0,"href":"https:\/\/www.europesays.com\/fr\/wp-json\/wp\/v2\/posts\/501865\/revisions"}],"wp:featuredmedia":[{"embeddable":true,"href":"https:\/\/www.europesays.com\/fr\/wp-json\/wp\/v2\/media\/501866"}],"wp:attachment":[{"href":"https:\/\/www.europesays.com\/fr\/wp-json\/wp\/v2\/media?parent=501865"}],"wp:term":[{"taxonomy":"category","embeddable":true,"href":"https:\/\/www.europesays.com\/fr\/wp-json\/wp\/v2\/categories?post=501865"},{"taxonomy":"post_tag","embeddable":true,"href":"https:\/\/www.europesays.com\/fr\/wp-json\/wp\/v2\/tags?post=501865"}],"curies":[{"name":"wp","href":"https:\/\/api.w.org\/{rel}","templated":true}]}}