{"id":501867,"date":"2025-10-31T09:06:14","date_gmt":"2025-10-31T09:06:14","guid":{"rendered":"https:\/\/www.europesays.com\/fr\/501867\/"},"modified":"2025-10-31T09:06:14","modified_gmt":"2025-10-31T09:06:14","slug":"loups-en-france-une-population-fragile-sous-surveillance","status":"publish","type":"post","link":"https:\/\/www.europesays.com\/fr\/501867\/","title":{"rendered":"Loups en France : une population fragile sous surveillance"},"content":{"rendered":"<p>\t\t\t\t\t\t\t\t<a href=\"https:\/\/www.ferus.fr\/wp-content\/uploads\/2025\/09\/850_9817.jpg\" target=\"_blank\" rel=\"noopener\"><img decoding=\"async\" src=\"https:\/\/www.europesays.com\/fr\/wp-content\/uploads\/2025\/10\/850_9817-450x300.jpg\" loading=\"lazy\"\/><\/a><\/p>\n<p>\t\t\t\t\t\t\t\t\t\t\t\t\t\t\t\t\t\t\t\t\u00a9 B\u00e9reng\u00e8re Yar\t\t\t\t\t\t\t\t\t<\/p>\n<p>Une \u00e9tude r\u00e9cente men\u00e9e par le Mus\u00e9um National d\u2019Histoire Naturelle et l\u2019Office Fran\u00e7ais de la Biodiversit\u00e9 dresse un \u00e9tat pr\u00e9cis de la population de loups en France et propose des projections peu r\u00e9jouissantes pour les ann\u00e9es \u00e0 venir. En voici un r\u00e9sum\u00e9 :<\/p>\n<p>Les donn\u00e9es collect\u00e9es depuis pr\u00e8s de 30 ans montrent que la population de loups a d\u2019abord connu une phase d\u2019expansion rapide : le nombre de meutes a doubl\u00e9 en peu de temps dans les ann\u00e9es 1990-2000. Mais, depuis 3 ans, le nombre de loups estim\u00e9 sur le territoire fran\u00e7ais stagne.<strong>\u00a0Pour les ann\u00e9es \u00e0 venir, dans certains sc\u00e9narios, on observe une possibilit\u00e9 de d\u00e9croissance de la population.<\/strong><\/p>\n<p><strong>Le r\u00f4le des tirs<\/strong><\/p>\n<p>Les tirs dits \u00ab d\u00e9rogatoires \u00bb visent \u00e0 limiter les pr\u00e9dations sur les troupeaux domestiques. Leur impact est donc int\u00e9gr\u00e9 dans les projections d\u00e9mographiques de cette \u00e9tude.<\/p>\n<p>Sans tirs, la population pourrait cro\u00eetre entre 12 et 31 % par an. Avec les niveaux actuels de pr\u00e9l\u00e8vement (environ 19 % des effectifs, soit environ 200 loups par an), la balance est plus incertaine : dans certaines ann\u00e9es, ce plafond (qui est en r\u00e9alit\u00e9 un quota d\u00e9guis\u00e9) est inf\u00e9rieur \u00e0 la croissance naturelle. Dans d\u2019autres il peut la d\u00e9passer, ce qui risque de faire baisser le nombre total de loups.<\/p>\n<p><strong>Concr\u00e8tement, les mod\u00e8les estiment qu\u2019avec 19 % de pr\u00e9l\u00e8vement, il y a plus d\u2019un risque sur deux (56 %) que la population diminue d\u00e8s l\u2019hiver prochain.<\/strong><\/p>\n<p>Jusqu\u2019en 2035, les scientifiques envisagent donc diff\u00e9rents sc\u00e9narios : certains montrent une population stable, d\u2019autres une baisse sensible. Tout d\u00e9pendra du niveau des pr\u00e9l\u00e8vements mais aussi de facteurs impr\u00e9visibles comme la mortalit\u00e9 naturelle, les collisions routi\u00e8res, le braconnage ou encore l\u2019installation de nouvelles meutes hors des Alpes.<\/p>\n<p><strong>Maintenir un suivi cibl\u00e9 et rapproch\u00e9<\/strong><\/p>\n<p>Aujourd\u2019hui, la strat\u00e9gie repose surtout sur un plafond national de pr\u00e9l\u00e8vements. Or, les pr\u00e9dations de loups sur les troupeaux sont tr\u00e8s variables selon les territoires, et pas forc\u00e9ment li\u00e9es au nombre total de loups en France. Les chercheurs sugg\u00e8rent donc une approche plus adaptative : ajuster les tirs au fil du temps et cibler davantage les zones o\u00f9 les d\u00e9g\u00e2ts sont les plus probl\u00e9matiques, plut\u00f4t que de raisonner uniquement en termes d\u2019effectifs globaux.<\/p>\n<p>Pour piloter cette gestion raisonn\u00e9e, le suivi annuel des loups est indispensable. Il permet de d\u00e9tecter rapidement des changements de tendance, d\u2019\u00e9valuer les nouvelles zones de colonisation (par exemple dans le Massif central ou le Grand Est) et d\u2019adapter les d\u00e9cisions en cons\u00e9quence.<\/p>\n<p>En r\u00e9sum\u00e9, cette \u00e9tude souligne le fait que la population de loups en France n\u2019est plus en forte expansion et qu\u2019elle se trouve aujourd\u2019hui \u00e0 un seuil fragile : selon les pr\u00e9l\u00e8vements d\u00e9cid\u00e9s chaque ann\u00e9e, elle ne pourra que\u00a0<strong>cro\u00eetre l\u00e9g\u00e8rement<\/strong>, plus probablement se\u00a0<strong>stabiliser<\/strong>\u00a0ou\u00a0<strong>d\u00e9cliner<\/strong>. Cette \u00e9tude plaide pour une gestion fine, cibl\u00e9e et adaptable, qui tienne compte \u00e0 la fois des besoins de conservation de l\u2019esp\u00e8ce et de la protection des troupeaux.<\/p>\n<p>La protection des troupeaux doit \u00eatre une priorit\u00e9<\/p>\n<p>Rappelons que l\u2019efficacit\u00e9 des tirs l\u00e9taux pour r\u00e9duire la pr\u00e9dation des troupeaux n\u2019a jamais \u00e9t\u00e9 d\u00e9montr\u00e9e. En revanche, une protection int\u00e9grale, adapt\u00e9e et bien mise en \u0153uvre produit des r\u00e9sultats concrets. Dans les zones o\u00f9 le loup est solidement implant\u00e9, comme l\u2019arc alpin, les meutes se sont stabilis\u00e9es et la g\u00e9n\u00e9ralisation des mesures de protection a entra\u00een\u00e9 une baisse de la pr\u00e9dation (\u20114,9 % en 2024). Lorsqu\u2019il y a pr\u00e9dation, les tirs d\u2019effarouchement se r\u00e9v\u00e8lent par ailleurs plus efficaces : ils am\u00e8nent les loups \u00e0 associer les animaux domestiques \u00e0 une pr\u00e9sence humaine risqu\u00e9e et \u00e0 les \u00e9viter. Comme le souligne l\u2019\u00e9thologue Jean\u2011Marc Landry, sp\u00e9cialiste du loup, la dissuasion et la protection des troupeaux sont des solutions pr\u00e9f\u00e9rables \u00e0 l\u2019\u00e9radication.<\/p>\n<p>\u00c0 quand une r\u00e9elle consid\u00e9ration des chiffres et des r\u00e9sultats scientifiques par l\u2019\u00c9tat qui semble, pour le moment, ne r\u00e9pondre qu\u2019aux demandes aveugles de certains syndicats agricoles\u00a0?<\/p>\n<p>Agissez avec nous ! Contribuez \u00e0 notre cagnotte en ligne pour engager des actions en justice contre l\u2019\u00c9tat et d\u00e9fendre les loups\u00a0:<\/p>\n<p>Depuis plus de 20 ans, FERUS agit pour la coexistence entre le loup et les activit\u00e9s humaines au travers des ses programmes de b\u00e9n\u00e9volat <a href=\"https:\/\/www.ferus.fr\/benevolat\/pastoraloup\" target=\"_blank\" rel=\"noopener\">PastoraLoup<\/a> et <a href=\"https:\/\/www.ferus.fr\/benevolat\/parole-de-loup\" target=\"_blank\" rel=\"noopener\">Parole de Loup<\/a>. Rejoignez-nous !<\/p>\n","protected":false},"excerpt":{"rendered":"\u00a9 B\u00e9reng\u00e8re Yar Une \u00e9tude r\u00e9cente men\u00e9e par le Mus\u00e9um National d\u2019Histoire Naturelle et l\u2019Office Fran\u00e7ais de la&hellip;\n","protected":false},"author":2,"featured_media":501868,"comment_status":"","ping_status":"","sticky":false,"template":"","format":"standard","meta":{"footnotes":""},"categories":[4],"tags":[11,7078,1011,27,18317,62394,12,62395,25,62396],"class_list":{"0":"post-501867","1":"post","2":"type-post","3":"status-publish","4":"format-standard","5":"has-post-thumbnail","7":"category-france","8":"tag-actualites","9":"tag-etude","10":"tag-fr","11":"tag-france","12":"tag-gnl","13":"tag-mnhn","14":"tag-news","15":"tag-population-de-loups","16":"tag-republique-francaise","17":"tag-tirs-de-loups"},"share_on_mastodon":{"url":"https:\/\/pubeurope.com\/@fr\/115467989958855533","error":""},"_links":{"self":[{"href":"https:\/\/www.europesays.com\/fr\/wp-json\/wp\/v2\/posts\/501867","targetHints":{"allow":["GET"]}}],"collection":[{"href":"https:\/\/www.europesays.com\/fr\/wp-json\/wp\/v2\/posts"}],"about":[{"href":"https:\/\/www.europesays.com\/fr\/wp-json\/wp\/v2\/types\/post"}],"author":[{"embeddable":true,"href":"https:\/\/www.europesays.com\/fr\/wp-json\/wp\/v2\/users\/2"}],"replies":[{"embeddable":true,"href":"https:\/\/www.europesays.com\/fr\/wp-json\/wp\/v2\/comments?post=501867"}],"version-history":[{"count":0,"href":"https:\/\/www.europesays.com\/fr\/wp-json\/wp\/v2\/posts\/501867\/revisions"}],"wp:featuredmedia":[{"embeddable":true,"href":"https:\/\/www.europesays.com\/fr\/wp-json\/wp\/v2\/media\/501868"}],"wp:attachment":[{"href":"https:\/\/www.europesays.com\/fr\/wp-json\/wp\/v2\/media?parent=501867"}],"wp:term":[{"taxonomy":"category","embeddable":true,"href":"https:\/\/www.europesays.com\/fr\/wp-json\/wp\/v2\/categories?post=501867"},{"taxonomy":"post_tag","embeddable":true,"href":"https:\/\/www.europesays.com\/fr\/wp-json\/wp\/v2\/tags?post=501867"}],"curies":[{"name":"wp","href":"https:\/\/api.w.org\/{rel}","templated":true}]}}