{"id":501871,"date":"2025-10-31T09:09:13","date_gmt":"2025-10-31T09:09:13","guid":{"rendered":"https:\/\/www.europesays.com\/fr\/501871\/"},"modified":"2025-10-31T09:09:13","modified_gmt":"2025-10-31T09:09:13","slug":"je-ne-pensais-pas-arriver-chez-les-bleus-aussi-rapidement","status":"publish","type":"post","link":"https:\/\/www.europesays.com\/fr\/501871\/","title":{"rendered":"Je ne pensais pas arriver chez les Bleus aussi rapidement"},"content":{"rendered":"<p>            Par<br \/>\n        <strong><br \/>\n            <a href=\"https:\/\/actu.fr\/auteur\/redaction-rugby\" title=\"Consulter tous les articles de R\u00e9daction Rugby\" rel=\"nofollow noopener\" target=\"_blank\">R\u00e9daction Rugby<\/a><br \/>\n        <\/strong><\/p>\n<p>        Publi\u00e9 le<\/p>\n<p>            31 oct. 2025 \u00e0 7h00        <\/p>\n<p><a href=\"https:\/\/actu.fr\/ile-de-france\/paris_75056\/jo-paris-2024-la-medaille-d-or-olympique-pour-les-bleus-du-rugby-a-7_61414286.html\" rel=\"nofollow noopener\" target=\"_blank\">Champion olympique en 2024<\/a> apr\u00e8s trois ann\u00e9es d\u00e9di\u00e9es au rugby \u00e0 VII, l\u2019ailier de <a href=\"https:\/\/actu.fr\/tag\/section-paloise\" rel=\"nofollow noopener\" target=\"_blank\">Pau<\/a> <strong>Aaron Grandidier-Nkanang<\/strong> est le premier, mis \u00e0 part Antoine Dupont, \u00e0 avoir rejoint le groupe du <a href=\"https:\/\/actu.fr\/rugby\/xv-de-france\" rel=\"nofollow noopener\" target=\"_blank\">XV France<\/a> mais est \u00ab\u00a0le m\u00eame joueur\u00a0\u00bb, a-t-il assur\u00e9 dans un entretien \u00e0 l\u2018AFP.<br \/>\u00ab\u00a0Je croyais vraiment pouvoir y arriver un jour, mais je ne pensais pas y arriver aussi rapidement\u00a0\u00bb, a racont\u00e9 le Palois 25 ans, qui a connu en d\u00e9but de semaine son premier rassemblement \u00e0 Marcoussis \u00e0 XV avant de <a href=\"https:\/\/actu.fr\/sports\/rugby\/xv-de-france\/xv-de-france-alldritt-blesse-gailleton-libere-la-liste-des-19-joueurs-renvoyes-dans-leur-club_63367899.html\" rel=\"nofollow noopener\" target=\"_blank\">retourner dans son club mercredi soir<\/a>.<\/p>\n<p class=\" wall-content\"><strong>Comment s\u2019est pass\u00e9 ce premier rassemblement avec le XV de France ?<\/strong><br \/>A.G-N. \u00ab\u00a0J\u2019y allais vraiment avec un \u00e9tat d\u2019esprit de prendre tout ce qu\u2019il y avait \u00e0 prendre, que ce soit \u00e9motionnellement, sportivement, physiquement ou autre, avec z\u00e9ro attente et juste avec une envie de m\u2019am\u00e9liorer, d\u2019apprendre \u00e0 conna\u00eetre des mecs que je ne connaissais pas.\u00a0\u00bb<\/p>\n<p class=\" wall-content\"><strong>Arriver dans le XV de France, c\u2019\u00e9tait un objectif affich\u00e9 ?<\/strong><br \/>A.G-N. \u00ab\u00a0C\u2019est une ambition que j\u2019ai depuis que j\u2019ai d\u00e9cid\u00e9 de me concentrer pleinement sur le rugby \u00e0 15. Au d\u00e9but, ce n\u2019est pas quelque chose que j\u2019ai cri\u00e9 sur tous les toits parce que je pensais \u00eatre plut\u00f4t loin de cet objectif-l\u00e0. Je croyais vraiment pouvoir y arriver un jour, mais je ne pensais pas y arriver aussi rapidement (\u2026) Mon objectif maintenant, c\u2019est juste de continuer \u00e0 faire des bons matches pour mon club, pour me mettre dans une position d\u2019\u00eatre repris, et j\u2019esp\u00e8re qu\u2019un jour j\u2019aurai ma chance sous le maillot bleu.\u00a0\u00bb<\/p>\n<blockquote class=\"ac-article-quote wall-content\">\n<p>\u00ab\u00a0Il y avait des choses que j&rsquo;ai d\u00fb travailler et peaufiner, mais fondamentalement, je suis le m\u00eame joueur\u00a0\u00bb.<\/p>\n<p>    <strong>Aaron Grandidier-Nkanang<\/strong>\n            <\/p><\/blockquote>\n<p class=\" wall-content\"><strong>Comment on s\u2019int\u00e8gre dans le projet de jeu du XV de France ?<\/strong><br \/>A.G-N. \u00ab\u00a0Le premier jour, on a des entretiens avec les coachs qui nous expliquent un peu le fonctionnement. Ensuite, c\u2019est direct l\u2019entra\u00eenement. Je pense qu\u2019on doit vite prendre nos marques et comprendre ce qui se passe. Il y a moins de \u00ab\u00a0skills\u00a0\u00bb [travail technique NDLR] et on est plus directement au travail collectif. L\u2019entra\u00eenement du mercredi, il y a une grosse intensit\u00e9 mais ce n\u2019est pas forc\u00e9ment quelque chose qui m\u2019a surpris avec les entra\u00eenements qu\u2019on fait \u00e0 Pau.\u00a0\u00bb<\/p>\n<p class=\" wall-content\"><a href=\"https:\/\/www.instagram.com\/p\/DQZyEupCnEk\/embed\" title=\"Ouvrir le lien sur Instagram\" rel=\"nofollow noopener\" target=\"_blank\">Visualiser le contenu sur Instagram<\/a><\/p>\n<p class=\" wall-content\"><strong>Depuis votre retour au XV, avez-vous d\u00fb changer votre mani\u00e8re de jouer ?<\/strong><br \/>A.G-N. \u00ab\u00a0Il y avait des choses que j\u2019ai d\u00fb travailler et peaufiner, mais fondamentalement, je suis le m\u00eame joueur. J\u2019ai retrouv\u00e9 de la r\u00e9ussite, ce qui me permet de grandir en confiance de match en match. Mais j\u2019ai les m\u00eames qualit\u00e9s physiques, j\u2019ai la m\u00eame d\u00e9termination, la m\u00eame envie. (\u2026) Au d\u00e9but, j\u2019ai eu beaucoup de mal sur certains aspects, dans la partie compr\u00e9hension. Pour moi, le seul moyen de s\u2019am\u00e9liorer, c\u2019est de jouer. J\u2019ai eu assez de chances d\u2019avoir un manager qui croit en moi et qui m\u2019a donn\u00e9 pas mal d\u2019opportunit\u00e9s assez t\u00f4t de \u00ab\u00a0matcher\u00a0\u00bb.\u00a0\u00bb<\/p>\n<blockquote class=\"ac-article-quote wall-content\">\n<p>Je pense que ce titre olympique, \u00e7a nous a juste rapport\u00e9s du respect, qu&rsquo;on n&rsquo;avait pas avant en tant que joueur de rugby \u00e0 7.<\/p>\n<p>    <strong>Aaron Grandidier-Nkanang<\/strong>\n            <\/p><\/blockquote>\n<p class=\" wall-content\"><strong>Le titre olympique a-t-il mis une pression suppl\u00e9mentaire ?<\/strong><br \/>A.G-N. \u00ab\u00a0Non, z\u00e9ro. Je pense que ce titre olympique \u2013 je parle pour nous tous \u2013 \u00e7a nous a juste rapport\u00e9s du respect, qu\u2019on n\u2019avait pas avant en tant que joueur de rugby \u00e0 7.\u00a0\u00bb<\/p>\n<p>Votre r\u00e9gion, votre actu !<\/p>\n<p>Recevez chaque jour les infos qui comptent pour vous.<\/p>\n<p>\t<a href=\"https:\/\/actu.fr\/newsletter\" class=\"ac-btn ac-btn--corner ac-btn--medium ac-btn--blue800\" rel=\"nofollow noopener\" target=\"_blank\">S&rsquo;incrire<\/a><\/p>\n<p class=\" wall-content\"><strong>Vous \u00eates reconnu pour vos qualit\u00e9s dans les duels a\u00e9riens. Comment on travaille cet aspect ?<\/strong><br \/>A.G-N. \u00ab\u00a0Pour moi, le seul moyen de vraiment s\u2019am\u00e9liorer, c\u2019est de faire des r\u00e9p\u00e9titions sous pression. C\u2019est quand il y a d\u2019autres personnes \u00e0 la lutte que \u00e7a devient vraiment compliqu\u00e9. C\u2019est l\u00e0 o\u00f9 les meilleurs joueurs a\u00e9riens se d\u00e9marquent. Aujourd\u2019hui, c\u2019est un peu ma force. Mais j\u2019aimerais bien que \u00e7a devienne une force encore plus marquante.\u00a0\u00bb<\/p>\n<p class=\" wall-content\"><strong>Entretien accord\u00e9 \u00e0 l\u2019@AFP<\/strong><\/p>\n<p class=\" wall-content\">Personnalisez votre actualit\u00e9 en ajoutant vos villes et m\u00e9dias en favori avec <a href=\"https:\/\/moncompte.actu.fr\" title=\"D\u00e9couvez Mon Actu\" rel=\"nofollow noopener\" data-trk=\"{&quot;cta&quot;:{&quot;action&quot;:&quot;https:\\\/\\\/moncompte.actu.fr&quot;,&quot;category&quot;:&quot;mon compte&quot;,&quot;from&quot;:&quot;article footer&quot;,&quot;name&quot;:&quot;Mon actu&quot;,&quot;type&quot;:&quot;cta&quot;}}\" target=\"_blank\">Mon Actu<\/a>.<\/p>\n<p>                    <script async src=\"\/\/www.instagram.com\/embed.js\"><\/script><\/p>\n","protected":false},"excerpt":{"rendered":"Par R\u00e9daction Rugby Publi\u00e9 le 31 oct. 2025 \u00e0 7h00 Champion olympique en 2024 apr\u00e8s trois ann\u00e9es d\u00e9di\u00e9es&hellip;\n","protected":false},"author":2,"featured_media":501872,"comment_status":"","ping_status":"","sticky":false,"template":"","format":"standard","meta":{"footnotes":""},"categories":[1416],"tags":[1011,27,479,1468,12098,60,513],"class_list":{"0":"post-501871","1":"post","2":"type-post","3":"status-publish","4":"format-standard","5":"has-post-thumbnail","7":"category-rugby","8":"tag-fr","9":"tag-france","10":"tag-rugby","11":"tag-rugby-football","12":"tag-section-paloise","13":"tag-sports","14":"tag-xv-de-france"},"share_on_mastodon":{"url":"https:\/\/pubeurope.com\/@fr\/115468000622645911","error":""},"_links":{"self":[{"href":"https:\/\/www.europesays.com\/fr\/wp-json\/wp\/v2\/posts\/501871","targetHints":{"allow":["GET"]}}],"collection":[{"href":"https:\/\/www.europesays.com\/fr\/wp-json\/wp\/v2\/posts"}],"about":[{"href":"https:\/\/www.europesays.com\/fr\/wp-json\/wp\/v2\/types\/post"}],"author":[{"embeddable":true,"href":"https:\/\/www.europesays.com\/fr\/wp-json\/wp\/v2\/users\/2"}],"replies":[{"embeddable":true,"href":"https:\/\/www.europesays.com\/fr\/wp-json\/wp\/v2\/comments?post=501871"}],"version-history":[{"count":0,"href":"https:\/\/www.europesays.com\/fr\/wp-json\/wp\/v2\/posts\/501871\/revisions"}],"wp:featuredmedia":[{"embeddable":true,"href":"https:\/\/www.europesays.com\/fr\/wp-json\/wp\/v2\/media\/501872"}],"wp:attachment":[{"href":"https:\/\/www.europesays.com\/fr\/wp-json\/wp\/v2\/media?parent=501871"}],"wp:term":[{"taxonomy":"category","embeddable":true,"href":"https:\/\/www.europesays.com\/fr\/wp-json\/wp\/v2\/categories?post=501871"},{"taxonomy":"post_tag","embeddable":true,"href":"https:\/\/www.europesays.com\/fr\/wp-json\/wp\/v2\/tags?post=501871"}],"curies":[{"name":"wp","href":"https:\/\/api.w.org\/{rel}","templated":true}]}}