{"id":501875,"date":"2025-10-31T09:14:10","date_gmt":"2025-10-31T09:14:10","guid":{"rendered":"https:\/\/www.europesays.com\/fr\/501875\/"},"modified":"2025-10-31T09:14:10","modified_gmt":"2025-10-31T09:14:10","slug":"un-directeur-sportif-francais-rejoint-xds-astana-actualite","status":"publish","type":"post","link":"https:\/\/www.europesays.com\/fr\/501875\/","title":{"rendered":"Un directeur sportif fran\u00e7ais rejoint XDS Astana &#8211; Actualit\u00e9"},"content":{"rendered":"<p>Apr\u00e8s l\u2019arr\u00eat de l\u2019\u00e9quipe Ark\u00e9a-B&amp;B H\u00f4tels, Yvon Ledanois a d\u00fb trouver une nouvelle formation pour la saison 2026. Le directeur sportif de 56 ans s\u2019est engag\u00e9 avec la WorldTeam XDS Astana.<\/p>\n<p>Depuis l&rsquo;arr\u00eat de sa carri\u00e8re de coureur, Yvon Ledanois a \u00e9t\u00e9 directeur sportif dans trois structures, \u00e0 savoir la Caisse d\u2019Epargne devenue la Movistar de 2008 \u00e0 2012 et en 2023, la BMC de 2013 \u00e0 2017 et donc d\u2019Ark\u00e9a-B&amp;B H\u00f4tels, de 2018 \u00e0 2022 et en 2024 et 2025.<\/p>\n","protected":false},"excerpt":{"rendered":"Apr\u00e8s l\u2019arr\u00eat de l\u2019\u00e9quipe Ark\u00e9a-B&amp;B H\u00f4tels, Yvon Ledanois a d\u00fb trouver une nouvelle formation pour la saison 2026.&hellip;\n","protected":false},"author":2,"featured_media":501876,"comment_status":"","ping_status":"","sticky":false,"template":"","format":"standard","meta":{"footnotes":""},"categories":[1411],"tags":[834,828,836,829,837,827,83,826,824,823,1154,207,814,817,815,816,822,821,832,211,839,1011,27,820,818,819,835,831,830,833,838,60,212,208,825],"class_list":{"0":"post-501875","1":"post","2":"type-post","3":"status-publish","4":"format-standard","5":"has-post-thumbnail","7":"category-cyclisme","8":"tag-attaque","9":"tag-belgique","10":"tag-braquet","11":"tag-bretagne","12":"tag-chute","13":"tag-competition","14":"tag-coupe-de-france","15":"tag-coureur","16":"tag-course-cyclisme","17":"tag-course-cycliste","18":"tag-cycling","19":"tag-cyclisme","20":"tag-direct","21":"tag-direct-velo","22":"tag-directvelo","23":"tag-directvelo-com","24":"tag-epreuve","25":"tag-epreuve-cycliste","26":"tag-federation-francaise-de-cyclisme","27":"tag-ffc","28":"tag-flandres","29":"tag-fr","30":"tag-france","31":"tag-live","32":"tag-live-course","33":"tag-live-epreuve","34":"tag-peloton","35":"tag-radio-peloton","36":"tag-radio-tour","37":"tag-ravitaillement","38":"tag-relance","39":"tag-sports","40":"tag-uci","41":"tag-velo","42":"tag-velos"},"share_on_mastodon":{"url":"https:\/\/pubeurope.com\/@fr\/115468020369041428","error":""},"_links":{"self":[{"href":"https:\/\/www.europesays.com\/fr\/wp-json\/wp\/v2\/posts\/501875","targetHints":{"allow":["GET"]}}],"collection":[{"href":"https:\/\/www.europesays.com\/fr\/wp-json\/wp\/v2\/posts"}],"about":[{"href":"https:\/\/www.europesays.com\/fr\/wp-json\/wp\/v2\/types\/post"}],"author":[{"embeddable":true,"href":"https:\/\/www.europesays.com\/fr\/wp-json\/wp\/v2\/users\/2"}],"replies":[{"embeddable":true,"href":"https:\/\/www.europesays.com\/fr\/wp-json\/wp\/v2\/comments?post=501875"}],"version-history":[{"count":0,"href":"https:\/\/www.europesays.com\/fr\/wp-json\/wp\/v2\/posts\/501875\/revisions"}],"wp:featuredmedia":[{"embeddable":true,"href":"https:\/\/www.europesays.com\/fr\/wp-json\/wp\/v2\/media\/501876"}],"wp:attachment":[{"href":"https:\/\/www.europesays.com\/fr\/wp-json\/wp\/v2\/media?parent=501875"}],"wp:term":[{"taxonomy":"category","embeddable":true,"href":"https:\/\/www.europesays.com\/fr\/wp-json\/wp\/v2\/categories?post=501875"},{"taxonomy":"post_tag","embeddable":true,"href":"https:\/\/www.europesays.com\/fr\/wp-json\/wp\/v2\/tags?post=501875"}],"curies":[{"name":"wp","href":"https:\/\/api.w.org\/{rel}","templated":true}]}}