{"id":501880,"date":"2025-10-31T09:17:15","date_gmt":"2025-10-31T09:17:15","guid":{"rendered":"https:\/\/www.europesays.com\/fr\/501880\/"},"modified":"2025-10-31T09:17:15","modified_gmt":"2025-10-31T09:17:15","slug":"a-travers-la-brume-un-photographe-voit-apparaitre-une-mysterieuse-silhouette","status":"publish","type":"post","link":"https:\/\/www.europesays.com\/fr\/501880\/","title":{"rendered":"A travers la brume, un photographe voit appara\u00eetre une myst\u00e9rieuse silhouette"},"content":{"rendered":"<p>\n                            Ce matin-l\u00e0, entre deux rafales venues de la mer du Nord, un photographe venu pour profiter des oiseaux a fait une tout autre rencontre\u00a0: un ph\u00e9nom\u00e8ne climatique tr\u00e8s pr\u00e9cis, amplifi\u00e9 par une m\u00e9t\u00e9o capricieuse.<\/p>\n<p data-end=\"436\" data-start=\"0\">En longeant les falaises de Bempton, dans l&rsquo;est du Yorkshire, Chris Atkinson ne cherchait qu&rsquo;\u00e0 photographier les faucons p\u00e8lerins qui nichent sur cette portion spectaculaire du littoral anglais. Appareil en main, il r\u00e9glait la mise au point sur ces oiseaux en vol quand son objectif a capt\u00e9 tout autre chose. Une sc\u00e8ne extr\u00eamement rare\u00a0: un cercle de lumi\u00e8re suspendu dans la brume, au centre duquel se dessinait sa propre silhouette.<\/p>\n<p data-end=\"1060\" data-is-last-node=\"\" data-is-only-node=\"\" data-start=\"438\">Le photographe britannique de 44\u00a0ans se trouvait sur les hauteurs face \u00e0 la mer du Nord lorsque le brouillard s&rsquo;est mis \u00e0 interagir avec la lumi\u00e8re du soleil. \u00ab\u00a0J&rsquo;ai vu quelque chose de diff\u00e9rent, d&rsquo;inhabituel, raconte-t-il \u00e0 la BBC. Et en bougeant pour trouver un meilleur angle, j&rsquo;ai compris que cette grande ombre, c&rsquo;\u00e9tait la mienne.\u00a0\u00bb<\/p>\n<p>Sur la photo, on distingue nettement la silhouette sombre entour\u00e9e d\u2019un halo color\u00e9 aux teintes d\u2019arc-en-ciel. Ce ph\u00e9nom\u00e8ne, connu sous le nom de spectre de Brocken, fascine autant les m\u00e9t\u00e9orologues que les passionn\u00e9s de montagne. Il se produit lorsque le soleil, plac\u00e9 derri\u00e8re un observateur, projette son ombre sur un nuage ou une nappe de brouillard situ\u00e9e en contrebas. La lumi\u00e8re, diffract\u00e9e par les gouttelettes d\u2019eau en suspension, forme alors un cercle lumineux parfait. L\u2019ombre para\u00eet immense et semble flotter dans la brume, comme suspendue \u00e0 distance. Le nom de ce ph\u00e9nom\u00e8ne remonte \u00e0 la fin du XVIII\u1d49 si\u00e8cle.<\/p>\n<p><img decoding=\"async\" alt=\"\" src=\"https:\/\/www.europesays.com\/fr\/wp-content\/uploads\/2025\/10\/40050649.jpg\"\/><\/p>\n<p>C\u2019est sur le mont Brocken, en Allemagne, que les premiers alpinistes ont d\u00e9crit ces silhouettes g\u00e9antes cercl\u00e9es de lumi\u00e8re. \u00c0 Bempton Cliffs, r\u00e9serve naturelle g\u00e9r\u00e9e par la RSPB et r\u00e9put\u00e9e pour ses colonies de fous de Bassan, de macareux et de guillemots, l\u2019apparition d\u2019un spectre de Brocken reste exceptionnelle. \u00ab\u00a0Nous n\u2019en avions jamais observ\u00e9 ici, explique Dannie Jackson, responsable de l\u2019accueil du public. Ce n\u2019est pas un ph\u00e9nom\u00e8ne qu\u2019on peut pr\u00e9voir. C\u2019est vraiment une question de timing : \u00eatre au bon endroit, au bon moment.\u00a0\u00bb<\/p>\n<p>La photo de Chris Atkinson a rapidement \u00e9t\u00e9 partag\u00e9e par la page Facebook officielle de la r\u00e9serve, recueillant plus de 1 300 r\u00e9actions. \u00ab\u00a0Les commentaires positifs ont \u00e9t\u00e9 incroyables, confie-t-il. C\u2019est la premi\u00e8re fois que je capture quelque chose d\u2019aussi inattendu. Cette photo passe directement en haut de la pile dans mes albums.\u00a0\u00bb Habituellement, le photographe s\u2019attache \u00e0 immortaliser la faune locale ou les couchers de soleil sur la mer. Cette fois, il a saisi un moment rare o\u00f9 le paysage, la lumi\u00e8re et la m\u00e9t\u00e9o se sont align\u00e9s pour cr\u00e9er une image presque irr\u00e9elle &#8211; mais parfaitement naturelle.<\/p>\n<p>Sur cette c\u00f4te battue par les vents, o\u00f9 la brume monte souvent de la mer au petit matin, le spectacle du spectre de Brocken rappelle que les plus beaux clich\u00e9s de nature ne se programment pas : ils se produisent quand l\u2019atmosph\u00e8re, le relief et la lumi\u00e8re s\u2019accordent \u00e0 la seconde pr\u00e8s. Une invitation \u00e0 lever les yeux, \u00e0 observer, et \u00e0 red\u00e9couvrir la magie tr\u00e8s r\u00e9elle des ph\u00e9nom\u00e8nes m\u00e9t\u00e9orologiques.<\/p>\n","protected":false},"excerpt":{"rendered":"Ce matin-l\u00e0, entre deux rafales venues de la mer du Nord, un photographe venu pour profiter des oiseaux&hellip;\n","protected":false},"author":2,"featured_media":501881,"comment_status":"","ping_status":"","sticky":false,"template":"","format":"standard","meta":{"footnotes":""},"categories":[1358],"tags":[1348,1384,1385,62397,51761,1386,58,59,51763,1011,27,51989,51766,1031,51767],"class_list":{"0":"post-501880","1":"post","2":"type-post","3":"status-publish","4":"format-standard","5":"has-post-thumbnail","7":"category-arts-et-design","8":"tag-arts","9":"tag-arts-and-design","10":"tag-arts-et-design","11":"tag-cms-journaldesfemmes-3245918","12":"tag-controller-content","13":"tag-design","14":"tag-divertissement","15":"tag-entertainment","16":"tag-format-papier","17":"tag-fr","18":"tag-france","19":"tag-index-tag-interdit-hors-redacchef","20":"tag-les-histoires-du-jdf","21":"tag-magazine","22":"tag-parallaxeinfeed"},"share_on_mastodon":{"url":"https:\/\/pubeurope.com\/@fr\/115468032052309781","error":""},"_links":{"self":[{"href":"https:\/\/www.europesays.com\/fr\/wp-json\/wp\/v2\/posts\/501880","targetHints":{"allow":["GET"]}}],"collection":[{"href":"https:\/\/www.europesays.com\/fr\/wp-json\/wp\/v2\/posts"}],"about":[{"href":"https:\/\/www.europesays.com\/fr\/wp-json\/wp\/v2\/types\/post"}],"author":[{"embeddable":true,"href":"https:\/\/www.europesays.com\/fr\/wp-json\/wp\/v2\/users\/2"}],"replies":[{"embeddable":true,"href":"https:\/\/www.europesays.com\/fr\/wp-json\/wp\/v2\/comments?post=501880"}],"version-history":[{"count":0,"href":"https:\/\/www.europesays.com\/fr\/wp-json\/wp\/v2\/posts\/501880\/revisions"}],"wp:featuredmedia":[{"embeddable":true,"href":"https:\/\/www.europesays.com\/fr\/wp-json\/wp\/v2\/media\/501881"}],"wp:attachment":[{"href":"https:\/\/www.europesays.com\/fr\/wp-json\/wp\/v2\/media?parent=501880"}],"wp:term":[{"taxonomy":"category","embeddable":true,"href":"https:\/\/www.europesays.com\/fr\/wp-json\/wp\/v2\/categories?post=501880"},{"taxonomy":"post_tag","embeddable":true,"href":"https:\/\/www.europesays.com\/fr\/wp-json\/wp\/v2\/tags?post=501880"}],"curies":[{"name":"wp","href":"https:\/\/api.w.org\/{rel}","templated":true}]}}