{"id":501882,"date":"2025-10-31T09:19:17","date_gmt":"2025-10-31T09:19:17","guid":{"rendered":"https:\/\/www.europesays.com\/fr\/501882\/"},"modified":"2025-10-31T09:19:17","modified_gmt":"2025-10-31T09:19:17","slug":"pierre-jean-chalencon-craque-completement-chez-cyril-hanouna-certaines-racailles","status":"publish","type":"post","link":"https:\/\/www.europesays.com\/fr\/501882\/","title":{"rendered":"Pierre-Jean Chalen\u00e7on craque compl\u00e8tement chez Cyril Hanouna, \u00ab\u00a0Certaines racailles&#8230;\u00a0\u00bb"},"content":{"rendered":"<p>Le jeudi 30 octobre 2025, l&rsquo;\u00e9mission Tout beau tout n9uf <strong>anim\u00e9e par Cyril<br \/>\nHanouna<\/strong> a beaucoup fait parler d&rsquo;elle, notamment sur les<br \/>\nr\u00e9seaux sociaux. Pierre-Jean Chalen\u00e7on \u00e9tait invit\u00e9 pour r\u00e9agir au<br \/>\ntr\u00e8s m\u00e9diatis\u00e9 <a href=\"https:\/\/www.mariefrance.fr\/news-people\/totalement-interdit-star-francaise-revele-avoir-porte-bijoux-royaux-voles-louvre-image-lappui-1214155.html\" rel=\"nofollow noopener\" target=\"_blank\"><br \/>\nbraquage du mus\u00e9e du Louvre<\/a>. L&rsquo;ancien acheteur d&rsquo;Affaire<br \/>\nConclue <strong>a suscit\u00e9 l&rsquo;indignation de nombreux<br \/>\nt\u00e9l\u00e9spectateurs<\/strong> et internautes en qualifiant Rachida Dati,<br \/>\nl&rsquo;actuelle ministre de la Culture, de \u00ab\u00a0reine du couscous\u00a0\u00bb.<\/p>\n<p>L&rsquo;un des sujets principaux de l&rsquo;\u00e9mission \u00e9tait <strong>le vol<br \/>\ndes bijoux de la Couronne<\/strong>, dont le montant est estim\u00e9 \u00e0 88<br \/>\nmillions d&rsquo;euros, comme nous le rappellent nos confr\u00e8res de<br \/>\nT\u00e9l\u00e9 7 Jours. Le collectionneur, bien connu pour son<br \/>\nfranc-parler, mais aussi pour sa passion pour l&rsquo;Histoire, venait<br \/>\ndonc partager son point de vue sur cette affaire. <strong>\u00c9mu comme<br \/>\nbeaucoup de Fran\u00e7ais<\/strong>, il s&rsquo;est dit indign\u00e9 par ce<br \/>\ncambriolage, <a href=\"https:\/\/www.mariefrance.fr\/news-people\/nicolas-sarkozy-incarcere-prison-sante-rachida-dati-mache-mots-face-pascal-praud-1213694.html\" rel=\"nofollow noopener\" target=\"_blank\"><br \/>\navant d&rsquo;\u00e9voquer directement Rachida Dati<\/a>.<\/p>\n<p>Pierre-Jean Chalen\u00e7on d\u00e9rape en \u00e9voquant Rachida Dati<\/p>\n<p>Sur le plateau de Tout beau tout n9uf, Pierre-Jean<br \/>\nChalen\u00e7on a d\u2019abord regrett\u00e9 ce qu&rsquo;\u00e9tait devenue la culture \u00e0 la<br \/>\nt\u00e9l\u00e9vision. Selon, il devrait y avoir <strong>davantage de<br \/>\nprogrammes \u00e9ducatifs<\/strong>. \u00ab\u00a0J&rsquo;aimerais en redonner. Il y a<br \/>\nquelques ann\u00e9es Cyril, tu m&rsquo;avais propos\u00e9 de faire une rubrique sur<br \/>\nl&rsquo;Histoire. On aurait d\u00fb la faire. Tous ces jeunes de banlieue,<br \/>\ncertaines racailles, ne connaissent pas l&rsquo;Histoire de France\u00a0\u00bb,<br \/>\na-t-il commenc\u00e9 par dire, avant d&rsquo;ajouter : \u00ab\u00a0Si t&rsquo;as un mec<br \/>\ncomme moi qui arrive et qui leur explique, <strong>ils n&rsquo;auraient<br \/>\npeut-\u00eatre pas accept\u00e9 cette commande<\/strong>. Ils ne l&rsquo;auraient<br \/>\npas fait\u00a0\u00bb.<\/p>\n<p>Cette diatribe a \u00e9t\u00e9 jug\u00e9e maladroite par certains<br \/>\nt\u00e9l\u00e9spectateurs, mais pour la plupart d&rsquo;entre eux, <strong>le pire<br \/>\nest ce qui a suivi<\/strong>. Le collectionneur a ensuite \u00e9voqu\u00e9<br \/>\nSt\u00e9phane Bern et Rachida Dati. Et le moins que l&rsquo;on puisse dire,<br \/>\nc&rsquo;est que sa phrase a beaucoup choqu\u00e9. \u00ab\u00a0St\u00e9phane Bern il \u00e9tait<br \/>\ndans un \u00e9tat le pauvre&#8230; <strong>Et la Rachida, la reine du<br \/>\ncouscous<\/strong>&#8230;\u00a0\u00bb, a-t-il lanc\u00e9 en riant. Apr\u00e8s un petit<br \/>\nsilence, un chroniqueur a rapidement souhait\u00e9 r\u00e9agir. \u00ab\u00a0Tu vois<br \/>\nmonsieur Chalen\u00e7on, c&rsquo;est tout le probl\u00e8me avec toi. C&rsquo;est ce qui<br \/>\nfait que, pardon, tu n&rsquo;es pas cr\u00e9dible. Tu n&rsquo;as pas \u00e0 sortir<br \/>\n\u00e7a\u00a0\u00bb, a d\u00e9plor\u00e9 Laurent Fontaine. D&rsquo;autres chroniqueurs se sont<br \/>\njoints \u00e0 lui et Pierre-Jean Chalen\u00e7on <strong>a fini par retirer<br \/>\nses propos<\/strong>. Trop tard, le mal \u00e9tait d\u00e9j\u00e0 fait.<\/p>\n<p><img loading=\"lazy\" decoding=\"async\" aria-describedby=\"caption-attachment-1216284\" itemprop=\"thumbnailUrl\" class=\"size-full wp-image-1216284 img-responsive\" src=\"https:\/\/www.europesays.com\/fr\/wp-content\/uploads\/2025\/10\/rachida-dati.jpg\" alt=\"Rachida Dati\" width=\"1280\" height=\"720\"\/> \u00a9<br \/>\nShutterstock<\/p>\n<p id=\"caption-attachment-1216284\" class=\"wp-caption-text\">\nPierre-Jean Chalen\u00e7on a \u00e9voqu\u00e9 Rachida Dati en parlant de \u00ab\u00a0reine du<br \/>\ncouscous\u00a0\u00bb, une phrase qui n&rsquo;est pas pass\u00e9e aupr\u00e8s de tout le<br \/>\nmonde.<\/p>\n<p>Pierre-Jean Chalen\u00e7on accus\u00e9 de propos racistes sur les r\u00e9seaux<br \/>\nsociaux<\/p>\n<p>Tr\u00e8s vite, les internautes n&rsquo;ont pas manqu\u00e9 <strong>de faire<br \/>\npart de leur indignation<\/strong> sur les r\u00e9seaux sociaux. Le<br \/>\nhashtag #TBT9 a grimp\u00e9 dans les tendances, t\u00e9moignant du bad buzz<br \/>\nprovoqu\u00e9 par cette s\u00e9quence. Beaucoup ont d\u00e9nonc\u00e9 les propos de<br \/>\nPierre-Jean Chalen\u00e7on, les taxant de \u00ab\u00a0racistes\u00a0\u00bb et<br \/>\n\u00ab\u00a0d&rsquo;inacceptables\u00a0\u00bb. D&rsquo;autres ont m\u00eame \u00ab\u00a0tagu\u00e9\u00a0\u00bb directement <a href=\"https:\/\/www.mariefrance.fr\/news-people\/nicolas-sarkozy-incarcere-prison-sante-rachida-dati-mache-mots-face-pascal-praud-1213694.html\" rel=\"nofollow noopener\" target=\"_blank\"><br \/>\nRachida Dati<\/a>, afin qu&rsquo;elle r\u00e9agisse, <strong>voire qu&rsquo;elle<br \/>\nd\u00e9pose une plainte<\/strong> \u00e0 l&rsquo;encontre du collectionneur.<\/p>\n<p>Pierre-Jean Chalen\u00e7on \u00e9tait <strong>la principale cible des<br \/>\ncritiques<\/strong>, mais Cyril Hanouna a aussi \u00e9t\u00e9 vis\u00e9. Sa<br \/>\nr\u00e9action a \u00e9t\u00e9 jug\u00e9e trop \u00ab\u00a0ti\u00e8de\u00a0\u00bb, son attitude choquant m\u00eame<br \/>\nplusieurs t\u00e9l\u00e9spectateurs. \u00ab\u00a0M\u00eame Hanouna n\u2019a pas \u00e9t\u00e9 choqu\u00e9, il<br \/>\ns\u2019est juste repris quand il a vu la t\u00eate des chroniqueurs\u201d,<br \/>\n\u00e9crivait d&rsquo;ailleurs un internaute \u00e0 ce propos. Sur le plateau,<br \/>\nl&rsquo;animateur a tout de m\u00eame tent\u00e9 d&rsquo;apaiser la situation <strong>en<br \/>\nchangeant de sujet<\/strong>.<\/p>\n<p><img loading=\"lazy\" decoding=\"async\" aria-describedby=\"caption-attachment-1216285\" class=\"size-full wp-image-1216285 img-responsive\" src=\"https:\/\/www.europesays.com\/fr\/wp-content\/uploads\/2025\/10\/pierre-jean-chalencon.jpg\" alt=\"Pierre-Jean Chalen\u00e7on\" width=\"1280\" height=\"720\"\/><br \/>\n\u00a9 W9 \/<br \/>\nTBT9<\/p>\n<p id=\"caption-attachment-1216285\" class=\"wp-caption-text\">Les<br \/>\npropos de Pierre-Jean Chalen\u00e7on ont beaucoup choqu\u00e9 sur les r\u00e9seaux<br \/>\nsociaux, certains l&rsquo;accusant m\u00eame de racisme.<\/p>\n<p>Pierre-Jean Chalen\u00e7on n&rsquo;en est pas \u00e0 sa<br \/>\npremi\u00e8re pol\u00e9mique<\/p>\n<p><a href=\"https:\/\/www.mariefrance.fr\/news-people\/pierre-jean-chalencon-en-larmes-apres-le-vol-au-louvre-lex-acheteur-daffaire-conclue-pique-une-crise-dans-une-video-lunaire-vous-allez-bruler-en-enfer-1213445.html\" rel=\"nofollow noopener\" target=\"_blank\"><br \/>\nPierre-Jean Chalen\u00e7on<\/a> est d\u00e9sormais <strong>un habitu\u00e9 des<br \/>\npol\u00e9miques<\/strong>. Ses d\u00e9clarations controvers\u00e9es lui avaient<br \/>\nd\u00e9j\u00e0 valu de nombreuses critiques. Ses sorties sur les r\u00e9seaux<br \/>\nsociaux sont souvent ponctu\u00e9es d&rsquo;insultes et de provocations. Elles<br \/>\nplaisent \u00e0 certains fans, <strong>mais elles en scandalisent aussi<br \/>\nd&rsquo;autres<\/strong>.<\/p>\n<blockquote class=\"twitter-tweet\"><p><a class=\"twitter-link\" rel=\"noindex, nofollow noopener\" href=\"https:\/\/twitter.com\/denkinte_2\/status\/1983995662372119000\" target=\"_blank\"><\/p><\/blockquote>\n<p>Sur X, <strong>cette s\u00e9quence dans TBT9 semblait \u00eatre de<br \/>\ntrop.<\/strong> Parmi les nombreux commentaires, on pouvait lire :<br \/>\n\u00ab\u00a0Pourquoi inviter encore cet individu qui se pavane de propos<br \/>\nracistes ?\u00a0\u00bb, \u00ab\u00a0\u00c0 chaque passage t\u00e9l\u00e9, Chalen\u00e7on fait son<br \/>\nshow\u00a0\u00bb\u00a0ou encore \u00ab\u00a0Racisme dans le plus grand des<br \/>\ncalmes sur le plateau\u00a0\u00bb. Pour le moment, Rachida Dati n&rsquo;a pas<br \/>\nvoulu <strong>s&rsquo;exprimer sur cette pol\u00e9mique<\/strong>, et ni<br \/>\nPierre-Jean Chalen\u00e7on ni Cyril Hanouna n&rsquo;ont r\u00e9agi.<\/p>\n<p><script async src=\"https:\/\/platform.twitter.com\/widgets.js\" charset=\"utf-8\"><\/script><\/p>\n","protected":false},"excerpt":{"rendered":"Le jeudi 30 octobre 2025, l&rsquo;\u00e9mission Tout beau tout n9uf anim\u00e9e par Cyril Hanouna a beaucoup fait parler&hellip;\n","protected":false},"author":2,"featured_media":501883,"comment_status":"","ping_status":"","sticky":false,"template":"","format":"standard","meta":{"footnotes":""},"categories":[1356],"tags":[21303,58,59,1011,27,252,1364],"class_list":{"0":"post-501882","1":"post","2":"type-post","3":"status-publish","4":"format-standard","5":"has-post-thumbnail","7":"category-television","8":"tag-buzz_nonli","9":"tag-divertissement","10":"tag-entertainment","11":"tag-fr","12":"tag-france","13":"tag-television","14":"tag-tv"},"share_on_mastodon":{"url":"https:\/\/pubeurope.com\/@fr\/115468040698187738","error":""},"_links":{"self":[{"href":"https:\/\/www.europesays.com\/fr\/wp-json\/wp\/v2\/posts\/501882","targetHints":{"allow":["GET"]}}],"collection":[{"href":"https:\/\/www.europesays.com\/fr\/wp-json\/wp\/v2\/posts"}],"about":[{"href":"https:\/\/www.europesays.com\/fr\/wp-json\/wp\/v2\/types\/post"}],"author":[{"embeddable":true,"href":"https:\/\/www.europesays.com\/fr\/wp-json\/wp\/v2\/users\/2"}],"replies":[{"embeddable":true,"href":"https:\/\/www.europesays.com\/fr\/wp-json\/wp\/v2\/comments?post=501882"}],"version-history":[{"count":0,"href":"https:\/\/www.europesays.com\/fr\/wp-json\/wp\/v2\/posts\/501882\/revisions"}],"wp:featuredmedia":[{"embeddable":true,"href":"https:\/\/www.europesays.com\/fr\/wp-json\/wp\/v2\/media\/501883"}],"wp:attachment":[{"href":"https:\/\/www.europesays.com\/fr\/wp-json\/wp\/v2\/media?parent=501882"}],"wp:term":[{"taxonomy":"category","embeddable":true,"href":"https:\/\/www.europesays.com\/fr\/wp-json\/wp\/v2\/categories?post=501882"},{"taxonomy":"post_tag","embeddable":true,"href":"https:\/\/www.europesays.com\/fr\/wp-json\/wp\/v2\/tags?post=501882"}],"curies":[{"name":"wp","href":"https:\/\/api.w.org\/{rel}","templated":true}]}}