{"id":501884,"date":"2025-10-31T09:20:14","date_gmt":"2025-10-31T09:20:14","guid":{"rendered":"https:\/\/www.europesays.com\/fr\/501884\/"},"modified":"2025-10-31T09:20:14","modified_gmt":"2025-10-31T09:20:14","slug":"les-concerts-cest-fini-la-chanteuse-nelly-furtado-arrete-la-scene-les-remarques-grossophobes-en-sont-elles-la-raison","status":"publish","type":"post","link":"https:\/\/www.europesays.com\/fr\/501884\/","title":{"rendered":"Les concerts, c&rsquo;est fini\u00a0: la chanteuse Nelly Furtado arr\u00eate la sc\u00e8ne, les remarques grossophobes en sont-elles la raison\u00a0?"},"content":{"rendered":"<p class=\"ap-StoryElement ap-StoryElement--mb ap-StoryText\">Si les repr\u00e9sentations sur sc\u00e8ne ne sont plus \u00e0 l&rsquo;ordre du jour pour la chanteuse, la musique sera encore au centre de ses futures activit\u00e9s. \u00ab\u00a0J&rsquo;ai immens\u00e9ment appr\u00e9ci\u00e9 ma carri\u00e8re, et j&rsquo;aime toujours \u00e9crire de la musique. Je l&rsquo;ai toujours consid\u00e9r\u00e9e comme un passe-temps que j&rsquo;ai eu la chance de transformer en m\u00e9tier. Je me consid\u00e9rerai toujours comme une auteure-compositrice.\u00a0\u00bb<\/p>\n<p>Les r\u00e9seaux sociaux<\/p>\n<p class=\"ap-StoryElement ap-StoryElement--mb ap-StoryText\">Si les trentenaires ont \u00e9t\u00e9 berc\u00e9s par les titres de la chanteuse dans leur adolescence, les plus jeunes ont eux aussi \u00e9t\u00e9 touch\u00e9s par la musique de Nelly Furtado.<\/p>\n<p class=\"ap-StoryElement ap-StoryElement--mb ap-StoryText\">En effet, gr\u00e2ce \u00e0 TikTok notamment, certaines chansons de l&rsquo;artiste ont v\u00e9cu une deuxi\u00e8me vie via les r\u00e9seaux sociaux. \u00ab\u00a0Je me souviens avoir ressenti une forme de mission\u00a0: j&rsquo;esp\u00e9rais qu&rsquo;un jour, un gamin tomberait sur le vinyle de \u00ab\u00a0Whoa, Nelly\u00a0!\u00a0\u00bb dans un magasin de disques, le d\u00e9poussi\u00e9rerait et le trouverait &lsquo;cool&rsquo;ou inspirant. Je n&rsquo;aurais jamais pu imaginer qu&rsquo;en 2025, il existerait autant de nouvelles fa\u00e7ons de (re) d\u00e9couvrir de la &lsquo;vieille&rsquo;musique\u00a0\u00bb, a-t-elle confi\u00e9 sur sa publication.<\/p>\n<p><a href=\"https:\/\/www.dhnet.be\/lifestyle\/people\/2025\/10\/31\/la-photo-surprise-les-retrouvailles-de-nawell-madani-avec-le-petit-garcon-a-qui-elle-avait-donne-un-coup-il-est-des-rencontres-nees-dun-malentendu-C5HGRGVNWBFWVODTXZZZVQQP3E\/\" target=\"_blank\" rel=\"noopener noreferrer nofollow\" class=\"ap-StoryInterstitialLink ap-StoryElement ap-StoryElement--mb\">La photo surprise, les retrouvailles de Nawell Madani avec le petit gar\u00e7on \u00e0 qui elle avait donn\u00e9 un coup :\u00a0\u00bbIl est des rencontres n\u00e9es d&rsquo;un malentendu\u00a0\u00bb<\/a><\/p>\n<p class=\"ap-StoryElement ap-StoryElement--mb ap-StoryText\">Cependant, les r\u00e9seaux sociaux ont aussi une part d&rsquo;ombre et de cruaut\u00e9. Depuis quelques ann\u00e9es, la chanteuse est victime de commentaires grossophobes en ligne. Devenue un mod\u00e8le d&rsquo;acceptation de soi, on se demande si le harc\u00e8lement sur les r\u00e9seaux ne joue pas dans la d\u00e9cision de l&rsquo;artiste pop.<\/p>\n<p class=\"ap-StoryElement ap-StoryElement--mb ap-StoryText\">Sous son annonce, nombreux sont les fans qui soutiennent la chanteuse, tout en esp\u00e9rant que les attaques grossophobes ne sont pas la raison de son d\u00e9part. \u00ab\u00a0Ne pars pas, tes vrais fans t&rsquo;aiment\u00a0\u00bb \u2013 \u00ab\u00a0Ne laisse pas les haters t&rsquo;atteindre, on t&rsquo;aime pour ce que tu es\u00a0\u00bb \u2013 \u00ab\u00a0Du plus profond de mon c\u0153ur\u00a0: ne laisse pas ces commentaires te d\u00e9truire. Tu es belle et talentueuse, et j&rsquo;adorerais te voir sur sc\u00e8ne.\u00a0\u00bb<\/p>\n","protected":false},"excerpt":{"rendered":"Si les repr\u00e9sentations sur sc\u00e8ne ne sont plus \u00e0 l&rsquo;ordre du jour pour la chanteuse, la musique sera&hellip;\n","protected":false},"author":2,"featured_media":501885,"comment_status":"","ping_status":"","sticky":false,"template":"","format":"standard","meta":{"footnotes":""},"categories":[1355],"tags":[14822,9013,58,59,1011,27,20294,1227,1361,873],"class_list":{"0":"post-501884","1":"post","2":"type-post","3":"status-publish","4":"format-standard","5":"has-post-thumbnail","7":"category-musique","8":"tag-business-finance-and-industry","9":"tag-color-image","10":"tag-divertissement","11":"tag-entertainment","12":"tag-fr","13":"tag-france","14":"tag-gettyimagerank3","15":"tag-horizontal","16":"tag-music","17":"tag-musique"},"share_on_mastodon":{"url":"https:\/\/pubeurope.com\/@fr\/115468043921089142","error":""},"_links":{"self":[{"href":"https:\/\/www.europesays.com\/fr\/wp-json\/wp\/v2\/posts\/501884","targetHints":{"allow":["GET"]}}],"collection":[{"href":"https:\/\/www.europesays.com\/fr\/wp-json\/wp\/v2\/posts"}],"about":[{"href":"https:\/\/www.europesays.com\/fr\/wp-json\/wp\/v2\/types\/post"}],"author":[{"embeddable":true,"href":"https:\/\/www.europesays.com\/fr\/wp-json\/wp\/v2\/users\/2"}],"replies":[{"embeddable":true,"href":"https:\/\/www.europesays.com\/fr\/wp-json\/wp\/v2\/comments?post=501884"}],"version-history":[{"count":0,"href":"https:\/\/www.europesays.com\/fr\/wp-json\/wp\/v2\/posts\/501884\/revisions"}],"wp:featuredmedia":[{"embeddable":true,"href":"https:\/\/www.europesays.com\/fr\/wp-json\/wp\/v2\/media\/501885"}],"wp:attachment":[{"href":"https:\/\/www.europesays.com\/fr\/wp-json\/wp\/v2\/media?parent=501884"}],"wp:term":[{"taxonomy":"category","embeddable":true,"href":"https:\/\/www.europesays.com\/fr\/wp-json\/wp\/v2\/categories?post=501884"},{"taxonomy":"post_tag","embeddable":true,"href":"https:\/\/www.europesays.com\/fr\/wp-json\/wp\/v2\/tags?post=501884"}],"curies":[{"name":"wp","href":"https:\/\/api.w.org\/{rel}","templated":true}]}}