{"id":501888,"date":"2025-10-31T09:22:12","date_gmt":"2025-10-31T09:22:12","guid":{"rendered":"https:\/\/www.europesays.com\/fr\/501888\/"},"modified":"2025-10-31T09:22:12","modified_gmt":"2025-10-31T09:22:12","slug":"voici-les-cinq-symptomes-a-reconnaitre","status":"publish","type":"post","link":"https:\/\/www.europesays.com\/fr\/501888\/","title":{"rendered":"voici les cinq sympt\u00f4mes \u00e0 reconna\u00eetre"},"content":{"rendered":"<p>La journ\u00e9e mondiale de l\u2019accident vasculaire c\u00e9r\u00e9bral ce mercredi 29 octobre est l\u2019occasion de rappeler les premiers signes de l\u2019accident vasculaire c\u00e9r\u00e9bral. Pour rappel, l\u2019AVC est un \u00e9v\u00e9nement de sant\u00e9 grave qui se caract\u00e9rise par un d\u00e9ficit neurologique brutal caus\u00e9 par un d\u00e9faut d\u2019irrigation sanguine ou une compression h\u00e9morragique dans le cerveau.<\/p>\n<p>Son origine peut \u00eatre l\u2019obstruction d\u2019une art\u00e8re c\u00e9r\u00e9brale par un caillot, on parle alors d\u2019AVC isch\u00e9mique (80 %) ou de la rupture d\u2019une art\u00e8re entra\u00eenant une h\u00e9morragie. Il s\u2019agit alors d\u2019un AVC h\u00e9morragique (20 %).<\/p>\n<p>L\u2019AVC constitue une urgence absolue. Chaque minute perdue entra\u00eene la mort de 2 millions de neurones. En cas de suspicion d\u2019AVC, l\u2019appel au 15 est donc d\u00e9terminant. Aussi, est-il important de savoir reconna\u00eetre les signes d\u2019un AVC. Dans un communiqu\u00e9 publi\u00e9 le 28 octobre, la Haute Autorit\u00e9 de Sant\u00e9 (HAS) rappelle les sympt\u00f4mes \u00e9vocateurs\u00a0:<\/p>\n<ul>\n<li>une paralysie faciale\u00a0;<\/li>\n<li>une paralysie d\u2019un bras ou d\u2019une jambe\u00a0;<\/li>\n<li>des troubles de la parole ou du langage\u00a0;<\/li>\n<li>une perte de la vue d\u2019un \u0153il, d\u2019un c\u00f4t\u00e9 du champ visuel ou vision double\u00a0;<\/li>\n<li>un trouble de l\u2019\u00e9quilibre ou de la marche.<\/li>\n<\/ul>\n<p>\u00a0<\/p>\n<p>\u00ab\u00a0L\u2019apparition brutale d\u2019au moins un des cinq sympt\u00f4mes suivants est \u00e9vocatrice d\u2019un AVC ou d\u2019un accident isch\u00e9mique transitoire (AIT) et n\u00e9cessite un appel imm\u00e9diat au 15 (114 pour les personnes sourdes, aveugles, malentendantes ou aphasiques et seules au moment de l\u2019\u00e9v\u00e9nement)\u00a0\u00bb, note la HAS.<\/p>\n<p>Quelle pr\u00e9vention\u00a0?<\/p>\n<p>Un AVC gravissime peut conduire \u00e0 un d\u00e9c\u00e8s en quelques heures, ce fut le cas pour 25 % des victimes en 2022 (sur 120 000 cas). \u00ab\u00a0La majorit\u00e9 des AVC laisse des s\u00e9quelles d\u00e9finitives, qui peuvent \u00eatre plus ou moins lourdes : t\u00e9trapl\u00e9gie, h\u00e9mipl\u00e9gie, aphasie. Les handicaps qualifi\u00e9s d\u2019invisibles sont \u00e9galement importants : fatigabilit\u00e9, difficult\u00e9s de concentration, anxi\u00e9t\u00e9, irritabilit\u00e9\u00a0\u00bb, d\u00e9taille la Cour des comptes dans son rapport Pr\u00e9vention et prise en charge des accidents vasculaires c\u00e9r\u00e9braux, publi\u00e9 le 28 octobre.<\/p>\n<p>Pourtant, selon les sages de la rue Cambon, \u00ab\u00a0la pr\u00e9vention au sens plus large de l\u2019information de la population sur l\u2019AVC pour favoriser une alerte rapide, la connaissance par la population des sympt\u00f4mes de l\u2019AVC et de la consigne d\u2019appeler le 15 reste largement perfectible\u00a0\u00bb. Ils pr\u00e9conisent une strat\u00e9gie nationale de communication sur la connaissance de l\u2019AVC par la population et sur l\u2019importance d\u2019appeler le 15 en urgence.<\/p>\n<p>Pour un meilleur d\u00e9pistage de l\u2019hypertension art\u00e9rielle<\/p>\n<p>La Cour des comptes insiste aussi sur une n\u00e9cessaire pr\u00e9vention qui ne fait pourtant pas l\u2019objet d\u2019une politique sp\u00e9cifique. \u00ab Elle se rattache \u00e0 celle des maladies cardiovasculaires, dont elle partage les facteurs de risque associ\u00e9s, comportementaux (tabac, alcool, alimentation, s\u00e9dentarit\u00e9) et m\u00e9taboliques (hypertension art\u00e9rielle, diab\u00e8te, cholest\u00e9rol). Pour autant, la sp\u00e9cificit\u00e9 de la hi\u00e9rarchie des facteurs de risque de l\u2019AVC n\u2019est pas suffisamment prise en compte\u00a0\u00bb, lit-on dans le rapport.<\/p>\n<p>Ainsi est-il pr\u00e9conis\u00e9 de lutter davantage contre l\u2019hypertension art\u00e9rielle, principal facteur de risque de l\u2019AVC. Cela devrait constituer \u00ab\u00a0une priorit\u00e9 de la politique de pr\u00e9vention\u00a0\u00bb. Aussi est-il recommand\u00e9 d\u2019\u00e9laborer un plan d\u2019action visant \u00e0 am\u00e9liorer le d\u00e9pistage et la prise en charge de l\u2019hypertension art\u00e9rielle\u00a0\u00bb.<\/p>\n<p>Dans son rapport, la Cour des comptes \u00e9tablit 10 recommandations. L\u2019une d\u2019elle est la cr\u00e9ation d\u2019un nouveau plan AVC permettant un pilotage efficient de l\u2019organisation des parcours de soins des victimes d\u2019AVC par le minist\u00e8re du Travail, de la Sant\u00e9, des Solidarit\u00e9s et des Familles.<\/p>\n","protected":false},"excerpt":{"rendered":"La journ\u00e9e mondiale de l\u2019accident vasculaire c\u00e9r\u00e9bral ce mercredi 29 octobre est l\u2019occasion de rappeler les premiers signes&hellip;\n","protected":false},"author":2,"featured_media":501889,"comment_status":"","ping_status":"","sticky":false,"template":"","format":"standard","meta":{"footnotes":""},"categories":[10],"tags":[107,1011,27,72,1031,5362,71],"class_list":{"0":"post-501888","1":"post","2":"type-post","3":"status-publish","4":"format-standard","5":"has-post-thumbnail","7":"category-sante","8":"tag-fil-info","9":"tag-fr","10":"tag-france","11":"tag-health","12":"tag-magazine","13":"tag-magazine-sante","14":"tag-sante"},"share_on_mastodon":{"url":"https:\/\/pubeurope.com\/@fr\/115468051710149699","error":""},"_links":{"self":[{"href":"https:\/\/www.europesays.com\/fr\/wp-json\/wp\/v2\/posts\/501888","targetHints":{"allow":["GET"]}}],"collection":[{"href":"https:\/\/www.europesays.com\/fr\/wp-json\/wp\/v2\/posts"}],"about":[{"href":"https:\/\/www.europesays.com\/fr\/wp-json\/wp\/v2\/types\/post"}],"author":[{"embeddable":true,"href":"https:\/\/www.europesays.com\/fr\/wp-json\/wp\/v2\/users\/2"}],"replies":[{"embeddable":true,"href":"https:\/\/www.europesays.com\/fr\/wp-json\/wp\/v2\/comments?post=501888"}],"version-history":[{"count":0,"href":"https:\/\/www.europesays.com\/fr\/wp-json\/wp\/v2\/posts\/501888\/revisions"}],"wp:featuredmedia":[{"embeddable":true,"href":"https:\/\/www.europesays.com\/fr\/wp-json\/wp\/v2\/media\/501889"}],"wp:attachment":[{"href":"https:\/\/www.europesays.com\/fr\/wp-json\/wp\/v2\/media?parent=501888"}],"wp:term":[{"taxonomy":"category","embeddable":true,"href":"https:\/\/www.europesays.com\/fr\/wp-json\/wp\/v2\/categories?post=501888"},{"taxonomy":"post_tag","embeddable":true,"href":"https:\/\/www.europesays.com\/fr\/wp-json\/wp\/v2\/tags?post=501888"}],"curies":[{"name":"wp","href":"https:\/\/api.w.org\/{rel}","templated":true}]}}