{"id":501900,"date":"2025-10-31T09:28:14","date_gmt":"2025-10-31T09:28:14","guid":{"rendered":"https:\/\/www.europesays.com\/fr\/501900\/"},"modified":"2025-10-31T09:28:14","modified_gmt":"2025-10-31T09:28:14","slug":"zucman-patrimoine-et-retraites-journee-majeure-vendredi-a-lassemblee","status":"publish","type":"post","link":"https:\/\/www.europesays.com\/fr\/501900\/","title":{"rendered":"Zucman, patrimoine et retraites\u2026 \u00ab\u00a0Journ\u00e9e majeure\u00a0\u00bb vendredi \u00e0 l\u2019Assembl\u00e9e"},"content":{"rendered":"<p>Deux gros morceaux pour le prix d\u2019un. Ce vendredi, les d\u00e9put\u00e9s d\u00e9battent dans l\u2019h\u00e9micycle de taxation du patrimoine, sur fond d\u2019ultimatum du <a href=\"https:\/\/www.20minutes.fr\/politique\/ps\/\" class=\"c-link c-link--is-underlined\" target=\"_blank\" rel=\"noopener\">PS <\/a>pour davantage de \u00ab\u00a0justice fiscale\u00a0\u00bb, et une partie des parlementaires doivent se prononcer en commission sur la suspension de la <a href=\"https:\/\/www.20minutes.fr\/dossier\/reforme_des_retraites\" class=\"c-link c-link--is-underlined\" target=\"_blank\" rel=\"noopener\">r\u00e9forme des retraites<\/a>, autre clef d\u2019une non-censure.<\/p>\n<p>D\u00e8s 9 heures, les d\u00e9put\u00e9s rouvriront les d\u00e9bats sur le projet de budget de l\u2019Etat, avec la question sensible de la fiscalit\u00e9 du patrimoine et la d\u00e9sormais fameuse <a href=\"https:\/\/www.20minutes.fr\/economie\/taxe-zucman\/\" class=\"c-link c-link--is-underlined\" target=\"_blank\" rel=\"noopener\">taxe Zucman<\/a>, apr\u00e8s avoir approuv\u00e9 ces derniers jours plusieurs taxes sur les grandes entreprises ou les g\u00e9ants des technologies. Signe de l\u2019importance du moment, le Premier ministre <a href=\"https:\/\/www.20minutes.fr\/politique\/sebastien-lecornu\/\" class=\"c-link c-link--is-underlined\" target=\"_blank\" rel=\"noopener\">S\u00e9bastien Lecornu<\/a> devrait se rendre \u00e0 <a href=\"https:\/\/www.20minutes.fr\/dossier\/assemblee_nationale\" class=\"c-link c-link--is-underlined\" target=\"_blank\" rel=\"noopener\">l\u2019Assembl\u00e9e <\/a>dans la journ\u00e9e pour participer aux d\u00e9bats, selon son entourage, alors que le PS menace de censurer en cas de refus du gouvernement d\u2019imposer les hauts patrimoines.<\/p>\n<\/p>\n<p>Zucman, Zucman light et imp\u00f4t sur la fortune<\/p>\n<p>\u00ab\u00a0La journ\u00e9e est majeure\u00a0\u00bb, r\u00e9sume un ministre. Au menu notamment, une taxe propos\u00e9e par le gouvernement sur certaines holdings, des soci\u00e9t\u00e9s qui d\u00e9tiennent des participations dans d\u2019autres entreprises, et qui fait d\u00e9bat dans son propre camp. Puis viendront des propositions de tous bords. Le Rassemblement national et le <a href=\"https:\/\/www.20minutes.fr\/dossier\/modem\" class=\"c-link c-link--is-underlined\" target=\"_blank\" rel=\"noopener\">Modem<\/a> proposeront par exemple leurs versions d\u2019un imp\u00f4t sur la fortune. La gauche d\u00e9fendra entre autres l\u2019instauration de la taxe de l\u2019\u00e9conomiste Gabriel Zucman, imp\u00f4t minimum de 2\u00a0% sur les patrimoines de plus de 100\u00a0millions d\u2019euros.<\/p>\n<p>Les socialistes proposeront en sus leur version de compromis au camp gouvernemental\u00a0: 3\u00a0% \u00e0 partir de 10\u00a0millions d\u2019euros, mais en excluant les entreprises innovantes et familiales. Philippe Brun (PS), n\u00e9gociateur pour son groupe sur le budget, estime son rendement \u00e0 \u00ab\u00a015\u00a0milliards\u00a0\u00bb, une estimation nettement rehauss\u00e9e pour cette Zucman bis par rapport \u00e0 de pr\u00e9c\u00e9dents calculs. Mais elle peine \u00e0 convaincre le reste de la gauche. \u00ab\u00a0On n\u2019a jamais \u00e9t\u00e9 contre voter des amendements de repli\u00a0\u00bb mais \u00ab\u00a0c\u2019est une taxe passoire\u00a0\u00bb, estime \u00c9ric Coquerel, pr\u00e9sident LFI de la commission des Finances. Et l\u2019horizon para\u00eet bouch\u00e9 face \u00e0 une lev\u00e9e de boucliers au centre et au RN.<\/p>\n<p>La suspension de la r\u00e9forme des retraites<\/p>\n<p>Dans l\u2019ombre de l\u2019h\u00e9micycle, la commission des Affaires sociales examinera toute la journ\u00e9e le budget de la S\u00e9curit\u00e9 sociale. Plusieurs points chauds seront abord\u00e9s\u00a0: gel des prestations sociales, montant pr\u00e9vu des d\u00e9penses de l\u2019Assurance maladie,\u00a0etc. Mais le vote attendu sera celui sur la suspension de la r\u00e9forme des retraites, autre condition de la non-censure du PS \u00e0 laquelle le <a href=\"https:\/\/www.20minutes.fr\/dossier\/premier_ministre\" class=\"c-link c-link--is-underlined\" target=\"_blank\" rel=\"noopener\">Premier ministre<\/a> a consenti.<\/p>\n<p>S\u2019il existe une majorit\u00e9 \u00e0 l\u2019Assembl\u00e9e pour abroger purement et simplement la r\u00e9forme, le sort de cet article en commission est incertain. LR et Horizons (le parti d\u2019<a href=\"https:\/\/www.20minutes.fr\/politique\/edouard-philippe\/\" class=\"c-link c-link--is-underlined\" target=\"_blank\" rel=\"noopener\">Edouard Philippe<\/a>) proposeront sa suppression, et pourraient \u00eatre soutenus par des macronistes. Le RN devrait voter pour selon une source au groupe, tout comme les socialistes.<\/p>\n<p>Mais les Insoumis ne voteront pas l\u2019article en commission, simple \u00ab\u00a0report de la hausse de l\u2019\u00e2ge l\u00e9gal de d\u00e9part\u00a0\u00bb, argue Hadrien Clouet. Les \u00e9cologistes l\u2019envisagent aussi et d\u00e9cideront vendredi\u00a0: \u00ab\u00a0H\u00e9las Macron a raison, c\u2019est un d\u00e9calage et non pas une suspension, qui quelque part ent\u00e9rine les 64 ans\u00a0\u00bb, souligne <a href=\"https:\/\/www.20minutes.fr\/dossier\/danielle_simonnet\" class=\"c-link c-link--is-underlined\" target=\"_blank\" rel=\"noopener\">Danielle Simonnet<\/a>.<\/p>\n","protected":false},"excerpt":{"rendered":"Deux gros morceaux pour le prix d\u2019un. Ce vendredi, les d\u00e9put\u00e9s d\u00e9battent dans l\u2019h\u00e9micycle de taxation du patrimoine,&hellip;\n","protected":false},"author":2,"featured_media":501901,"comment_status":"","ping_status":"","sticky":false,"template":"","format":"standard","meta":{"footnotes":""},"categories":[4],"tags":[47,11,416,1003,1011,27,3540,12,4484,316,1268,25,731,52897],"class_list":{"0":"post-501900","1":"post","2":"type-post","3":"status-publish","4":"format-standard","5":"has-post-thumbnail","7":"category-france","8":"tag-actualite","9":"tag-actualites","10":"tag-assemblee-nationale","11":"tag-budget","12":"tag-fr","13":"tag-france","14":"tag-horizons","15":"tag-news","16":"tag-parti-socialiste-ps","17":"tag-politique","18":"tag-reforme-des-retraites-2023","19":"tag-republique-francaise","20":"tag-securite-sociale","21":"tag-taxe-zucman"},"share_on_mastodon":{"url":"https:\/\/pubeurope.com\/@fr\/115468075343090326","error":""},"_links":{"self":[{"href":"https:\/\/www.europesays.com\/fr\/wp-json\/wp\/v2\/posts\/501900","targetHints":{"allow":["GET"]}}],"collection":[{"href":"https:\/\/www.europesays.com\/fr\/wp-json\/wp\/v2\/posts"}],"about":[{"href":"https:\/\/www.europesays.com\/fr\/wp-json\/wp\/v2\/types\/post"}],"author":[{"embeddable":true,"href":"https:\/\/www.europesays.com\/fr\/wp-json\/wp\/v2\/users\/2"}],"replies":[{"embeddable":true,"href":"https:\/\/www.europesays.com\/fr\/wp-json\/wp\/v2\/comments?post=501900"}],"version-history":[{"count":0,"href":"https:\/\/www.europesays.com\/fr\/wp-json\/wp\/v2\/posts\/501900\/revisions"}],"wp:featuredmedia":[{"embeddable":true,"href":"https:\/\/www.europesays.com\/fr\/wp-json\/wp\/v2\/media\/501901"}],"wp:attachment":[{"href":"https:\/\/www.europesays.com\/fr\/wp-json\/wp\/v2\/media?parent=501900"}],"wp:term":[{"taxonomy":"category","embeddable":true,"href":"https:\/\/www.europesays.com\/fr\/wp-json\/wp\/v2\/categories?post=501900"},{"taxonomy":"post_tag","embeddable":true,"href":"https:\/\/www.europesays.com\/fr\/wp-json\/wp\/v2\/tags?post=501900"}],"curies":[{"name":"wp","href":"https:\/\/api.w.org\/{rel}","templated":true}]}}