{"id":501921,"date":"2025-10-31T09:43:15","date_gmt":"2025-10-31T09:43:15","guid":{"rendered":"https:\/\/www.europesays.com\/fr\/501921\/"},"modified":"2025-10-31T09:43:15","modified_gmt":"2025-10-31T09:43:15","slug":"on-a-failli-perdre-notre-mere-blessee-lors-dune-altercation-dans-une-discotheque-dille-et-vilaine-rachel-reapprend-a-vivre","status":"publish","type":"post","link":"https:\/\/www.europesays.com\/fr\/501921\/","title":{"rendered":"\u00ab\u00a0On a failli perdre notre m\u00e8re\u00a0\u00bb\u00a0: bless\u00e9e lors d\u2019une altercation dans une discoth\u00e8que d\u2019Ille-et-Vilaine, Rachel r\u00e9apprend \u00e0 vivre"},"content":{"rendered":"<p>En une fraction de seconde, il y a un an, sa vie a bascul\u00e9. Celle de toute sa famille \u00e9galement : ses trois enfants, petits-enfants, son compagnon. Dans la nuit du 19 au 20 octobre 2024, apr\u00e8s une premi\u00e8re partie de soir\u00e9e dans un bar, Rachel Le Ny et une de ses amies d\u00e9cident de poursuivre la soir\u00e9e dans la plus grande discoth\u00e8que de Bretagne : le Tremplin \u00e0 Montauban-de-Bretagne. \u00c0 54 ans, cette habitante de M\u00e9dr\u00e9ac (Ille-et-Vilaine) se voit refuser l\u2019entr\u00e9e en raison d\u2019une \u00ab alcool\u00e9mie trop importante \u00bb. \u00ab J\u2019avais bu trois bi\u00e8res. Mon taux \u00e9tait de 0,78 g par litre de sang soit 0,39 mg par litre d\u2019air. \u00bb Le ton monte. Les deux quinquag\u00e9naires s\u2019agacent. Insultes, doigts d\u2019honneur\u2026<\/p>\n<p>D\u2019apr\u00e8s les faits expos\u00e9s lors d\u2019une premi\u00e8re audience, fin juin 2025, le patron de la discoth\u00e8que descend pour \u00ab calmer le jeu \u00bb. Une discussion agressive d\u00e9marre entre Rachel et \u00ab Mike \u00bb, le patron. Le reste de l\u2019altercation se passe hors champ des cam\u00e9ras de vid\u00e9osurveillance. \u00c0 00 h 59, les cam\u00e9ras captent une main qui donne une claque. Rachel Le Ny s\u2019\u00e9croule par terre. Inanim\u00e9e. Sa t\u00eate heurte le sol. Que s\u2019est-il pass\u00e9 entre ses deux moments ? Mike a reconnu avoir donn\u00e9 la claque mais explique que Rachel venait de lui donner un coup de pied \u00e0 l\u2019entrejambe. Contact\u00e9, celui-ci n\u2019a pas donn\u00e9 suite \u00e0 nos sollicitations. L\u2019affaire, pour laquelle le patron est poursuivi pour violences volontaires ayant entra\u00een\u00e9 mutilation ou une infirmit\u00e9 permanente, a \u00e9t\u00e9 renvoy\u00e9e pour jugement en avril 2027. Le tribunal pr\u00e9f\u00e8re attendre une ann\u00e9e suppl\u00e9mentaire, le temps d\u2019obtenir le bilan de sant\u00e9 consolid\u00e9 de la quinquag\u00e9naire.<\/p>\n<p>ITT provisoire de plus de 100 jours<\/p>\n<p>\u00ab Ma m\u00e8re a d\u2019ores et d\u00e9j\u00e0 une ITT provisoire de plus de 100 jours, rappelle Ludwig Touanel, le benjamin de la fratrie. Elle a eu de multiples fractures \u00e0 la t\u00eate, une h\u00e9morragie c\u00e9r\u00e9brale, des fractures ouvertes\u2026 On verra ce qu\u2019il ressort de cette audience mais on a failli perdre notre m\u00e8re. Depuis, elle n\u2019est plus du tout comme avant. Elle s\u2019est renferm\u00e9e sur elle-m\u00eame. Ne parle presque plus, elle est dans la lune, elle est fatigu\u00e9e et dort beaucoup. Pour nous aussi, c\u2019est dur. On s\u2019est relay\u00e9s \u00e0 son chevet pendant des mois pour la stimuler. On a aussi g\u00e9r\u00e9 tout le c\u00f4t\u00e9 administratif et avanc\u00e9 d\u2019\u00e9normes frais. C\u2019est compliqu\u00e9. \u00bb<\/p>\n<p>Assise aux c\u00f4t\u00e9s de ses fils, Rachel parle peu. La quinquag\u00e9naire ne se souvient de rien. Trou noir. Hospitalis\u00e9e entre la vie et la mort pendant deux jours en soins intensifs \u00e0 Pontchaillou, elle a ensuite \u00e9t\u00e9 soign\u00e9e une semaine en soins continus, puis trois semaines en neurologie. La quinquag\u00e9naire ne reconnaissait m\u00eames pas ses propres enfants. \u00ab On a accroch\u00e9 nos photos sur le mur avec nos pr\u00e9noms \u00bb, souffle Kylian Touanel.<\/p>\n<p>Apr\u00e8s Pontchaillou, Rachel a \u00e9t\u00e9 transf\u00e9r\u00e9e au p\u00f4le de r\u00e9\u00e9ducation de Saint-H\u00e9lier \u00e0 Rennes o\u00f9 elle est hospitalis\u00e9e depuis un an. Aujourd\u2019hui en ambulatoire, trois fois par semaine. Ses journ\u00e9es sont rythm\u00e9es par des rendez-vous avec l\u2019ergoth\u00e9rapeute, kin\u00e9sith\u00e9rapeute, psychologue, etc. \u00ab Mon bras droit ne bougeait pas, dit simplement Rachel. \u00c7a va mieux. Mais ma jambe, \u00e7a reste difficile. J\u2019ai du mal \u00e0 monter des marches. \u00bb<\/p>\n<p>Retrouver du travail<\/p>\n<p>Le prochain combat de Rachel ? Obtenir de nouveau son permis de conduire qui a \u00e9t\u00e9 suspendu par la pr\u00e9fecture suite aux graves s\u00e9quelles neurologiques. Il lui faudra aussi retrouver un travail. \u00ab On est en train de monter un dossier RQTH, pour qu\u2019elle soit reconnue comme travailleuse handicap\u00e9e \u00bb, ajoute Kylian. Il lui faudra aussi esp\u00e9rer retrouver le go\u00fbt et l\u2019odorat qu\u2019elle a compl\u00e8tement perdus. Quant \u00e0 la surdit\u00e9 de son oreille droite ? \u00ab \u00c7a ne semble pas s\u2019am\u00e9liorer. \u00bb Kylian et Ludwig se d\u00e9solent : \u00ab Notre m\u00e8re ne sera plus jamais comme avant. \u00bb Rachel, elle, continue de sourire \u00e0 ses fils.<\/p>\n","protected":false},"excerpt":{"rendered":"En une fraction de seconde, il y a un an, sa vie a bascul\u00e9. Celle de toute sa&hellip;\n","protected":false},"author":2,"featured_media":501922,"comment_status":"","ping_status":"","sticky":false,"template":"","format":"standard","meta":{"footnotes":""},"categories":[2821],"tags":[1111,11,829,1777,674,3384,118,3383,1011,27,848,12,584,25],"class_list":{"0":"post-501921","1":"post","2":"type-post","3":"status-publish","4":"format-standard","5":"has-post-thumbnail","7":"category-rennes","8":"tag-actu","9":"tag-actualites","10":"tag-bretagne","11":"tag-eu","12":"tag-europe","13":"tag-exclusif","14":"tag-faits-divers","15":"tag-faits-divers-a-rennes","16":"tag-fr","17":"tag-france","18":"tag-ille-et-vilaine","19":"tag-news","20":"tag-rennes","21":"tag-republique-francaise"},"share_on_mastodon":{"url":"https:\/\/pubeurope.com\/@fr\/115468134377158508","error":""},"_links":{"self":[{"href":"https:\/\/www.europesays.com\/fr\/wp-json\/wp\/v2\/posts\/501921","targetHints":{"allow":["GET"]}}],"collection":[{"href":"https:\/\/www.europesays.com\/fr\/wp-json\/wp\/v2\/posts"}],"about":[{"href":"https:\/\/www.europesays.com\/fr\/wp-json\/wp\/v2\/types\/post"}],"author":[{"embeddable":true,"href":"https:\/\/www.europesays.com\/fr\/wp-json\/wp\/v2\/users\/2"}],"replies":[{"embeddable":true,"href":"https:\/\/www.europesays.com\/fr\/wp-json\/wp\/v2\/comments?post=501921"}],"version-history":[{"count":0,"href":"https:\/\/www.europesays.com\/fr\/wp-json\/wp\/v2\/posts\/501921\/revisions"}],"wp:featuredmedia":[{"embeddable":true,"href":"https:\/\/www.europesays.com\/fr\/wp-json\/wp\/v2\/media\/501922"}],"wp:attachment":[{"href":"https:\/\/www.europesays.com\/fr\/wp-json\/wp\/v2\/media?parent=501921"}],"wp:term":[{"taxonomy":"category","embeddable":true,"href":"https:\/\/www.europesays.com\/fr\/wp-json\/wp\/v2\/categories?post=501921"},{"taxonomy":"post_tag","embeddable":true,"href":"https:\/\/www.europesays.com\/fr\/wp-json\/wp\/v2\/tags?post=501921"}],"curies":[{"name":"wp","href":"https:\/\/api.w.org\/{rel}","templated":true}]}}