{"id":501923,"date":"2025-10-31T09:44:11","date_gmt":"2025-10-31T09:44:11","guid":{"rendered":"https:\/\/www.europesays.com\/fr\/501923\/"},"modified":"2025-10-31T09:44:11","modified_gmt":"2025-10-31T09:44:11","slug":"60-pompiers-mobilises-plusieurs-personnes-evacuees","status":"publish","type":"post","link":"https:\/\/www.europesays.com\/fr\/501923\/","title":{"rendered":"60 pompiers mobilis\u00e9s, plusieurs personnes \u00e9vacu\u00e9es"},"content":{"rendered":"<p>            Par<br \/>\n        <strong><br \/>\n            <a href=\"https:\/\/actu.fr\/auteur\/brian-legoff\" title=\"Consulter tous les articles de Brian Le Goff\" rel=\"nofollow noopener\" target=\"_blank\">Brian Le Goff<\/a><br \/>\n        <\/strong><\/p>\n<p>        Publi\u00e9 le<\/p>\n<p>            31 oct. 2025 \u00e0 10h24        <\/p>\n<p>Les faits ont eu lieu au petit matin. <strong>Vers 5h30, vendredi 31\u00a0octobre,<\/strong> les pompiers ont \u00e9t\u00e9 appel\u00e9s pour un <a href=\"https:\/\/actu.fr\/bretagne\/rennes_35238\/incendie-en-cours-dans-le-centre-ville-de-rennes-plusieurs-dizaines-de-pompiers-mobilises_63375693.html\" rel=\"nofollow noopener\" target=\"_blank\">incendie dans le centre-ville de Rennes<\/a>, \u00e0 l\u2019angle de la place Pasteur et du quai Ch\u00e2teaubriant.<\/p>\n<p>Des reconnaissances men\u00e9es pour v\u00e9rifier qu\u2019il n\u2019y a aucune victime<\/p>\n<p class=\" wall-content\">\u00c0 leur arriv\u00e9e, \u00ab\u2009les <strong>occupants<\/strong> des logements de l\u2019immeuble \u00e9taient <strong>d\u00e9j\u00e0 tous sortis\u2009\u00bb<\/strong>, explique le <strong>capitaine Florent Guinard,<\/strong> commandant des op\u00e9rations. Des <strong>reconnaissances<\/strong> ont \u00e9t\u00e9 men\u00e9es pour v\u00e9rifier que plus personne ne se trouvait \u00e0 l\u2019int\u00e9rieur. <strong>Aucune victime<\/strong> n\u2019est \u00e0 d\u00e9plorer.<\/p>\n<p class=\" wall-content\"><a href=\"https:\/\/www.dailymotion.com\/video\/x9sz7z6\" rel=\"nofollow noopener\" target=\"_blank\">D\u00e9couvrez notre vid\u00e9o sur Dailymotion<\/a>.<\/p>\n<p class=\" wall-content\">Le feu s\u2019est d\u00e9clar\u00e9 dans un <strong>appartement en duplex au dernier \u00e9tage<\/strong> de cet immeuble qui compte quatre \u00e9tages et s\u2019est <strong>propag\u00e9 \u00e0 deux autres appartements<\/strong>, \u00e9galement en duplex, <strong>et \u00e0 la toiture.<\/strong> Cette propagation a toutefois \u00e9t\u00e9 <strong>limit\u00e9e<\/strong> gr\u00e2ce \u00e0 l\u2019intervention rapide des soldats du feu.<\/p>\n<p>Neuf personnes prises en charge<\/p>\n<p class=\" wall-content\">Jusqu\u2019\u00e0 une <strong>soixantaine de pompiers<\/strong>, avec une vingtaine de v\u00e9hicules, sont intervenus au plus fort de l\u2019incendie. Un <strong>bras t\u00e9lescopique avec une nacelle,<\/strong> \u00e9quip\u00e9e d\u2019au moins une lance, a notamment \u00e9t\u00e9 utilis\u00e9. Un drone des pompiers est \u00e9galement d\u00e9ploy\u00e9 pour survoler l\u2019immeuble.<\/p>\n<p class=\" wall-content\">Au total, <strong>neuf personnes ont \u00e9t\u00e9 \u00e9vacu\u00e9es<\/strong> et prises en charge. Elles ont \u00e9t\u00e9 mises \u00e0 l\u2019abri au sein de l\u2019H\u00f4tel Pasteur, juste en face.<\/p>\n<p>Votre r\u00e9gion, votre actu !<\/p>\n<p>Recevez chaque jour les infos qui comptent pour vous.<\/p>\n<p>\t<a href=\"https:\/\/actu.fr\/newsletter\" class=\"ac-btn ac-btn--corner ac-btn--medium ac-btn--blue800\" rel=\"nofollow noopener\" target=\"_blank\">S&rsquo;incrire<\/a><br \/>\nEncore \u00ab\u2009des points chauds\u2009\u00bb<\/p>\n<p class=\" wall-content\">\u00c0 9h30, vendredi matin, le capitaine Florent Guinard soulignait que les principaux foyers avaient \u00e9t\u00e9 \u00e9teints, mais qu\u2019il subsistait \u00ab\u2009des points chauds<strong> au niveau de la charpente\u2009\u00bb<\/strong>. Ainsi, des <strong>actions de d\u00e9garnissage au niveau des poutres ont lieu<\/strong> pour s\u2019assurer qu\u2019il n\u2019y ait pas un risque de propagation qui perdure.<\/p>\n<p class=\" wall-content\">Les pompiers seront <strong>encore sur place une bonne partie de la matin\u00e9e<\/strong>. La <strong>circulation<\/strong> reste donc <strong>compliqu\u00e9e<\/strong> dans le secteur. <strong>L\u2019origine<\/strong> du feu n\u2019est <strong>pas<\/strong> encore <strong>connue<\/strong>.<\/p>\n<p class=\" wall-content\">Personnalisez votre actualit\u00e9 en ajoutant vos villes et m\u00e9dias en favori avec <a href=\"https:\/\/moncompte.actu.fr\" title=\"D\u00e9couvez Mon Actu\" rel=\"nofollow noopener\" data-trk=\"{&quot;cta&quot;:{&quot;action&quot;:&quot;https:\\\/\\\/moncompte.actu.fr&quot;,&quot;category&quot;:&quot;mon compte&quot;,&quot;from&quot;:&quot;article footer&quot;,&quot;name&quot;:&quot;Mon actu&quot;,&quot;type&quot;:&quot;cta&quot;}}\" target=\"_blank\">Mon Actu<\/a>.<\/p>\n","protected":false},"excerpt":{"rendered":"Par Brian Le Goff Publi\u00e9 le 31 oct. 2025 \u00e0 10h24 Les faits ont eu lieu au petit&hellip;\n","protected":false},"author":2,"featured_media":501924,"comment_status":"","ping_status":"","sticky":false,"template":"","format":"standard","meta":{"footnotes":""},"categories":[2821],"tags":[1111,11,829,1777,674,118,1011,27,1310,12,1311,584,25],"class_list":{"0":"post-501923","1":"post","2":"type-post","3":"status-publish","4":"format-standard","5":"has-post-thumbnail","7":"category-rennes","8":"tag-actu","9":"tag-actualites","10":"tag-bretagne","11":"tag-eu","12":"tag-europe","13":"tag-faits-divers","14":"tag-fr","15":"tag-france","16":"tag-incendie","17":"tag-news","18":"tag-pompiers","19":"tag-rennes","20":"tag-republique-francaise"},"share_on_mastodon":{"url":"https:\/\/pubeurope.com\/@fr\/115468138230731679","error":""},"_links":{"self":[{"href":"https:\/\/www.europesays.com\/fr\/wp-json\/wp\/v2\/posts\/501923","targetHints":{"allow":["GET"]}}],"collection":[{"href":"https:\/\/www.europesays.com\/fr\/wp-json\/wp\/v2\/posts"}],"about":[{"href":"https:\/\/www.europesays.com\/fr\/wp-json\/wp\/v2\/types\/post"}],"author":[{"embeddable":true,"href":"https:\/\/www.europesays.com\/fr\/wp-json\/wp\/v2\/users\/2"}],"replies":[{"embeddable":true,"href":"https:\/\/www.europesays.com\/fr\/wp-json\/wp\/v2\/comments?post=501923"}],"version-history":[{"count":0,"href":"https:\/\/www.europesays.com\/fr\/wp-json\/wp\/v2\/posts\/501923\/revisions"}],"wp:featuredmedia":[{"embeddable":true,"href":"https:\/\/www.europesays.com\/fr\/wp-json\/wp\/v2\/media\/501924"}],"wp:attachment":[{"href":"https:\/\/www.europesays.com\/fr\/wp-json\/wp\/v2\/media?parent=501923"}],"wp:term":[{"taxonomy":"category","embeddable":true,"href":"https:\/\/www.europesays.com\/fr\/wp-json\/wp\/v2\/categories?post=501923"},{"taxonomy":"post_tag","embeddable":true,"href":"https:\/\/www.europesays.com\/fr\/wp-json\/wp\/v2\/tags?post=501923"}],"curies":[{"name":"wp","href":"https:\/\/api.w.org\/{rel}","templated":true}]}}