{"id":501925,"date":"2025-10-31T09:45:14","date_gmt":"2025-10-31T09:45:14","guid":{"rendered":"https:\/\/www.europesays.com\/fr\/501925\/"},"modified":"2025-10-31T09:45:14","modified_gmt":"2025-10-31T09:45:14","slug":"sous-les-paves-le-coeur-sombre-de-la-cite","status":"publish","type":"post","link":"https:\/\/www.europesays.com\/fr\/501925\/","title":{"rendered":"sous les pav\u00e9s, le c\u0153ur sombre de la cit\u00e9"},"content":{"rendered":"<p>On prend les m\u00eames et on recommence. Une balade qui se lance \u00e0 la nuit tomb\u00e9e, un guide fa\u00e7on ma\u00eetre du jeu qui s\u2019occupe de cr\u00e9er l\u2019ambiance, de raconter. Des visiteurs, qui sont aussi des joueurs, charg\u00e9s de r\u00e9soudre diverses \u00e9nigmes en mode escape game , pour continuer \u00e0 avancer. Et des anecdotes, \u00e0 la pelle, sur l\u2019histoire de la cit\u00e9. Des histoires de moines meurtriers, de dissections dans les sous-sols de l\u2019H\u00f4pital civil, particuli\u00e8rement sal\u00e9es. Un bourreau tr\u00e8s cr\u00e9atif lorsqu\u2019il s\u2019agissait d\u2019exercer son m\u00e9tier. Des fant\u00f4mes, des artisans criminels, des&#8230;<\/p>\n","protected":false},"excerpt":{"rendered":"On prend les m\u00eames et on recommence. Une balade qui se lance \u00e0 la nuit tomb\u00e9e, un guide&hellip;\n","protected":false},"author":2,"featured_media":501926,"comment_status":"","ping_status":"","sticky":false,"template":"","format":"standard","meta":{"footnotes":""},"categories":[2820],"tags":[1111,11,7782,1687,2880,1777,674,107,1011,27,775,12,2661,25,3140,640,2879],"class_list":{"0":"post-501925","1":"post","2":"type-post","3":"status-publish","4":"format-standard","5":"has-post-thumbnail","7":"category-strasbourg","8":"tag-actu","9":"tag-actualites","10":"tag-balades-et-randonnees","11":"tag-culture-loisirs","12":"tag-edition-strasbourg","13":"tag-eu","14":"tag-europe","15":"tag-fil-info","16":"tag-fr","17":"tag-france","18":"tag-grand-est","19":"tag-news","20":"tag-patrimoine-culturel","21":"tag-republique-francaise","22":"tag-spectacle","23":"tag-strasbourg","24":"tag-strasbourg-ville"},"share_on_mastodon":{"url":"https:\/\/pubeurope.com\/@fr\/115468142149953877","error":""},"_links":{"self":[{"href":"https:\/\/www.europesays.com\/fr\/wp-json\/wp\/v2\/posts\/501925","targetHints":{"allow":["GET"]}}],"collection":[{"href":"https:\/\/www.europesays.com\/fr\/wp-json\/wp\/v2\/posts"}],"about":[{"href":"https:\/\/www.europesays.com\/fr\/wp-json\/wp\/v2\/types\/post"}],"author":[{"embeddable":true,"href":"https:\/\/www.europesays.com\/fr\/wp-json\/wp\/v2\/users\/2"}],"replies":[{"embeddable":true,"href":"https:\/\/www.europesays.com\/fr\/wp-json\/wp\/v2\/comments?post=501925"}],"version-history":[{"count":0,"href":"https:\/\/www.europesays.com\/fr\/wp-json\/wp\/v2\/posts\/501925\/revisions"}],"wp:featuredmedia":[{"embeddable":true,"href":"https:\/\/www.europesays.com\/fr\/wp-json\/wp\/v2\/media\/501926"}],"wp:attachment":[{"href":"https:\/\/www.europesays.com\/fr\/wp-json\/wp\/v2\/media?parent=501925"}],"wp:term":[{"taxonomy":"category","embeddable":true,"href":"https:\/\/www.europesays.com\/fr\/wp-json\/wp\/v2\/categories?post=501925"},{"taxonomy":"post_tag","embeddable":true,"href":"https:\/\/www.europesays.com\/fr\/wp-json\/wp\/v2\/tags?post=501925"}],"curies":[{"name":"wp","href":"https:\/\/api.w.org\/{rel}","templated":true}]}}