{"id":501927,"date":"2025-10-31T09:46:11","date_gmt":"2025-10-31T09:46:11","guid":{"rendered":"https:\/\/www.europesays.com\/fr\/501927\/"},"modified":"2025-10-31T09:46:11","modified_gmt":"2025-10-31T09:46:11","slug":"bilan-des-actions-octobre-rose","status":"publish","type":"post","link":"https:\/\/www.europesays.com\/fr\/501927\/","title":{"rendered":"Bilan des actions Octobre Rose"},"content":{"rendered":"<p class=\"chapo text-align-justify\">Le mois d\u2019octobre s\u2019ach\u00e8ve, et avec lui une s\u00e9rie d\u2019initiatives solidaires men\u00e9es par la SIG Strasbourg et son Fonds de Dotation \u00ab\u00a0Solidarit\u00e9, Impact et G\u00e9n\u00e9rosit\u00e9\u00a0\u00bb, engag\u00e9s une nouvelle fois aux c\u00f4t\u00e9s de la lutte contre le cancer du sein.<\/p>\n<p class=\"intertitre\"><strong>Bracelets Roses<\/strong><\/p>\n<p>Le Fonds de Dotation \u00e0 \u00e9galement propos\u00e9 \u00e0 la vente des bracelets roses lors des deux matchs \u00e0 domicile. Les recettes g\u00e9n\u00e9r\u00e9es par cette initiative seront int\u00e9gralement revers\u00e9es \u00e0 la Ligue contre le cancer du Bas-Rhin et \u00e0 l\u2019association SEVE (Seins et Vie).<br \/>\nMerci \u00e0 tous les supporters et partenaires pour leur g\u00e9n\u00e9rosit\u00e9 et leur engagement tout au long de cette campagne\u00a0!<\/p>\n<p class=\"intertitre\"><strong>Tombola Solidaire Octobre Rose<\/strong><\/p>\n<p>La SIG Strasbourg, en collaboration avec la Ville de Strasbourg, a \u00e9galement organis\u00e9 une tombola solidaire Octobre Rose mettant en jeu les 10 maillots roses officiels d\u00e9dicac\u00e9s des joueurs professionnels.<br \/>\nTous les b\u00e9n\u00e9fices de cette tombola seront revers\u00e9s \u00e0 la Ligue contre le cancer du Bas-Rhin.<\/p>\n<p class=\"text-align-justify\">\u00a0<\/p>\n<p>Les billets sont en vente jusqu\u2019au 12 novembre\u00a0(cliquez sur le lien):<\/p>\n<p class=\"intertitre\"><strong>Un moment de partage<\/strong><\/p>\n<p>Enfin, le Fonds de Dotation a eu le plaisir d\u2019offrir des places pour le match du 18 octobre face \u00e0 Nanterre \u00e0 des b\u00e9n\u00e9voles et femmes en r\u00e9mission. \u00a0Un geste pour leur offrir un moment d\u2019\u00e9vasion et de joie au c\u0153ur du Rhenus. Durant ces deux rencontres, nos joueurs ont port\u00e9 un maillot rose.\u00a0<\/p>\n<p class=\"intertitre\">\u00a0<\/p>\n<p class=\"intertitre\">Liens vers nos articles site web\u00a0:<\/p>\n<p><a href=\"https:\/\/sigstrasbourg.fr\/2025\/10\/remportez-un-maillot-dedicace-et-soutenez-la-lutte-contre-le-cancer\" rel=\"nofollow noopener\" target=\"_blank\">https:\/\/sigstrasbourg.fr\/2025\/10\/remportez-un-maillot-dedicace-et-soutenez-la-lutte-contre-le-cancer<\/a><br \/>\n<a href=\"https:\/\/sigstrasbourg.fr\/2025\/10\/la-sig-strasbourg-et-la-ville-de-strasbourg-sengagent-pour-octobre-rose\" rel=\"nofollow noopener\" target=\"_blank\">https:\/\/sigstrasbourg.fr\/2025\/10\/la-sig-strasbourg-et-la-ville-de-strasbourg-sengagent-pour-octobre-rose<\/a><\/p>\n","protected":false},"excerpt":{"rendered":"Le mois d\u2019octobre s\u2019ach\u00e8ve, et avec lui une s\u00e9rie d\u2019initiatives solidaires men\u00e9es par la SIG Strasbourg et son&hellip;\n","protected":false},"author":2,"featured_media":501928,"comment_status":"","ping_status":"","sticky":false,"template":"","format":"standard","meta":{"footnotes":""},"categories":[2820],"tags":[1111,11,3146,1777,674,1011,27,775,3145,12,25,3144,640],"class_list":{"0":"post-501927","1":"post","2":"type-post","3":"status-publish","4":"format-standard","5":"has-post-thumbnail","7":"category-strasbourg","8":"tag-actu","9":"tag-actualites","10":"tag-betclic-elite","11":"tag-eu","12":"tag-europe","13":"tag-fr","14":"tag-france","15":"tag-grand-est","16":"tag-lnb","17":"tag-news","18":"tag-republique-francaise","19":"tag-sig","20":"tag-strasbourg"},"share_on_mastodon":{"url":"https:\/\/pubeurope.com\/@fr\/115468146138022250","error":""},"_links":{"self":[{"href":"https:\/\/www.europesays.com\/fr\/wp-json\/wp\/v2\/posts\/501927","targetHints":{"allow":["GET"]}}],"collection":[{"href":"https:\/\/www.europesays.com\/fr\/wp-json\/wp\/v2\/posts"}],"about":[{"href":"https:\/\/www.europesays.com\/fr\/wp-json\/wp\/v2\/types\/post"}],"author":[{"embeddable":true,"href":"https:\/\/www.europesays.com\/fr\/wp-json\/wp\/v2\/users\/2"}],"replies":[{"embeddable":true,"href":"https:\/\/www.europesays.com\/fr\/wp-json\/wp\/v2\/comments?post=501927"}],"version-history":[{"count":0,"href":"https:\/\/www.europesays.com\/fr\/wp-json\/wp\/v2\/posts\/501927\/revisions"}],"wp:featuredmedia":[{"embeddable":true,"href":"https:\/\/www.europesays.com\/fr\/wp-json\/wp\/v2\/media\/501928"}],"wp:attachment":[{"href":"https:\/\/www.europesays.com\/fr\/wp-json\/wp\/v2\/media?parent=501927"}],"wp:term":[{"taxonomy":"category","embeddable":true,"href":"https:\/\/www.europesays.com\/fr\/wp-json\/wp\/v2\/categories?post=501927"},{"taxonomy":"post_tag","embeddable":true,"href":"https:\/\/www.europesays.com\/fr\/wp-json\/wp\/v2\/tags?post=501927"}],"curies":[{"name":"wp","href":"https:\/\/api.w.org\/{rel}","templated":true}]}}