{"id":501932,"date":"2025-10-31T09:49:12","date_gmt":"2025-10-31T09:49:12","guid":{"rendered":"https:\/\/www.europesays.com\/fr\/501932\/"},"modified":"2025-10-31T09:49:12","modified_gmt":"2025-10-31T09:49:12","slug":"pres-de-nantes-trois-chiens-squelettiques-sauves-par-une-association-et-la-police","status":"publish","type":"post","link":"https:\/\/www.europesays.com\/fr\/501932\/","title":{"rendered":"Pr\u00e8s de Nantes, trois chiens \u00ab\u00a0squelettiques\u00a0\u00bb sauv\u00e9s par une association et la police"},"content":{"rendered":"<p>            Par<br \/>\n        <strong><br \/>\n            <a href=\"https:\/\/actu.fr\/auteur\/laure-gentil\" title=\"Consulter tous les articles de Laure Gentil\" rel=\"nofollow noopener\" target=\"_blank\">Laure Gentil<\/a><br \/>\n        <\/strong><\/p>\n<p>        Publi\u00e9 le<\/p>\n<p>            31 oct. 2025 \u00e0 9h35        <\/p>\n<p>Leyka, Ruby et Kovu n\u2019avaient que la peau sur les os. Ces deux chiennes et ce chien ont \u00e9t\u00e9 r\u00e9cup\u00e9r\u00e9s \u00e0 <a href=\"https:\/\/actu.fr\/pays-de-la-loire\/saint-sebastien-sur-loire_44190\" rel=\"nofollow noopener\" target=\"_blank\"><strong>Saint-S\u00e9bastien-sur-Loire<\/strong><\/a>, pr\u00e8s de <a href=\"https:\/\/actu.fr\/nantes\" rel=\"nofollow noopener\" target=\"_blank\">Nantes<\/a>, par l\u2019association Urgence Maltraitance Animale 44, la SPA et la police, le samedi 4\u00a0octobre dernier, apr\u00e8s un signalement. Selon l\u2019association, les trois chiens \u00e9taient \u00ab\u2009squelettiques\u2009\u00bb et vivaient dans un \u00ab\u2009jardinet jonch\u00e9 de d\u00e9chets\u2009\u00bb. D\u2019autres animaux ont aussi \u00e9t\u00e9 retrouv\u00e9s sur place. Une <strong>plainte a \u00e9t\u00e9 d\u00e9pos\u00e9e.<\/strong><\/p>\n<p>Une situation connue depuis un an<\/p>\n<p class=\" wall-content\">Selon un membre de l\u2019association, leurs coll\u00e8gues de la SPA \u00ab\u2009\u00e9taient au courant de ce cas-l\u00e0 depuis plusieurs mois, depuis novembre l\u2019ann\u00e9e derni\u00e8re\u2009\u00bb.<\/p>\n<blockquote class=\"ac-article-quote wall-content\">\n<p>Ils avaient essay\u00e9 d&rsquo;entrer en contact avec les propri\u00e9taires et \u00e7a avait \u00e9t\u00e9 tr\u00e8s compliqu\u00e9, ils n&rsquo;avaient pas pu retirer les chiens. Mais les chiens n&rsquo;\u00e9taient pas, \u00e0 l&rsquo;\u00e9poque, dans cet \u00e9tat-l\u00e0 non plus. Ils \u00e9taient plut\u00f4t sur un cas de reproduction et de vente de chiots douteuses.<\/p>\n<p>    <strong>UMA44<\/strong>\n            <\/p><\/blockquote>\n<p class=\" wall-content\">Il a donc fallu l\u2019<strong>intervention des forces de l\u2019ordre<\/strong> pour pouvoir entrer dans le logement. Urgence Maltraitance Animale indique que, sur place, il y avait une <strong>forte odeur d\u2019excr\u00e9ments.<\/strong> Une des deux chiennes avait de toute \u00e9vidence eu une port\u00e9e r\u00e9cemment. Les b\u00e9n\u00e9voles ont aussi trouv\u00e9 cinq lapins sur place, \u00ab\u2009dans des cages immondes, sans eau\u2009\u00bb.<\/p>\n<p>    <a href=\"https:\/\/www.facebook.com\/plugins\/post.php?href=https%3A%2F%2Fwww.facebook.com%2FUrgenceMaltraitanceAnimale%2Fposts%2Fpfbid0BR3SkZsyiNWCuAk5DFLeT92g2K5AufQost1RxaW3UzsXEynWrPWLaiLKueDssNAyl&amp;show_text=true&amp;width=350\" title=\"Ouvrie le lien\" rel=\"nofollow noopener\" target=\"_blank\">Cliquez ici pour visualiser le contenu<\/a><\/p>\n<p>Plac\u00e9s en famille d\u2019accueil<\/p>\n<p class=\" wall-content\">Les trois chiens ont \u00e9t\u00e9 plac\u00e9s en famille d\u2019accueil. Ils doivent se remettre avant d\u2019\u00eatre <strong>adoptables<\/strong>. \u00ab\u2009Ils ont commenc\u00e9 \u00e0 reprendre du poids, tranquillement. Leyka, elle a d\u00e9j\u00e0 repris deux kilos\u2009\u00bb, nous a assur\u00e9 un membre d\u2019Urgence Maltraitance Animale 44, contact\u00e9 par <a href=\"https:\/\/actu.fr\/nantes\/\" rel=\"nofollow noopener\" target=\"_blank\">actu Nantes<\/a>. \u00ab\u2009Pour les chiens qui sont cachectiques (sic), la r\u00e9introduction de l\u2019alimentation doit se faire tout en douceur\u2009\u00bb.<\/p>\n<p>Infos pratiques\u2009: Pour donner ou devenir b\u00e9n\u00e9vole dans l\u2019association envoyez un mail \u00e0 <a href=\"https:\/\/actu.fr\/cdn-cgi\/l\/email-protection\" class=\"__cf_email__\" data-cfemail=\"91e4e3f6f4fff2f4fcf0fde5e3f0f8e5f0fff2f4f0fff8fcf0fdf4d1f6fcf0f8fdbff2fefc\" rel=\"nofollow noopener\" target=\"_blank\">[email\u00a0protected]<\/a> ou t\u00e9l\u00e9phonez au 07\u200981\u200918\u200913\u200993<\/p>\n<p class=\" wall-content\">Personnalisez votre actualit\u00e9 en ajoutant vos villes et m\u00e9dias en favori avec <a href=\"https:\/\/moncompte.actu.fr\" title=\"D\u00e9couvez Mon Actu\" rel=\"nofollow noopener\" data-trk=\"{&quot;cta&quot;:{&quot;action&quot;:&quot;https:\\\/\\\/moncompte.actu.fr&quot;,&quot;category&quot;:&quot;mon compte&quot;,&quot;from&quot;:&quot;article footer&quot;,&quot;name&quot;:&quot;Mon actu&quot;,&quot;type&quot;:&quot;cta&quot;}}\" target=\"_blank\">Mon Actu<\/a>.<\/p>\n","protected":false},"excerpt":{"rendered":"Par Laure Gentil Publi\u00e9 le 31 oct. 2025 \u00e0 9h35 Leyka, Ruby et Kovu n\u2019avaient que la peau&hellip;\n","protected":false},"author":2,"featured_media":501933,"comment_status":"","ping_status":"","sticky":false,"template":"","format":"standard","meta":{"footnotes":""},"categories":[2818],"tags":[1111,11,1867,4850,1777,674,1011,27,6795,766,12,2636,25,104],"class_list":{"0":"post-501932","1":"post","2":"type-post","3":"status-publish","4":"format-standard","5":"has-post-thumbnail","7":"category-nantes","8":"tag-actu","9":"tag-actualites","10":"tag-animaux","11":"tag-chien","12":"tag-eu","13":"tag-europe","14":"tag-fr","15":"tag-france","16":"tag-maltraitance-animale","17":"tag-nantes","18":"tag-news","19":"tag-pays-de-la-loire","20":"tag-republique-francaise","21":"tag-societe"},"share_on_mastodon":{"url":"https:\/\/pubeurope.com\/@fr\/115468158017469449","error":""},"_links":{"self":[{"href":"https:\/\/www.europesays.com\/fr\/wp-json\/wp\/v2\/posts\/501932","targetHints":{"allow":["GET"]}}],"collection":[{"href":"https:\/\/www.europesays.com\/fr\/wp-json\/wp\/v2\/posts"}],"about":[{"href":"https:\/\/www.europesays.com\/fr\/wp-json\/wp\/v2\/types\/post"}],"author":[{"embeddable":true,"href":"https:\/\/www.europesays.com\/fr\/wp-json\/wp\/v2\/users\/2"}],"replies":[{"embeddable":true,"href":"https:\/\/www.europesays.com\/fr\/wp-json\/wp\/v2\/comments?post=501932"}],"version-history":[{"count":0,"href":"https:\/\/www.europesays.com\/fr\/wp-json\/wp\/v2\/posts\/501932\/revisions"}],"wp:featuredmedia":[{"embeddable":true,"href":"https:\/\/www.europesays.com\/fr\/wp-json\/wp\/v2\/media\/501933"}],"wp:attachment":[{"href":"https:\/\/www.europesays.com\/fr\/wp-json\/wp\/v2\/media?parent=501932"}],"wp:term":[{"taxonomy":"category","embeddable":true,"href":"https:\/\/www.europesays.com\/fr\/wp-json\/wp\/v2\/categories?post=501932"},{"taxonomy":"post_tag","embeddable":true,"href":"https:\/\/www.europesays.com\/fr\/wp-json\/wp\/v2\/tags?post=501932"}],"curies":[{"name":"wp","href":"https:\/\/api.w.org\/{rel}","templated":true}]}}