{"id":501936,"date":"2025-10-31T09:52:08","date_gmt":"2025-10-31T09:52:08","guid":{"rendered":"https:\/\/www.europesays.com\/fr\/501936\/"},"modified":"2025-10-31T09:52:08","modified_gmt":"2025-10-31T09:52:08","slug":"en-gironde-le-prefet-serre-la-vis-pour-la-soiree-dhalloween-ces-interdictions-a-respecter","status":"publish","type":"post","link":"https:\/\/www.europesays.com\/fr\/501936\/","title":{"rendered":"En Gironde, le pr\u00e9fet serre la vis pour la soir\u00e9e d&rsquo;Halloween : ces interdictions \u00e0 respecter"},"content":{"rendered":"<p>            Par<br \/>\n        <strong><br \/>\n            <a href=\"https:\/\/actu.fr\/auteur\/juliette-cardinale\" title=\"Consulter tous les articles de Juliette Cardinale\" target=\"_blank\" rel=\"noopener\">Juliette Cardinale<\/a><br \/>\n        <\/strong><\/p>\n<p>        Publi\u00e9 le<\/p>\n<p>            31 oct. 2025 \u00e0 10h31        <\/p>\n<p>C\u2019est une journ\u00e9e synonyme de f\u00eate. Pour Halloween, les vampires et autres zombies sont de sortie \u2013 petits ou grands. Pour pr\u00e9venir tout risque de <strong>trouble \u00e0 l\u2019ordre public,<\/strong> le pr\u00e9fet <a href=\"https:\/\/actu.fr\/nouvelle-aquitaine\/gironde_33\" target=\"_blank\" rel=\"noopener\">de la Gironde<\/a> a pris <strong>plusieurs arr\u00eat\u00e9s<\/strong> \u00e0 l\u2019occasion des festivit\u00e9s \u00ab\u2009souvent marqu\u00e9es par une forte affluence dans l\u2019espace public et une multiplication des rassemblements festifs\u2009\u00bb.<\/p>\n<p>Plusieurs interdictions\u2009:<\/p>\n<p class=\" wall-content\">Il est <strong>interdit<\/strong> \u00e0 partir de 18h ce vendredi 31\u00a0octobre 2025, et jusqu\u2019\u00e0 2h samedi 1er\u00a0novembre, sur l\u2019ensemble des villes de l\u2019agglom\u00e9ration bordelaise et <a href=\"https:\/\/actu.fr\/nouvelle-aquitaine\/libourne_33243\" target=\"_blank\" rel=\"noopener\">sur Libourne\u2009:<\/a><\/p>\n<ul class=\" wall-content\">\n<li>l\u2019achat, la vente, la cession, l\u2019utilisation, le port et le transport <strong>d\u2019artifices de divertissement et d\u2019articles pyrotechniques,<\/strong> ainsi que le transport et la d\u00e9tention de <strong>carburants, d\u2019acides et de produits inflammables<\/strong> ou chimiques sur la voie publique\u2009;<\/li>\n<li>la d\u00e9tention, le transport et la consommation <strong>d\u2019alcool sur la voie publique<\/strong> (hors lieux autoris\u00e9s), ainsi que la vente et l\u2019usage de <strong>contenants en verre<\/strong> sur la voie publique et les terrasses de d\u00e9bits de boissons\u2009;<\/li>\n<li>le port et le transport, sans motif l\u00e9gitime, <strong>d\u2019armes ou d\u2019objets<\/strong> pouvant constituer une arme.<\/li>\n<\/ul>\n<p class=\" wall-content\">Dans l\u2019espace public de <strong>l\u2019ensemble du d\u00e9partement,<\/strong> d\u00e8s 14h ce vendredi, il est interdit de consommer du <strong>protoxyde d\u2019azote.<\/strong> La d\u00e9tention par les mineurs de protoxyde d\u2019azote est \u00e9galement prohib\u00e9e. Depuis quelques ann\u00e9es, <a href=\"https:\/\/actu.fr\/nouvelle-aquitaine\/libourne_33243\/gaz-hilarant-libourne-interdit-la-consommation-de-protoxyde-d-azote-sur-la-voie-publique_62969741.html\" target=\"_blank\" rel=\"noopener\">l\u2019usage de ce gaz hilarant a \u00e9t\u00e9 d\u00e9tourn\u00e9 \u00e0 des fins festives.<\/a><\/p>\n<p class=\" wall-content\">Des mesures pour \u00ab\u2009pr\u00e9venir les incidents et \u00e0 <strong>garantir la s\u00e9curit\u00e9 de tous\u2009\u00bb.\u00a0<\/strong>Le pr\u00e9fet appelle chacun \u00e0 \u00ab\u2009faire preuve de responsabilit\u00e9 et de civisme.\u2009\u00bb<\/p>\n<p class=\" wall-content\">Par ailleurs, la pr\u00e9fecture rappelle que faire des blagues <strong>aux num\u00e9ros d\u2019urgence<\/strong> n\u2019est pas anodin. \u00ab\u2009Le d\u00e9lit de fausse alerte est passible de <strong>2\u00a0ans d\u2019emprisonnement et 30\u2009000\u00a0euros d\u2019amendes.\u2009\u00bb<\/strong><\/p>\n<p class=\" wall-content\">Personnalisez votre actualit\u00e9 en ajoutant vos villes et m\u00e9dias en favori avec <a href=\"https:\/\/moncompte.actu.fr\" title=\"D\u00e9couvez Mon Actu\" rel=\"nofollow noopener\" data-trk=\"{&quot;cta&quot;:{&quot;action&quot;:&quot;https:\\\/\\\/moncompte.actu.fr&quot;,&quot;category&quot;:&quot;mon compte&quot;,&quot;from&quot;:&quot;article footer&quot;,&quot;name&quot;:&quot;Mon actu&quot;,&quot;type&quot;:&quot;cta&quot;}}\" target=\"_blank\">Mon Actu<\/a>.<\/p>\n","protected":false},"excerpt":{"rendered":"Par Juliette Cardinale Publi\u00e9 le 31 oct. 2025 \u00e0 10h31 C\u2019est une journ\u00e9e synonyme de f\u00eate. Pour Halloween,&hellip;\n","protected":false},"author":2,"featured_media":501937,"comment_status":"","ping_status":"","sticky":false,"template":"","format":"standard","meta":{"footnotes":""},"categories":[2817],"tags":[1111,11,1997,1777,674,1011,27,20815,12,2219,1072,25,104],"class_list":{"0":"post-501936","1":"post","2":"type-post","3":"status-publish","4":"format-standard","5":"has-post-thumbnail","7":"category-bordeaux","8":"tag-actu","9":"tag-actualites","10":"tag-bordeaux","11":"tag-eu","12":"tag-europe","13":"tag-fr","14":"tag-france","15":"tag-halloween","16":"tag-news","17":"tag-nouvelle-aquitaine","18":"tag-police","19":"tag-republique-francaise","20":"tag-societe"},"share_on_mastodon":{"url":"https:\/\/pubeurope.com\/@fr\/115468169637733475","error":""},"_links":{"self":[{"href":"https:\/\/www.europesays.com\/fr\/wp-json\/wp\/v2\/posts\/501936","targetHints":{"allow":["GET"]}}],"collection":[{"href":"https:\/\/www.europesays.com\/fr\/wp-json\/wp\/v2\/posts"}],"about":[{"href":"https:\/\/www.europesays.com\/fr\/wp-json\/wp\/v2\/types\/post"}],"author":[{"embeddable":true,"href":"https:\/\/www.europesays.com\/fr\/wp-json\/wp\/v2\/users\/2"}],"replies":[{"embeddable":true,"href":"https:\/\/www.europesays.com\/fr\/wp-json\/wp\/v2\/comments?post=501936"}],"version-history":[{"count":0,"href":"https:\/\/www.europesays.com\/fr\/wp-json\/wp\/v2\/posts\/501936\/revisions"}],"wp:featuredmedia":[{"embeddable":true,"href":"https:\/\/www.europesays.com\/fr\/wp-json\/wp\/v2\/media\/501937"}],"wp:attachment":[{"href":"https:\/\/www.europesays.com\/fr\/wp-json\/wp\/v2\/media?parent=501936"}],"wp:term":[{"taxonomy":"category","embeddable":true,"href":"https:\/\/www.europesays.com\/fr\/wp-json\/wp\/v2\/categories?post=501936"},{"taxonomy":"post_tag","embeddable":true,"href":"https:\/\/www.europesays.com\/fr\/wp-json\/wp\/v2\/tags?post=501936"}],"curies":[{"name":"wp","href":"https:\/\/api.w.org\/{rel}","templated":true}]}}