{"id":501938,"date":"2025-10-31T09:53:11","date_gmt":"2025-10-31T09:53:11","guid":{"rendered":"https:\/\/www.europesays.com\/fr\/501938\/"},"modified":"2025-10-31T09:53:11","modified_gmt":"2025-10-31T09:53:11","slug":"et-si-le-stade-atlantique-etait-renomme-rene-gallice-les-ultramarines-deposent-un-dossier-de-naming","status":"publish","type":"post","link":"https:\/\/www.europesays.com\/fr\/501938\/","title":{"rendered":"et si le stade Atlantique \u00e9tait renomm\u00e9 Ren\u00e9 Gallice\u00a0? Les Ultramarines d\u00e9posent un dossier de naming"},"content":{"rendered":"<p>\n    L\u2019appel \u00e0 candidature pour le naming du stade Atlantique, \u00e0 Bordeaux, touche \u00e0 sa fin. Les Ultramarines, principal groupe de supporters des Girondins, ont d\u00e9pos\u00e9 un dossier et souhaitent que le stade soit renomm\u00e9 \u00abRen\u00e9 Gallice\u00bb, en hommage \u00e0 une ancienne gloire du club.<\/p>\n<p class=\"fig-paragraph\">Quel nom pour le stade des\u00a0<a href=\"https:\/\/www.lefigaro.fr\/sports\/football\/foot-les-girondins-de-bordeaux-echappent-a-la-liquidation-judiciaire-20250624?msockid=258c4318a154643d05395665a0ed65f9\" target=\"_blank\" data-fig-type=\"NewsFlash\" rel=\"sponsored noopener\" data-gtm-custom-categorie=\"navigation\" data-gtm-custom-action=\"crossclick\" data-gtm-custom-label=\"Contextuel\" data-gtm-event=\"customEventSPE\" data-fig-domain=\"LEFIGARO\">Girondins de Bordeaux<\/a>\u00a0? Le contrat de naming avec la Matmut \u00e9tant arriv\u00e9 \u00e0 son terme, et non renouvel\u00e9 cet \u00e9t\u00e9, la M\u00e9tropole cherche une nouvelle appellation pour l\u2019enceinte. Depuis le d\u00e9but de la saison, on ne lit plus \u00abMatmut Atlantique\u00bb, mais bien \u00abstade Atlantique\u00bb sur la fa\u00e7ade du stade inaugur\u00e9 en 2015, et\u00a0<a href=\"http:\/\/www.lefigaro.fr\/bordeaux\/bordeaux-le-stade-matmut-atlantique-repris-en-regie-par-la-metropole-20250730\" data-fig-type=\"NewsFlash\" data-gtm-custom-categorie=\"navigation\" data-gtm-custom-action=\"crossclick\" data-gtm-custom-label=\"Contextuel\" data-gtm-event=\"customEventSPE\" data-fig-domain=\"LEFIGARO\" target=\"_blank\" rel=\"noopener\">repris en r\u00e9gie par la M\u00e9tropole le 1er ao\u00fbt<\/a>.<\/p>\n<p class=\"fig-paragraph\">Le 16 septembre dernier, cette derni\u00e8re a lanc\u00e9 un appel \u00e0 manifestation d\u2019int\u00e9r\u00eat (AMI) pour trouver un nouveau partenaire de naming dans les mois \u00e0 venir. D\u2019apr\u00e8s le journal\u00a0<a href=\"https:\/\/www.sudouest.fr\/sport\/stade-atlantique-de-bordeaux-les-ultramarines-deposent-un-dossier-de-naming-26531736.php\" target=\"_blank\" rel=\"sponsored noopener\" data-gtm-custom-categorie=\"navigation\" data-gtm-custom-action=\"crossclick\" data-gtm-custom-label=\"Contextuel\" data-gtm-event=\"customEventSPE\">Sud-Ouest<\/a>, les Ultramarines, principal groupe de supporters des Girondins de Bordeaux, ont d\u00e9pos\u00e9 un dossier. En 2015, ann\u00e9e de la naissance du Matmut Atlantique, les ultras bordelais avaient d\u00e9j\u00e0 pris parti pour appeler le stade Ren\u00e9 Gallice.<\/p>\n<p>                                    <a class=\"fig-a11y-skip a11y-hidden\" href=\"#fig-a11y-skip-main-inarticle\"><br \/>\n        Passer la publicit\u00e9<br \/>\n    <\/a><\/p>\n<p class=\"fig-paragraph\">Depuis, l\u2019appellation s\u2019est invit\u00e9e dans le langage courant des habitu\u00e9s du virage sud. Ils ont d\u2019ailleurs d\u00e9ploy\u00e9 une b\u00e2che \u00abFaites vibrer Gallice\u00bb, au-dessus d\u2019une mar\u00e9e de drapeaux, lors du dernier match \u00e0 domicile contre le leader de National 2 (quatri\u00e8me division fran\u00e7aise), La Roche Vend\u00e9e Football.<\/p>\n<p class=\"fig-paragraph\">Ren\u00e9 Gallice (1919-1999) \u00e9tait un footballeur fran\u00e7ais, originaire de Bordeaux, qui a marqu\u00e9 l\u2019histoire des Girondins. Milieu de terrain talentueux, il a jou\u00e9 principalement pour ce club entre les ann\u00e9es 1940 et 1950, participant notamment au premier titre de champion de France des Girondins en 1950. Auparavant, il avait commenc\u00e9 sa carri\u00e8re \u00e0 Marseille puis \u00e0 Al\u00e8s, avant de rejoindre Bordeaux o\u00f9 il devint capitaine et figure embl\u00e9matique de l\u2019\u00e9quipe. Apr\u00e8s sa carri\u00e8re de joueur, il s\u2019est notamment impliqu\u00e9 dans la formation et la vie locale bordelaise, conservant un lien fort avec le club.<\/p>\n<p>Le stade sera renomm\u00e9 en fin d\u2019ann\u00e9e<\/p>\n<p class=\"fig-paragraph\">\u00abQue cela soit Matmut ou n\u2019importe quel autre m\u00e9c\u00e8ne, l\u2019id\u00e9e est la m\u00eame\u00a0: le principe est pour nous contre-nature. Un stade, c\u2019est un patrimoine attach\u00e9 \u00e0 une ville, \u00e0 un club, mais en aucun cas un panneau publicitaire.<br \/>Nous devons apprendre \u00e0 aimer ce nouveau stade, \u00e0 nous l\u2019approprier. Si nous ne le faisons pas, c\u2019est \u00e0 terme notre club que nous abandonnerons. La d\u00e9cision a donc \u00e9t\u00e9 prise en septembre 2015, par le groupe, de symboliquement rebaptiser ce stade, \u00e0 l\u2019image du club, de sa ville, de sa r\u00e9gion et de ce qu\u2019il doit repr\u00e9senter\u00bb, peut-on lire sur le site du groupe ultra.<\/p>\n<p class=\"fig-paragraph\">Pas s\u00fbr que l\u2019id\u00e9e s\u00e9duisent la M\u00e9tropole, qui indique que \u00abla proc\u00e9dure est confidentielle\u00bb et que \u00ables candidats seront \u00e9valu\u00e9s selon la qualit\u00e9 de leur projet, leur exp\u00e9rience et leur solidit\u00e9 financi\u00e8re\u00bb.<\/p>\n<p class=\"fig-paragraph\">La convention est pr\u00e9vue pour une dur\u00e9e de trois \u00e0 cinq ans. Une phase d\u2019analyse des candidatures et d\u2019\u00e9ventuelles n\u00e9gociations se d\u00e9roulera jusqu\u2019au 10 novembre. La d\u00e9signation du laur\u00e9at et la signature de la convention sont pr\u00e9vues pour la fin de l\u2019ann\u00e9e 2025.<\/p>\n","protected":false},"excerpt":{"rendered":"L\u2019appel \u00e0 candidature pour le naming du stade Atlantique, \u00e0 Bordeaux, touche \u00e0 sa fin. Les Ultramarines, principal&hellip;\n","protected":false},"author":2,"featured_media":501939,"comment_status":"","ping_status":"","sticky":false,"template":"","format":"standard","meta":{"footnotes":""},"categories":[2817],"tags":[1111,11,1997,1777,674,1011,27,2908,2870,12,2219,25,10221],"class_list":{"0":"post-501938","1":"post","2":"type-post","3":"status-publish","4":"format-standard","5":"has-post-thumbnail","7":"category-bordeaux","8":"tag-actu","9":"tag-actualites","10":"tag-bordeaux","11":"tag-eu","12":"tag-europe","13":"tag-fr","14":"tag-france","15":"tag-girondins-de-bordeaux","16":"tag-naming","17":"tag-news","18":"tag-nouvelle-aquitaine","19":"tag-republique-francaise","20":"tag-supporters"},"share_on_mastodon":{"url":"https:\/\/pubeurope.com\/@fr\/115468173579493296","error":""},"_links":{"self":[{"href":"https:\/\/www.europesays.com\/fr\/wp-json\/wp\/v2\/posts\/501938","targetHints":{"allow":["GET"]}}],"collection":[{"href":"https:\/\/www.europesays.com\/fr\/wp-json\/wp\/v2\/posts"}],"about":[{"href":"https:\/\/www.europesays.com\/fr\/wp-json\/wp\/v2\/types\/post"}],"author":[{"embeddable":true,"href":"https:\/\/www.europesays.com\/fr\/wp-json\/wp\/v2\/users\/2"}],"replies":[{"embeddable":true,"href":"https:\/\/www.europesays.com\/fr\/wp-json\/wp\/v2\/comments?post=501938"}],"version-history":[{"count":0,"href":"https:\/\/www.europesays.com\/fr\/wp-json\/wp\/v2\/posts\/501938\/revisions"}],"wp:featuredmedia":[{"embeddable":true,"href":"https:\/\/www.europesays.com\/fr\/wp-json\/wp\/v2\/media\/501939"}],"wp:attachment":[{"href":"https:\/\/www.europesays.com\/fr\/wp-json\/wp\/v2\/media?parent=501938"}],"wp:term":[{"taxonomy":"category","embeddable":true,"href":"https:\/\/www.europesays.com\/fr\/wp-json\/wp\/v2\/categories?post=501938"},{"taxonomy":"post_tag","embeddable":true,"href":"https:\/\/www.europesays.com\/fr\/wp-json\/wp\/v2\/tags?post=501938"}],"curies":[{"name":"wp","href":"https:\/\/api.w.org\/{rel}","templated":true}]}}