{"id":501972,"date":"2025-10-31T10:11:33","date_gmt":"2025-10-31T10:11:33","guid":{"rendered":"https:\/\/www.europesays.com\/fr\/501972\/"},"modified":"2025-10-31T10:11:33","modified_gmt":"2025-10-31T10:11:33","slug":"faconner-les-normes-de-cooperation-dans-une-nouvelle-ere","status":"publish","type":"post","link":"https:\/\/www.europesays.com\/fr\/501972\/","title":{"rendered":"fa\u00e7onner les normes de coop\u00e9ration dans une nouvelle \u00e8re"},"content":{"rendered":"<p>La visite officielle du secr\u00e9taire g\u00e9n\u00e9ral <a class=\"data-link\" data-org-href=\"https:\/\/www.vietnam.vn\/tag\/to-lam\" href=\"https:\/\/www.vietnam.vn\/tag\/to-lam\" title=\"\u00c0 Lam\" target=\"_blank\" rel=\"noopener\">To Lam<\/a> et de son \u00e9pouse, ainsi que de la d\u00e9l\u00e9gation vietnamienne de haut rang, au Royaume-Uni de Grande-Bretagne et d&rsquo;Irlande du Nord du 28 au 30 octobre 2025 \u00e0 l&rsquo;invitation du Premier ministre britannique Keir Starmer, a \u00e9t\u00e9 un grand succ\u00e8s.<\/p>\n<p> Les deux dirigeants ont convenu d&rsquo;\u00e9lever les relations bilat\u00e9rales au rang de partenariat strat\u00e9gique global, d\u00e9finissant conjointement les normes de coop\u00e9ration pour cette nouvelle \u00e8re.<\/p>\n<p> Au cours des cinq derni\u00e8res d\u00e9cennies, depuis l&rsquo;\u00e9tablissement des relations <a class=\"data-link\" data-org-href=\"https:\/\/www.vietnam.vn\/category\/ngoai-giao\" href=\"https:\/\/www.vietnam.vn\/category\/ngoai-giao\" title=\"diplomatique\" target=\"_blank\" rel=\"noopener\">diplomatiques<\/a> en 1973 et apr\u00e8s 15 ans de mise en \u0153uvre du cadre de partenariat strat\u00e9gique \u00e9tabli en 2010, le Vietnam et le Royaume-Uni de Grande-Bretagne et d&rsquo;Irlande du Nord ont b\u00e2ti un partenariat solide et durable, fond\u00e9 sur le respect mutuel et une vision partag\u00e9e d&rsquo;un avenir s\u00fbr, prosp\u00e8re et durable.<\/p>\n<p> La visite officielle du <a class=\"data-link\" data-org-href=\"https:\/\/www.vietnam.vn\/tag\/tong-bi-thu\" href=\"https:\/\/www.vietnam.vn\/tag\/tong-bi-thu\" title=\"Secr\u00e9taire g\u00e9n\u00e9ral\" target=\"_blank\" rel=\"noopener\">secr\u00e9taire g\u00e9n\u00e9ral<\/a> To Lam constitue non seulement un \u00e9v\u00e9nement international important, mais d\u00e9montre aussi clairement le respect du Vietnam pour ses partenaires traditionnels d&rsquo;Europe occidentale, notamment le Royaume-Uni, dans le cadre de sa politique \u00e9trang\u00e8re et de son processus d&rsquo;int\u00e9gration internationale globale.<\/p>\n<p> M. Iain Frew, ambassadeur britannique au Vietnam, a d\u00e9clar\u00e9 qu&rsquo;il s&rsquo;agissait d&rsquo;une visite tr\u00e8s importante, marquant une nouvelle \u00e9tape dans le d\u00e9veloppement des relations entre les deux pays \u00e0 un niveau sup\u00e9rieur.<\/p>\n<p> Il s&rsquo;agit \u00e9galement de la premi\u00e8re visite d&rsquo;un secr\u00e9taire g\u00e9n\u00e9ral vietnamien au Royaume-Uni depuis 13 ans \u2013 un \u00e9v\u00e9nement historique et tr\u00e8s important.<\/p>\n<p> L\u2019ambassadeur Iain Frew s\u2019est dit convaincu qu\u2019avec des partenaires comme le Royaume-Uni, en saisissant les opportunit\u00e9s et en surmontant les d\u00e9fis mondiaux, le Vietnam est pleinement capable de continuer \u00e0 r\u00e9ussir et de r\u00e9aliser ses grandes aspirations et son potentiel dans cette nouvelle \u00e9tape de d\u00e9veloppement.<\/p>\n<p> Au cours de cette visite officielle, le secr\u00e9taire g\u00e9n\u00e9ral To Lam et la d\u00e9l\u00e9gation vietnamienne ont men\u00e9 de nombreuses activit\u00e9s importantes, notamment des entretiens avec le Premier ministre britannique Keir Starmer, des rencontres avec le vice-Premier ministre britannique David Lammy, ainsi qu&rsquo;avec des repr\u00e9sentants de la famille royale britannique, de la Chambre des lords, de la Chambre des communes et des principaux partis politiques du Royaume-Uni. <\/p>\n<p><img loading=\"lazy\" decoding=\"async\" id=\"1536673\" alt=\"ttxvn-tong-bi-thu-to-lam-phat-bieu-chinh-sach-tai-dai-hoc-oxford-14.jpg\" data-width=\"3775\" data-height=\"2814\" data-image-id=\"1536673\" class=\"lazyload cms-photo\" data-large-src=\"https:\/\/media.vietnamplus.vn\/images\/02e30917696bf3f7fd5a4d8c315479340abeeb2e5d65c82f487c549f358a032b46876b3163c41e6fd45f38f801d7f8dae32ec703397a01c8b714c29e8858e37e2a59d9a1289a0143c9d9fb8b58dd3ded81d765094fe8abd3b103490f6d6f359b\/ttxvn-tong-bi-thu-to-lam-phat-bieu-chinh-sach-tai-dai-hoc-oxford-14.jpg\" src=\"https:\/\/www.europesays.com\/fr\/wp-content\/uploads\/2025\/10\/ttxvn-tong-bi-thu-to-lam-phat-bieu-chinh-sach-tai-dai-hoc-oxford-14.jpg\" title=\"Le secr\u00e9taire g\u00e9n\u00e9ral To Lam en compagnie de Mme Irene Tracey, vice-chanceli\u00e8re de l'universit\u00e9 d'Oxford. (Photo\u00a0: Thong Nhat\/VNA)\" width=\"660\" height=\"491\"\/> Le secr\u00e9taire g\u00e9n\u00e9ral To Lam en compagnie de Mme Irene Tracey, vice-chanceli\u00e8re de l&rsquo;universit\u00e9 d&rsquo;Oxford. (Photo\u00a0: Thong Nhat\/VNA)<\/p>\n<p> Le secr\u00e9taire g\u00e9n\u00e9ral a \u00e9galement prononc\u00e9 un discours politique important \u00e0 l&rsquo;universit\u00e9 d&rsquo;Oxford ; il a rencontr\u00e9 et discut\u00e9 avec des repr\u00e9sentants d&rsquo;entreprises, de grandes soci\u00e9t\u00e9s britanniques, des experts et des universitaires en sciences et technologies, et a rencontr\u00e9 des repr\u00e9sentants de la communaut\u00e9 et l&rsquo;ambassade du Vietnam au Royaume-Uni.<\/p>\n<p> Lors de cet \u00e9change, les dirigeants et partenaires britanniques ont exprim\u00e9 leur admiration pour les formidables r\u00e9alisations du Vietnam dans tous les domaines, t\u00e9moignant de leur respect pour la position et le r\u00f4le du Vietnam dans la r\u00e9gion Asie-Pacifique ainsi que pour de nombreuses questions pr\u00e9occupantes pour la communaut\u00e9 internationale.<\/p>\n<p> Les partenaires britanniques ont exprim\u00e9 leur volont\u00e9 de mettre rapidement en \u0153uvre les contenus convenus, en partageant informations, exp\u00e9riences, connaissances et expertises dans divers domaines, allant de la finance, des sciences et technologies, de l&rsquo;innovation, \u00e0 la sant\u00e9, \u00e0 la finance verte, aux \u00e9nergies propres et \u00e0 la r\u00e9duction des risques de catastrophe.<\/p>\n<p> Lors de ces entretiens, le Premier ministre Keir Starmer a f\u00e9licit\u00e9 le Vietnam pour ses r\u00e9cents succ\u00e8s sous la direction du Parti communiste vietnamien et du secr\u00e9taire g\u00e9n\u00e9ral To Lam ; soulignant que le Vietnam est une \u00e9conomie dynamique et tr\u00e8s ouverte qui joue un r\u00f4le de plus en plus important dans la r\u00e9gion Asie-Pacifique et qu&rsquo;il est l&rsquo;un des principaux partenaires du Royaume-Uni en Asie du Sud-Est et dans la r\u00e9gion Asie-Pacifique.<\/p>\n<p> Lors de cette visite, les deux parties ont publi\u00e9 une d\u00e9claration conjointe sur l&rsquo;\u00e9l\u00e9vation des relations Vietnam-Royaume-Uni au rang de partenariat strat\u00e9gique global.<\/p>\n<p> Les deux parties renforceront leur coop\u00e9ration sur six piliers principaux\u00a0: le renforcement de la coop\u00e9ration politique, diplomatique, de d\u00e9fense et de s\u00e9curit\u00e9\u00a0; le renforcement de la coop\u00e9ration \u00e9conomique, commerciale, d\u2019investissement et financi\u00e8re\u00a0; le renforcement de la coop\u00e9ration dans les domaines de la science et de la technologie, de l\u2019innovation, de la transformation num\u00e9rique et de la sant\u00e9\u00a0; la coop\u00e9ration dans les domaines de l\u2019environnement, de l\u2019\u00e9nergie et de la transition \u00e9cologique\u00a0; le renforcement de la coop\u00e9ration dans les domaines de l\u2019\u00e9ducation, de la culture, du sport, du tourisme, des \u00e9changes entre les peuples, de l\u2019\u00e9galit\u00e9 des droits et dans d\u2019autres domaines\u00a0; et le renforcement de la coordination sur les questions r\u00e9gionales et internationales. <\/p>\n<p><img loading=\"lazy\" decoding=\"async\" id=\"1537220\" alt=\"ttxvn-le-don-chinh-thuc-tong-bi-thu-to-lam-tham-chinh-thuc-lien-hiep-vuong-quoc-anh-va-bac-ai-len-8373645-14.jpg\" data-width=\"3333\" data-height=\"2222\" data-image-id=\"1537220\" class=\"lazyload cms-photo\" data-large-src=\"https:\/\/media.vietnamplus.vn\/images\/d365e22a38c1839e2c99f3f6eab6700c5b4b5c4272e278e0af6dc9c6f1f45a281d902abe0936418d80aef96ddf68118f086a5d337b0d772980befeb0c94a463b35635dfe20e76eb1bd2fcd1dad244171e01e0637964390f4448beeb753c85c40ff4b3b3bf004eedb0331148830d589a5ea1bbe876165b27d90be52c683d5a009e3634cbac46a0b863a3d66dd912d5b03\/ttxvn-le-don-chinh-thuc-tong-bi-thu-to-lam-tham-chinh-thuc-lien-hiep-vuong-quoc-anh-va-bac-ai-len-8373645-14.jpg\" src=\"https:\/\/www.europesays.com\/fr\/wp-content\/uploads\/2025\/10\/ttxvn-le-don-chinh-thuc-tong-bi-thu-to-lam-tham-chinh-thuc-lien-hiep-vuong-quoc-anh-va-bac-ai-len-83.jpeg\" title=\"Le secr\u00e9taire g\u00e9n\u00e9ral du Vietnam, To Lam, et le Premier ministre du Royaume-Uni de Grande-Bretagne et d'Irlande du Nord, Keir Starmer, ont publi\u00e9 une d\u00e9claration conjointe sur l'\u00e9l\u00e9vation des relations Vietnam-Royaume-Uni au rang de partenariat strat\u00e9gique global. (Photo\u00a0: Thong Nhat\/VNA)\" width=\"660\" height=\"440\"\/> Le secr\u00e9taire g\u00e9n\u00e9ral du Vietnam, To Lam, et le Premier ministre du Royaume-Uni de Grande-Bretagne et d&rsquo;Irlande du Nord, Keir Starmer, ont publi\u00e9 une d\u00e9claration conjointe sur l&rsquo;\u00e9l\u00e9vation des relations Vietnam-Royaume-Uni au rang de partenariat strat\u00e9gique global. (Photo\u00a0: Thong Nhat\/VNA)<\/p>\n<p> Les deux parties ont convenu d&rsquo;\u00e9tablir un partenariat Vietnam-Royaume-Uni pour l&rsquo;\u00e9nergie propre entre le minist\u00e8re vietnamien de l&rsquo;Industrie et du Commerce et les agences britanniques comp\u00e9tentes, afin d&rsquo;acc\u00e9l\u00e9rer la transition vers des \u00e9conomies sobres en carbone et r\u00e9silientes dans les deux pays ; et de soutenir la mise en \u0153uvre de projets dans le cadre du Partenariat pour une transition \u00e9nerg\u00e9tique juste (JETP).<\/p>\n<p> Le Vietnam et le Royaume-Uni ont affirm\u00e9 que l&rsquo;\u00e9ducation et la formation sont des piliers de la croissance durable et du d\u00e9veloppement humain ; ils se sont f\u00e9licit\u00e9s de la signature de la lettre d&rsquo;intention et ont convenu de poursuivre leur coordination en vue de la prolongation du m\u00e9morandum d&rsquo;entente sur la coop\u00e9ration entre les deux minist\u00e8res de l&rsquo;\u00c9ducation dans les prochains mois.<\/p>\n<p> Les deux parties se sont engag\u00e9es \u00e0 promouvoir les \u00e9changes universitaires et \u00e0 encourager la mise en place de nouveaux programmes conjoints, \u00e0 renforcer la coop\u00e9ration entre les \u00e9tablissements d&rsquo;enseignement sup\u00e9rieur, professionnel et secondaire par le biais d&rsquo;\u00e9changes de professeurs, de chercheurs et d&rsquo;\u00e9tudiants, notamment dans des domaines tels que l&rsquo;intelligence artificielle, les semi-conducteurs, la biotechnologie, l&rsquo;industrie pharmaceutique et l&rsquo;a\u00e9rospatiale. <\/p>\n<p> Le point culminant de cette visite officielle a \u00e9t\u00e9 la rencontre du secr\u00e9taire g\u00e9n\u00e9ral To Lam avec les dirigeants de l&rsquo;universit\u00e9 d&rsquo;Oxford, au cours de laquelle il a prononc\u00e9 un discours important.<\/p>\n<p> Le secr\u00e9taire g\u00e9n\u00e9ral a indiqu\u00e9 que le Vietnam a choisi une orientation tr\u00e8s claire\u00a0: la science et la technologie, l\u2019innovation, la transformation num\u00e9rique et l\u2019\u00e9conomie fond\u00e9e sur la connaissance seront les principaux moteurs de croissance dans la p\u00e9riode \u00e0 venir.<\/p>\n<p> Le Vietnam promeut activement sa strat\u00e9gie nationale de transformation num\u00e9rique, d\u00e9veloppant l&rsquo;\u00e9conomie num\u00e9rique, l&rsquo;\u00e9conomie verte, l&rsquo;\u00e9conomie circulaire et l&rsquo;\u00e9conomie \u00e0 faibles \u00e9missions de carbone ; consid\u00e9rant l&rsquo;innovation non seulement comme un pur laboratoire scientifique, mais aussi comme la vitalit\u00e9 de l&rsquo;\u00e9conomie, la comp\u00e9titivit\u00e9 nationale et la capacit\u00e9 de r\u00e9sister aux chocs g\u00e9opolitiques et g\u00e9o\u00e9conomiques.<\/p>\n<p> Le Vietnam consid\u00e8re le Royaume-Uni non seulement comme un partenaire commercial, un partenaire \u00e9ducatif, un partenaire scientifique et technologique, mais aussi comme un partenaire strat\u00e9gique \u00e0 long terme pour d\u00e9finir conjointement les normes de coop\u00e9ration au XXIe si\u00e8cle.<\/p>\n<p> Le secr\u00e9taire g\u00e9n\u00e9ral a d\u00e9clar\u00e9 que les deux parties ont besoin d&rsquo;un mod\u00e8le de coop\u00e9ration nouveau, concret et mesurable, qui profite directement aux populations des deux pays. Ce mod\u00e8le repose sur la combinaison des atouts du Royaume-Uni en mati\u00e8re de recherche fondamentale, de recherche appliqu\u00e9e, de hautes technologies, de biom\u00e9decine, de sant\u00e9 publique, d&rsquo;enseignement sup\u00e9rieur, d&rsquo;am\u00e9nagement urbain, de transition \u00e9nerg\u00e9tique et de services financiers, avec les besoins du Vietnam en mati\u00e8re de transformation num\u00e9rique, de transition \u00e9cologique, d&rsquo;am\u00e9lioration de la qualit\u00e9 des ressources humaines, d&rsquo;innovation dans la gouvernance du d\u00e9veloppement et de perfectionnement des institutions \u00e9conomiques de march\u00e9 \u00e0 orientation socialiste.<\/p>\n<p> Lors de rencontres avec des entreprises britanniques, le secr\u00e9taire g\u00e9n\u00e9ral To Lam a affirm\u00e9 que le Parti, l&rsquo;\u00c9tat et le peuple vietnamiens s&rsquo;engagent \u00e0 toujours \u00ab accompagner \u00bb et souhaitent continuer \u00e0 recevoir le soutien et l&rsquo;\u00e9troite coop\u00e9ration de leurs amis et partenaires internationaux dans leur r\u00f4le de facilitateurs et de promoteurs des investisseurs \u00e9trangers, notamment britanniques, dans le processus de construction et de d\u00e9veloppement du pays. <\/p>\n<p><img loading=\"lazy\" decoding=\"async\" id=\"1536530\" alt=\"ttxvn-2810-tong-bi-thu-vieng-mo-karl-marx-2.jpg\" data-width=\"1200\" data-height=\"966\" data-image-id=\"1536530\" class=\"lazyload cms-photo\" data-large-src=\"https:\/\/media.vietnamplus.vn\/images\/a01c0e0c6ca85cd3c5d38871d88e83e0a821642775e40cf8f1cc392782b517b218092cba61932133f444102888b4e79595aaa99c321063842255ff2bc38b7ae2f541961c5c37afbddbfae620ffa95394\/ttxvn-2810-tong-bi-thu-vieng-mo-karl-marx-2.jpg\" src=\"https:\/\/www.europesays.com\/fr\/wp-content\/uploads\/2025\/10\/ttxvn-2810-tong-bi-thu-vieng-mo-karl-marx-2.jpg\" title=\"Le secr\u00e9taire g\u00e9n\u00e9ral To Lam d\u00e9pose une gerbe sur la tombe de Karl Marx, leader du prol\u00e9tariat. (Photo : Thong Nhat\/VNA)\" width=\"660\" height=\"531\"\/> Le secr\u00e9taire g\u00e9n\u00e9ral To Lam d\u00e9pose une gerbe sur la tombe de Karl Marx, leader du prol\u00e9tariat. (Photo : Thong Nhat\/VNA)<\/p>\n<p> \u00c0 leur arriv\u00e9e au Royaume-Uni, le secr\u00e9taire g\u00e9n\u00e9ral To Lam et son \u00e9pouse Ngo Phuong Ly, accompagn\u00e9s de la d\u00e9l\u00e9gation vietnamienne de haut rang, ont d\u00e9pos\u00e9 une gerbe sur la tombe du dirigeant prol\u00e9tarien Karl Marx au cimeti\u00e8re de Highgate \u00e0 Londres, en signe de respect pour le grand philosophe et th\u00e9oricien du socialisme scientifique.<\/p>\n<p> Le secr\u00e9taire g\u00e9n\u00e9ral To Lam et son \u00e9pouse ont rencontr\u00e9 la communaut\u00e9 vietnamienne vivant, \u00e9tudiant et travaillant au Royaume-Uni, ainsi que des repr\u00e9sentants d&rsquo;associations, des fonctionnaires et des membres du personnel de l&rsquo;ambassade du Vietnam, t\u00e9moignant ainsi de la grande pr\u00e9occupation du Parti et de l&rsquo;\u00c9tat pour la communaut\u00e9 vietnamienne \u00e0 l&rsquo;\u00e9tranger, renfor\u00e7ant le bloc de l&rsquo;unit\u00e9 nationale et les encourageant \u00e0 continuer de promouvoir le patriotisme, \u00e0 s&rsquo;int\u00e9grer activement dans la soci\u00e9t\u00e9 d&rsquo;accueil et \u00e0 se tourner vers la patrie. <\/p>\n<p> Le ministre des Affaires \u00e9trang\u00e8res, Le Hoai Trung, a soulign\u00e9 que dans les prochains mois, les deux pays s&rsquo;attacheront \u00e0 promouvoir des propositions et des initiatives de coop\u00e9ration mettant en valeur les atouts du Royaume-Uni en mati\u00e8re de d\u00e9veloppement des centres financiers internationaux, d&rsquo;innovation, de t\u00e9l\u00e9communications, de conversion d&rsquo;\u00e9nergie durable, de haute technologie et de biom\u00e9decine, en les combinant aux besoins du Vietnam en mati\u00e8re de transformation num\u00e9rique, de transition \u00e9cologique, d&rsquo;am\u00e9lioration de la qualit\u00e9 des ressources humaines et d&rsquo;innovation dans la gouvernance du d\u00e9veloppement\u00a0; \u00e0 renforcer les liens et la coordination \u00e9troite au sein des instances internationales et r\u00e9gionales afin de contribuer \u00e0 la paix, \u00e0 la stabilit\u00e9 et au d\u00e9veloppement dans la r\u00e9gion et dans le monde.<\/p>\n<p> Le ministre des Affaires \u00e9trang\u00e8res, Le Hoai Trung, a d\u00e9clar\u00e9 qu&rsquo;il \u00e9tait n\u00e9cessaire de mettre en \u0153uvre des mesures visant \u00e0 am\u00e9liorer l&rsquo;efficacit\u00e9 du travail important accompli dans d&rsquo;autres domaines tels que les \u00e9changes culturels et la collaboration avec la communaut\u00e9 vietnamienne au Royaume-Uni, afin de renforcer le r\u00f4le de ces domaines dans la promotion de l&rsquo;amiti\u00e9, de la compr\u00e9hension et d&rsquo;une base de coop\u00e9ration toujours plus solide et approfondie entre le Vietnam et le Royaume-Uni.<\/p>\n<p> Cette visite est l&rsquo;une des activit\u00e9s importantes de la politique \u00e9trang\u00e8re vietnamienne en 2025, contribuant \u00e0 affirmer l&rsquo;importance de la relation Vietnam-Royaume-Uni dans la politique \u00e9trang\u00e8re globale de chaque pays, en particulier dans le contexte mondial actuel, instable et difficile.<\/p>\n<p class=\"mb-0\"> Source : https:\/\/www.vietnamplus.vn\/tong-bi-thu-tham-chinh-thuc-vuong-quoc-anh-dinh-hinh-cac-chuan-muc-hop-tac-trong-ky-nguyen-moi-post1074120.vnp<\/p>\n","protected":false},"excerpt":{"rendered":"La visite officielle du secr\u00e9taire g\u00e9n\u00e9ral To Lam et de son \u00e9pouse, ainsi que de la d\u00e9l\u00e9gation vietnamienne&hellip;\n","protected":false},"author":2,"featured_media":501973,"comment_status":"","ping_status":"","sticky":false,"template":"","format":"standard","meta":{"footnotes":""},"categories":[1588],"tags":[11,1777,674,61374,12,19237,61885,473,1853,17058,1851,1850,1852],"class_list":{"0":"post-501972","1":"post","2":"type-post","3":"status-publish","4":"format-standard","5":"has-post-thumbnail","7":"category-royaume-uni","8":"tag-actualites","9":"tag-eu","10":"tag-europe","11":"tag-frere-aine","12":"tag-news","13":"tag-partenariat-strategique-global","14":"tag-relations-vietnam-royaume-uni","15":"tag-royaume-uni","16":"tag-royaume-uni-de-grande-bretagne-et-dirlande-du-nord","17":"tag-secretaire-general-to-lam","18":"tag-uk","19":"tag-united-kingdom","20":"tag-united-kingdom-of-great-britain-and-northern-ireland"},"share_on_mastodon":{"url":"https:\/\/pubeurope.com\/@fr\/115468245862390131","error":""},"_links":{"self":[{"href":"https:\/\/www.europesays.com\/fr\/wp-json\/wp\/v2\/posts\/501972","targetHints":{"allow":["GET"]}}],"collection":[{"href":"https:\/\/www.europesays.com\/fr\/wp-json\/wp\/v2\/posts"}],"about":[{"href":"https:\/\/www.europesays.com\/fr\/wp-json\/wp\/v2\/types\/post"}],"author":[{"embeddable":true,"href":"https:\/\/www.europesays.com\/fr\/wp-json\/wp\/v2\/users\/2"}],"replies":[{"embeddable":true,"href":"https:\/\/www.europesays.com\/fr\/wp-json\/wp\/v2\/comments?post=501972"}],"version-history":[{"count":0,"href":"https:\/\/www.europesays.com\/fr\/wp-json\/wp\/v2\/posts\/501972\/revisions"}],"wp:featuredmedia":[{"embeddable":true,"href":"https:\/\/www.europesays.com\/fr\/wp-json\/wp\/v2\/media\/501973"}],"wp:attachment":[{"href":"https:\/\/www.europesays.com\/fr\/wp-json\/wp\/v2\/media?parent=501972"}],"wp:term":[{"taxonomy":"category","embeddable":true,"href":"https:\/\/www.europesays.com\/fr\/wp-json\/wp\/v2\/categories?post=501972"},{"taxonomy":"post_tag","embeddable":true,"href":"https:\/\/www.europesays.com\/fr\/wp-json\/wp\/v2\/tags?post=501972"}],"curies":[{"name":"wp","href":"https:\/\/api.w.org\/{rel}","templated":true}]}}