{"id":501984,"date":"2025-10-31T10:22:19","date_gmt":"2025-10-31T10:22:19","guid":{"rendered":"https:\/\/www.europesays.com\/fr\/501984\/"},"modified":"2025-10-31T10:22:19","modified_gmt":"2025-10-31T10:22:19","slug":"vers-une-reconnaissance-du-liv-au-niveau-mondial","status":"publish","type":"post","link":"https:\/\/www.europesays.com\/fr\/501984\/","title":{"rendered":"Vers une reconnaissance du LIV au niveau mondial ?"},"content":{"rendered":"<p>\t\t\t\t\t\t<img width=\"770\" height=\"556\" src=\"data:image\/svg+xml,%3Csvg%20xmlns=\" http:=\"\" class=\"img-responsive wp-post-image\" alt=\"Pedro Salado\/LIV Golf\" decoding=\"async\" fetchpriority=\"high\" data-lazy- data-lazy- data-lazy-src=\"https:\/\/www.europesays.com\/fr\/wp-content\/uploads\/2025\/07\/and_07_13_25_psb9480-770x556.jpg\"\/>\t\t\t\t\t<\/p>\n<p>\t\t\t\t\t\t Partager cet article <\/p>\n<p class=\"screen-reader-text juiz_sps_maybe_hidden_text\">Partager la publication \u00ab\u00a0Vers une reconnaissance du LIV au niveau mondial ?\u00a0\u00bb<\/p>\n<p><strong>Apr\u00e8s avoir revu son dossier de candidature et ouvert le dialogue avec le rempla\u00e7ant de Peter Dawson \u00e0 la t\u00eate de l\u2019OWGR, le LIV semble s\u2019appr\u00eater \u00e0 corriger les carences qui ont priv\u00e9 ses joueurs de points mondiaux \u2013 \u00e0 l\u2019image de Jon Rahm, 71e mondial \u2013 et de Majeurs. <\/strong><\/p>\n<p>\t\t\t\t\t<a id=\"188670\" href=\"https:\/\/cabotbordeaux.com\/fr\/golf\/unlimited-golf\" target=\"_blank\" rel=\"sponsorised nofollow noopener\"><img decoding=\"async\" src=\"data:image\/svg+xml,%3Csvg%20xmlns=\" http:=\"\" class=\"img-responsive\" alt=\"\" data-lazy-src=\"https:\/\/www.europesays.com\/fr\/wp-content\/uploads\/2025\/10\/1761149538_393_cabot-e05-offre-speciale-octobre-1170x275-1.gif\"\/><\/a><\/p>\n<p>Apr\u00e8s la soumission d\u2019une nouvelle candidature \u00e0 l\u2019<strong>Official World Golf Ranking<\/strong> (OWGR) en juin dernier, le <strong>LIV Golf<\/strong> est <a href=\"https:\/\/x.com\/flushingitgolf\/status\/1983932083299918164\" target=\"_blank\" rel=\"noopener nofollow\">selon Flushing It<\/a> sur le point de lancer de vrais changements dans sa qu\u00eate de reconnaissance mondiale.<\/p>\n<p>Le LIV s\u2019appr\u00eaterait en effet \u00e0 doubler le nombre de places qualificatives par <a href=\"https:\/\/www.asiantour.com\/oomseries\/rankings\" target=\"_blank\" rel=\"noopener nofollow\">le classement de l\u2019<strong>International Series<\/strong><\/a> de l\u2019<strong>Asian Tour<\/strong>, les deux joueurs les mieux class\u00e9s n\u2019\u00e9tant pas d\u00e9j\u00e0 sous contrat obtenant leur carte pour la saison 2026 (contre un seul actuellement). Et aussi, toujours d\u2019apr\u00e8s cet analyste r\u00e9put\u00e9 et souvent fiable du monde du golf qui entretient des liens \u00e9troits avec le circuit financ\u00e9 par le Fonds d\u2019investissement public saoudien (PIF), \u00e0 proposer deux places suppl\u00e9mentaires via le <strong>LIV Golf Promotions Event<\/strong>.<br \/>&#13;<br \/>\n\u00a0<\/p>\n<p>Au grand dam de Peter Dawson<\/p>\n<p>Les ambitions du circuit financ\u00e9 par l\u2019Arabie saoudite se sont heurt\u00e9es depuis ses d\u00e9buts \u00e0 l\u2019opacit\u00e9 du syst\u00e8me de qualification\u202f: c\u2019\u00e9tait l\u2019absence d\u2019une vraie voie de promotion ouverte \u00e0 tous qui lui a valu, en 2023, un rejet unanime de sa demande d\u2019int\u00e9gration dans le classement officiel.<\/p>\n<p>Pr\u00e9sident sortant du comit\u00e9 OWGR, <strong>Peter Dawson<\/strong> a expliqu\u00e9 r\u00e9cemment qu\u2019il ne pouvait pas r\u00e9pondre favorablement \u00e0 la demande du LIV.<\/p>\n<p>\u00ab\u00a0Il est \u00e9vident que les joueurs sur le LIV sont suffisamment bons pour \u00eatre class\u00e9s, puisqu\u2019ils l\u2019\u00e9taient avant. Mais l\u2019OWGR doit s\u2019assurer que tous les joueurs pr\u00e9sents dans le syst\u00e8me sont class\u00e9s \u00e9quitablement. Certains aspects du format de LIV rendaient cela impossible. \u00c0 mon avis, l\u2019OWGR a pris la seule d\u00e9cision possible \u00e0 l\u2019\u00e9poque \u00bb, a-t-il expliqu\u00e9 au <a href=\"https:\/\/www.globalgolfpost.com\/second-wind\/the-other-peter-dawson\/\" target=\"_blank\" rel=\"noopener nofollow\">Global Golf Post<\/a>.<\/p>\n<blockquote><p>&#13;<br \/>\nJe ne comprends pas pourquoi le PIF et l\u2019Arabie Saoudite insistent autant.&#13;<\/p>\n<p>Peter Dawson<\/p>\n<p>&#13;\n<\/p><\/blockquote>\n<p>L\u2019ancien Secr\u00e9taire et directeur g\u00e9n\u00e9ral du <strong>Royal and Ancient Golf Club of St Andrews<\/strong> a \u00e9galement affirm\u00e9 demeurer sceptique sur l\u2019\u00e9volution du LIV\u00a0: \u00ab Je souhaite que toutes les initiatives li\u00e9es au golf soient couronn\u00e9es de succ\u00e8s, mais je ne pense pas que le LIV ait \u00e9t\u00e9 une r\u00e9ussite, \u00e0 aucun \u00e9gard. Oui, quelques joueurs ont gagn\u00e9 \u00e9norm\u00e9ment d\u2019argent, mais la formule des \u00e9quipes ne r\u00e9sonne pas assez avec les spectateurs. Je ne comprends pas pourquoi le PIF et l\u2019Arabie saoudite insistent autant, a-t-il ajout\u00e9. Ils font des choses formidables pour le golf f\u00e9minin avec la PIF Global Series et ils ont des projets formidables en Arabie saoudite pour d\u00e9velopper le golf aupr\u00e8s de leur population et pour le tourisme. Ces initiatives m\u00e9ritent nos applaudissements, mais le LIV semble faire figure d\u2019intrus. \u00bb<\/p>\n<p>Mais la donne a chang\u00e9. Le leadership s\u2019est renouvel\u00e9 des deux c\u00f4t\u00e9s et <strong>Scott O\u2019Neil<\/strong>, le nouveau PDG du LIV, dialogue activement avec <strong>Trevor Immelman<\/strong>, devenu pr\u00e9sident de l\u2019OWGR, depuis le dernier <strong>Masters<\/strong>. Cela expliquerait pourquoi le LIV <a href=\"https:\/\/www.golfplanete.com\/actualites\/des-bonnes-nouvelles-pour-les-fans-du-liv\/\" target=\"_blank\" rel=\"noopener nofollow\">continue de miser sur l\u2019avenir<\/a>\u2026<\/p>\n<p>\t\t\t\t\t<a id=\"186378\" href=\"https:\/\/www.garmin.com\/fr-FR\/c\/sports-fitness\/golf-gps-devices-smartwatches\/\" target=\"_blank\" rel=\"sponsorised nofollow noopener\"><img decoding=\"async\" src=\"data:image\/svg+xml,%3Csvg%20xmlns=\" http:=\"\" class=\"img-responsive\" alt=\"\" data-lazy-src=\"https:\/\/www.europesays.com\/fr\/wp-content\/uploads\/2025\/06\/garmin-e01-serie-approach-1170x275-1.jpeg\"\/><\/a><\/p>\n<p>Photo : Pedro Salado\/LIV Golf<\/p>\n","protected":false},"excerpt":{"rendered":"Partager cet article Partager la publication \u00ab\u00a0Vers une reconnaissance du LIV au niveau mondial ?\u00a0\u00bb Apr\u00e8s avoir revu&hellip;\n","protected":false},"author":2,"featured_media":248076,"comment_status":"","ping_status":"","sticky":false,"template":"","format":"standard","meta":{"footnotes":""},"categories":[1418],"tags":[1011,27,1472,60],"class_list":{"0":"post-501984","1":"post","2":"type-post","3":"status-publish","4":"format-standard","5":"has-post-thumbnail","7":"category-golf","8":"tag-fr","9":"tag-france","10":"tag-golf","11":"tag-sports"},"share_on_mastodon":{"url":"https:\/\/pubeurope.com\/@fr\/115468287514557383","error":""},"_links":{"self":[{"href":"https:\/\/www.europesays.com\/fr\/wp-json\/wp\/v2\/posts\/501984","targetHints":{"allow":["GET"]}}],"collection":[{"href":"https:\/\/www.europesays.com\/fr\/wp-json\/wp\/v2\/posts"}],"about":[{"href":"https:\/\/www.europesays.com\/fr\/wp-json\/wp\/v2\/types\/post"}],"author":[{"embeddable":true,"href":"https:\/\/www.europesays.com\/fr\/wp-json\/wp\/v2\/users\/2"}],"replies":[{"embeddable":true,"href":"https:\/\/www.europesays.com\/fr\/wp-json\/wp\/v2\/comments?post=501984"}],"version-history":[{"count":0,"href":"https:\/\/www.europesays.com\/fr\/wp-json\/wp\/v2\/posts\/501984\/revisions"}],"wp:featuredmedia":[{"embeddable":true,"href":"https:\/\/www.europesays.com\/fr\/wp-json\/wp\/v2\/media\/248076"}],"wp:attachment":[{"href":"https:\/\/www.europesays.com\/fr\/wp-json\/wp\/v2\/media?parent=501984"}],"wp:term":[{"taxonomy":"category","embeddable":true,"href":"https:\/\/www.europesays.com\/fr\/wp-json\/wp\/v2\/categories?post=501984"},{"taxonomy":"post_tag","embeddable":true,"href":"https:\/\/www.europesays.com\/fr\/wp-json\/wp\/v2\/tags?post=501984"}],"curies":[{"name":"wp","href":"https:\/\/api.w.org\/{rel}","templated":true}]}}