{"id":501989,"date":"2025-10-31T10:29:12","date_gmt":"2025-10-31T10:29:12","guid":{"rendered":"https:\/\/www.europesays.com\/fr\/501989\/"},"modified":"2025-10-31T10:29:12","modified_gmt":"2025-10-31T10:29:12","slug":"team-polti-visitmalta-leffectif-2026-actualite","status":"publish","type":"post","link":"https:\/\/www.europesays.com\/fr\/501989\/","title":{"rendered":"Team Polti VisitMalta : L&rsquo;effectif 2026 &#8211; Actualit\u00e9"},"content":{"rendered":"<p style=\"text-align: justify;\">Le Team Polti VisitMalta compte un effectif de 24 coureurs pour la saison 2026, soit quatre de plus qu&rsquo;en 2025. La ProTeam italienne compte huit recrues dont Dario Giuliano et Andrea Mifsud. C\u00f4t\u00e9 d\u00e9part, Davide Piganzoli s&rsquo;en va chez Visma-Lease a Bike.<\/p>\n<p><strong>L&rsquo;effectif 2026 du Team Polti VisitMalta :<\/strong><br \/>Davide Bais, 27 ans<br \/>Mattia Bais, 29 ans<br \/>Dario Igor Belletta, 21 ans (Solme Olmo)<br \/>Adrian Benito, 21 ans (Extremadura-Pebetero)<br \/>Gabriele Bessega, 21 ans (Biesse-Carrera-Premac)<br \/>Tommaso Bessega, 21 ans (Biesse-Carrera-Premac)<br \/>Aidan Buttigieg, 28 ans<br \/>Ludovico Crescioli, 22 ans<br \/>Fabricio German Crozzolo, 20 ans (Technosylva-Maglia Rower Bembibre)<br \/>Pablo Garcia Frances, 24 ans<br \/>Dario Giuliano, 20 ans (Caja Rural-Alea)<br \/>German Dario Gomez Becerra, 24 ans<br \/>Giovanni Lonardi, 29 ans<br \/>Mirco Maestri, 34 ans<br \/>Andrea Mifsud, 26 ans (Nice M\u00e9tropole C\u00f4te d&rsquo;Azur)<br \/>Francisco Munoz Llana, 24 ans<br \/>Manuel Penalver Aniorte, 27 ans<br \/>Thomas Pesenti, 26 ans (Soudal QuickStep DT)<br \/>Andrea Pietrobon, 26 ans<br \/>Gabriele Raccagni, 22 ans<br \/>Javier Serrano Rodriguez, 24 ans<br \/>Diego Pablo Sevilla Lopez, 29 ans<br \/>Fernando Tercero Lopez, 24 ans<br \/>Alessandro Tonelli, 33 ans<\/p>\n<p>Les d\u00e9parts : Davide Piganzoli (Visma-Lease a Bike), Alex Martin Gutierrez (Illes Balears Arabay Cycling),\u00a0Davide De Cassan et\u00a0Samuele Zoccarato.<\/p>\n","protected":false},"excerpt":{"rendered":"Le Team Polti VisitMalta compte un effectif de 24 coureurs pour la saison 2026, soit quatre de plus&hellip;\n","protected":false},"author":2,"featured_media":501990,"comment_status":"","ping_status":"","sticky":false,"template":"","format":"standard","meta":{"footnotes":""},"categories":[1411],"tags":[834,828,836,829,837,827,83,826,824,823,1154,207,814,817,815,816,822,821,832,211,839,1011,27,820,818,819,835,831,830,833,838,60,212,208,825],"class_list":{"0":"post-501989","1":"post","2":"type-post","3":"status-publish","4":"format-standard","5":"has-post-thumbnail","7":"category-cyclisme","8":"tag-attaque","9":"tag-belgique","10":"tag-braquet","11":"tag-bretagne","12":"tag-chute","13":"tag-competition","14":"tag-coupe-de-france","15":"tag-coureur","16":"tag-course-cyclisme","17":"tag-course-cycliste","18":"tag-cycling","19":"tag-cyclisme","20":"tag-direct","21":"tag-direct-velo","22":"tag-directvelo","23":"tag-directvelo-com","24":"tag-epreuve","25":"tag-epreuve-cycliste","26":"tag-federation-francaise-de-cyclisme","27":"tag-ffc","28":"tag-flandres","29":"tag-fr","30":"tag-france","31":"tag-live","32":"tag-live-course","33":"tag-live-epreuve","34":"tag-peloton","35":"tag-radio-peloton","36":"tag-radio-tour","37":"tag-ravitaillement","38":"tag-relance","39":"tag-sports","40":"tag-uci","41":"tag-velo","42":"tag-velos"},"share_on_mastodon":{"url":"https:\/\/pubeurope.com\/@fr\/115468315224312857","error":""},"_links":{"self":[{"href":"https:\/\/www.europesays.com\/fr\/wp-json\/wp\/v2\/posts\/501989","targetHints":{"allow":["GET"]}}],"collection":[{"href":"https:\/\/www.europesays.com\/fr\/wp-json\/wp\/v2\/posts"}],"about":[{"href":"https:\/\/www.europesays.com\/fr\/wp-json\/wp\/v2\/types\/post"}],"author":[{"embeddable":true,"href":"https:\/\/www.europesays.com\/fr\/wp-json\/wp\/v2\/users\/2"}],"replies":[{"embeddable":true,"href":"https:\/\/www.europesays.com\/fr\/wp-json\/wp\/v2\/comments?post=501989"}],"version-history":[{"count":0,"href":"https:\/\/www.europesays.com\/fr\/wp-json\/wp\/v2\/posts\/501989\/revisions"}],"wp:featuredmedia":[{"embeddable":true,"href":"https:\/\/www.europesays.com\/fr\/wp-json\/wp\/v2\/media\/501990"}],"wp:attachment":[{"href":"https:\/\/www.europesays.com\/fr\/wp-json\/wp\/v2\/media?parent=501989"}],"wp:term":[{"taxonomy":"category","embeddable":true,"href":"https:\/\/www.europesays.com\/fr\/wp-json\/wp\/v2\/categories?post=501989"},{"taxonomy":"post_tag","embeddable":true,"href":"https:\/\/www.europesays.com\/fr\/wp-json\/wp\/v2\/tags?post=501989"}],"curies":[{"name":"wp","href":"https:\/\/api.w.org\/{rel}","templated":true}]}}