{"id":501991,"date":"2025-10-31T10:30:22","date_gmt":"2025-10-31T10:30:22","guid":{"rendered":"https:\/\/www.europesays.com\/fr\/501991\/"},"modified":"2025-10-31T10:30:22","modified_gmt":"2025-10-31T10:30:22","slug":"durant-lete-lol-a-reduit-de-40-sa-masse-salariale","status":"publish","type":"post","link":"https:\/\/www.europesays.com\/fr\/501991\/","title":{"rendered":"durant l\u2019\u00e9t\u00e9, l\u2019OL a r\u00e9duit de 40% sa masse salariale"},"content":{"rendered":"<p>                            <img width=\"770\" height=\"433\" src=\"https:\/\/www.europesays.com\/fr\/wp-content\/uploads\/2025\/10\/AFP__20250928__772M69E__v1__HighRes__FblFraLigue1LilleLyon-770x433.jpg\" class=\"attachment-article size-article wp-post-image\" alt=\"Les joueurs de l'OL \u00e0 Lille lors de la 6e journ\u00e9e de Ligue 1.\" decoding=\"async\" fetchpriority=\"high\"  \/><\/p>\n<p>Les joueurs de l\u2019OL \u00e0 Lille lors de la 6e journ\u00e9e de Ligue 1. (Photo by Sameer Al-DOUMY \/ AFP)<\/p>\n<p>Face aux diff\u00e9rentes contraintes \u00e9conomiques, l\u2019OL n\u2019a pas eu d\u2019autres choix que de r\u00e9duire la voilure. En se s\u00e9parant de gros salaires et en mettant en place une politique plus restrictive, le club a r\u00e9duit de 40% sa masse salariale.<\/p>\n<p>Dans un mois environ, l\u2019<strong>OL<\/strong>\u00a0va devoir se pr\u00e9senter face \u00e0 la DNCG, comme chaque milieu de saison. Ce passage va forc\u00e9ment faire l&rsquo;actualit\u00e9 puisqu\u2019il intervient cinq mois apr\u00e8s la d\u00e9cision favorable de maintenir le club en Ligue 1, suite au travail fait par les \u00e9quipes de Michele\u00a0<strong>Kang<\/strong>. Seulement, ce sauvetage s\u2019est accompagn\u00e9 d\u2019une politique tr\u00e8s restrictive pour revenir \u00e0 une certaine v\u00e9rit\u00e9 financi\u00e8re. Les probl\u00e8mes lyonnais sont encore loin d\u2019\u00eatre tous referm\u00e9s et c\u2019est un travail sur le long terme sur lequel planche la nouvelle direction. Toutefois, cette derni\u00e8re esp\u00e8re bien arriver avec des \u00e9l\u00e9ments positifs devant la DNCG, afin de montrer sa bonne foi.<\/p>\n<p>Une nouvelle grille salariale<\/p>\n<p>Parmi les \u00e9l\u00e9ments mis en avant, Michele\u00a0<strong>Kang<\/strong>\u00a0et Michael\u00a0<strong>Gerlinger<\/strong>\u00a0mettront s\u00fbrement la r\u00e9duction de la masse salariale tout en haut de la liste. C\u2019\u00e9tait l\u2019une des grandes missions de l\u2019\u00e9t\u00e9 et elle a \u00e9t\u00e9 plut\u00f4t bien r\u00e9ussie. Si l\u2019OL s\u2019est appauvri sportivement, les d\u00e9parts d\u2019Alexandre\u00a0<strong>Lacazette<\/strong>, Nemanja\u00a0<strong>Matic<\/strong>, Rayan\u00a0<strong>Cherki<\/strong>\u00a0ou encore Georges\u00a0<strong><a href=\"https:\/\/www.olympique-et-lyonnais.com\/ol-mercato-georges-mikautadze-part-a-villarreal-contre-36-millions,377811.html\" target=\"_blank\" rel=\"noopener\">Mikautadze<\/a><\/strong>\u00a0ont soulag\u00e9 les finances. En misant sur des \u00e9l\u00e9ments moins r\u00e9put\u00e9s et donc moins chers mais aussi au plan de d\u00e9parts volontaires dans le club, la direction rhodanienne a r\u00e9duit de 40% sa masse salariale sur l\u2019exercice 2025-2026. Un chiffre encourageant, d\u2019autant plus avec le d\u00e9but de saison r\u00e9ussi des Lyonnais.<\/p>\n<p>\t\t\t\t\t<a href=\"https:\/\/www.olympique-et-lyonnais.com\/ligue-1-fonseca-retrouvera-le-banc-de-lol-dans-un-mois,383737.html\" title=\"Ligue 1 : Fonseca retrouvera le banc de l\u2019OL dans un mois\" target=\"_blank\" rel=\"noopener\"><img loading=\"lazy\" width=\"580\" height=\"326\" src=\"https:\/\/www.europesays.com\/fr\/wp-content\/uploads\/2025\/10\/AFP__20250328__38CB6RR__v1__HighRes__FblFraLigue1StrasbourgLyon-580x326.jpg\" class=\"attachment-actularge size-actularge wp-post-image\" alt=\"Paulo Fonseca observant le match Strasbourg - OL\" decoding=\"async\"  \/>\t\t\t\t\t<\/a><\/p>\n","protected":false},"excerpt":{"rendered":"Les joueurs de l\u2019OL \u00e0 Lille lors de la 6e journ\u00e9e de Ligue 1. (Photo by Sameer Al-DOUMY&hellip;\n","protected":false},"author":2,"featured_media":501992,"comment_status":"","ping_status":"","sticky":false,"template":"","format":"standard","meta":{"footnotes":""},"categories":[1410],"tags":[63,1011,27,66,1434,241,978,60],"class_list":{"0":"post-501991","1":"post","2":"type-post","3":"status-publish","4":"format-standard","5":"has-post-thumbnail","7":"category-football","8":"tag-football","9":"tag-fr","10":"tag-france","11":"tag-ligue-1","12":"tag-mercato","13":"tag-ol","14":"tag-olympique-lyonnais","15":"tag-sports"},"share_on_mastodon":{"url":"https:\/\/pubeurope.com\/@fr\/115468320240157067","error":""},"_links":{"self":[{"href":"https:\/\/www.europesays.com\/fr\/wp-json\/wp\/v2\/posts\/501991","targetHints":{"allow":["GET"]}}],"collection":[{"href":"https:\/\/www.europesays.com\/fr\/wp-json\/wp\/v2\/posts"}],"about":[{"href":"https:\/\/www.europesays.com\/fr\/wp-json\/wp\/v2\/types\/post"}],"author":[{"embeddable":true,"href":"https:\/\/www.europesays.com\/fr\/wp-json\/wp\/v2\/users\/2"}],"replies":[{"embeddable":true,"href":"https:\/\/www.europesays.com\/fr\/wp-json\/wp\/v2\/comments?post=501991"}],"version-history":[{"count":0,"href":"https:\/\/www.europesays.com\/fr\/wp-json\/wp\/v2\/posts\/501991\/revisions"}],"wp:featuredmedia":[{"embeddable":true,"href":"https:\/\/www.europesays.com\/fr\/wp-json\/wp\/v2\/media\/501992"}],"wp:attachment":[{"href":"https:\/\/www.europesays.com\/fr\/wp-json\/wp\/v2\/media?parent=501991"}],"wp:term":[{"taxonomy":"category","embeddable":true,"href":"https:\/\/www.europesays.com\/fr\/wp-json\/wp\/v2\/categories?post=501991"},{"taxonomy":"post_tag","embeddable":true,"href":"https:\/\/www.europesays.com\/fr\/wp-json\/wp\/v2\/tags?post=501991"}],"curies":[{"name":"wp","href":"https:\/\/api.w.org\/{rel}","templated":true}]}}