{"id":502017,"date":"2025-10-31T10:45:16","date_gmt":"2025-10-31T10:45:16","guid":{"rendered":"https:\/\/www.europesays.com\/fr\/502017\/"},"modified":"2025-10-31T10:45:16","modified_gmt":"2025-10-31T10:45:16","slug":"les-enfants-du-ministre-de-leducation-nationale-sont-scolarises-aussi-bien-dans-le-public-que-dans-le-prive-liberation","status":"publish","type":"post","link":"https:\/\/www.europesays.com\/fr\/502017\/","title":{"rendered":"Les enfants du ministre de l\u2019Education nationale sont scolaris\u00e9s \u00abaussi bien dans le public que dans le priv\u00e9\u00bb \u2013 Lib\u00e9ration"},"content":{"rendered":"<p class=\"sc-cPiKLX AiZTS text-element\">La d\u00e9claration est confuse, mais se veut transparente. Interrog\u00e9 jeudi 30 octobre sur BFM TV pour savoir o\u00f9 sont scolaris\u00e9s ses enfants, le ministre de l\u2019Education nationale a r\u00e9pondu \u00aben avoir\u00bb \u00abdes deux c\u00f4t\u00e9s [\u2026], aussi bien dans le public que dans le priv\u00e9\u00bb. <a href=\"https:\/\/www.liberation.fr\/societe\/education\/gouvernement-lecornu-ii-a-leducation-nationale-edouard-geffray-va-faire-ses-classes-20251012_JHPT3BGU3RBYZB2LUI3FALCXAI\/\" target=\"_blank\" rel=\"noreferrer noopener\" title=\"https:\/\/www.liberation.fr\/societe\/education\/gouvernement-lecornu-ii-a-leducation-nationale-edouard-geffray-va-faire-ses-classes-20251012_JHPT3BGU3RBYZB2LUI3FALCXAI\/\">Edouard Geffray<\/a> a justifi\u00e9 ce choix aupr\u00e8s de la cha\u00eene d\u2019information en continu, affirmant que \u00ab<a href=\"https:\/\/www.liberation.fr\/societe\/education\/la-situation-de-lecole-en-france-est-extremement-inquietante-selon-le-ministre-de-leducation-nationale-20251022_TIQROBY7AFACTEBSMYKHXY4WDA\/\" target=\"_blank\" rel=\"noreferrer noopener\" title=\"https:\/\/www.liberation.fr\/societe\/education\/la-situation-de-lecole-en-france-est-extremement-inquietante-selon-le-ministre-de-leducation-nationale-20251022_TIQROBY7AFACTEBSMYKHXY4WDA\/\">les enseignements y sont par nature les m\u00eames et doivent \u00eatre les m\u00eames<\/a>\u00bb.<\/p>\n<p class=\"sc-cPiKLX AiZTS text-element\">Ces pr\u00e9cisions sur la scolarisation de cinq enfants interviennent alors m\u00eame que le minist\u00e8re de l\u2019Education nationale dit avoir men\u00e9 plus de 850 contr\u00f4les dans les \u00e9tablissements scolaires priv\u00e9s sous contrat avec l\u2019Etat, apr\u00e8s l\u2019onde de choc d\u00e9clench\u00e9e par <a href=\"https:\/\/www.liberation.fr\/dossier\/betharram\/\" target=\"_blank\" rel=\"noreferrer noopener\" title=\"https:\/\/www.liberation.fr\/dossier\/betharram\/\">le scandale de l\u2019affaire Notre-Dame de B\u00e9tharram<\/a>.<\/p>\n<p class=\"sc-cPiKLX AiZTS text-element\">\u00abSi je n\u2019avais pas confiance dans l\u2019\u00e9cole publique, je n\u2019y aurais pas d\u00e9di\u00e9 un tiers de ma vie professionnelle et je ne serais pas ministre aujourd\u2019hui. Le reste, \u00e7a rel\u00e8ve de configurations personnelles\u00bb, a balay\u00e9 Edouard Geffray. Le ministre s\u2019est aussi positionn\u00e9 en \u00abgarant de l\u2019universalit\u00e9 de l\u2019enseignement [\u2026] et de la protection des \u00e9l\u00e8ves\u00bb, assurant \u00ab\u00eatre l\u00e0 pour tous les \u00e9l\u00e8ves de ce pays\u00bb.<\/p>\n<p class=\"sc-cPiKLX AiZTS text-element\">Les r\u00e9v\u00e9lations d\u2019Edouard Geffray sur la scolarisation de ses enfants ont \u00e9t\u00e9 faites \u00e0 l\u2019occasion d\u2019une pr\u00e9sentation du plan \u00abBrisons le silence\u00bb, initi\u00e9 en mars par le minist\u00e8re de l\u2019Education nationale, sous l\u2019impulsion de <a href=\"https:\/\/www.liberation.fr\/societe\/education\/ce-quelle-dit-aujourdhui-ne-sera-certainement-plus-valable-demain-une-rentree-en-sursis-pour-elisabeth-borne-20250827_EDOTJI3UERHJLN6UNIWWVEJTYY\/\" target=\"_blank\" rel=\"noreferrer noopener\" title=\"https:\/\/www.liberation.fr\/societe\/education\/ce-quelle-dit-aujourdhui-ne-sera-certainement-plus-valable-demain-une-rentree-en-sursis-pour-elisabeth-borne-20250827_EDOTJI3UERHJLN6UNIWWVEJTYY\/\">sa pr\u00e9d\u00e9cesseuse Elisabeth Borne<\/a>. Apr\u00e8s les r\u00e9v\u00e9lations sur des violences physiques et sexuelles sur d\u2019anciens \u00e9l\u00e8ves de Notre-Dame-de-B\u00e9tharram et dans <a href=\"https:\/\/www.liberation.fr\/checknews\/lautre-betharram-plusieurs-anciens-eleves-de-saint-joseph-de-nay-ont-porte-plainte-pour-des-faits-de-violence-20250903_YRDTQ6RISBBFBGGJVJWVOLVGQA\/\" target=\"_blank\" rel=\"noreferrer noopener\" title=\"https:\/\/www.liberation.fr\/checknews\/lautre-betharram-plusieurs-anciens-eleves-de-saint-joseph-de-nay-ont-porte-plainte-pour-des-faits-de-violence-20250903_YRDTQ6RISBBFBGGJVJWVOLVGQA\/\">d\u2019autres \u00e9tablissements priv\u00e9s en France<\/a>, le plan pr\u00e9voyait notamment que 40 % des \u00e9tablissements priv\u00e9s sous contrat \u2013 la France en compte environ 7 500, en grande majorit\u00e9 catholiques \u2013 seraient inspect\u00e9s dans les deux prochaines ann\u00e9es. \u00abOn sera comme pr\u00e9vu \u00e0 1 000 contr\u00f4les d\u2019ici la fin de l\u2019ann\u00e9e et 40 % du priv\u00e9 sous contrat aura \u00e9t\u00e9 contr\u00f4l\u00e9 d\u2019ici 2027\u00bb, a d\u00e9clar\u00e9 jeudi le nouveau locataire de la rue de Grenelle, pour conclure son intervention.<\/p>\n","protected":false},"excerpt":{"rendered":"La d\u00e9claration est confuse, mais se veut transparente. Interrog\u00e9 jeudi 30 octobre sur BFM TV pour savoir o\u00f9&hellip;\n","protected":false},"author":2,"featured_media":502018,"comment_status":"","ping_status":"","sticky":false,"template":"","format":"standard","meta":{"footnotes":""},"categories":[2],"tags":[11,1011,27,28275,12],"class_list":{"0":"post-502017","1":"post","2":"type-post","3":"status-publish","4":"format-standard","5":"has-post-thumbnail","7":"category-actualites","8":"tag-actualites","9":"tag-fr","10":"tag-france","11":"tag-ministere-de-l-education-nationale","12":"tag-news"},"share_on_mastodon":{"url":"https:\/\/pubeurope.com\/@fr\/115468378015338601","error":""},"_links":{"self":[{"href":"https:\/\/www.europesays.com\/fr\/wp-json\/wp\/v2\/posts\/502017","targetHints":{"allow":["GET"]}}],"collection":[{"href":"https:\/\/www.europesays.com\/fr\/wp-json\/wp\/v2\/posts"}],"about":[{"href":"https:\/\/www.europesays.com\/fr\/wp-json\/wp\/v2\/types\/post"}],"author":[{"embeddable":true,"href":"https:\/\/www.europesays.com\/fr\/wp-json\/wp\/v2\/users\/2"}],"replies":[{"embeddable":true,"href":"https:\/\/www.europesays.com\/fr\/wp-json\/wp\/v2\/comments?post=502017"}],"version-history":[{"count":0,"href":"https:\/\/www.europesays.com\/fr\/wp-json\/wp\/v2\/posts\/502017\/revisions"}],"wp:featuredmedia":[{"embeddable":true,"href":"https:\/\/www.europesays.com\/fr\/wp-json\/wp\/v2\/media\/502018"}],"wp:attachment":[{"href":"https:\/\/www.europesays.com\/fr\/wp-json\/wp\/v2\/media?parent=502017"}],"wp:term":[{"taxonomy":"category","embeddable":true,"href":"https:\/\/www.europesays.com\/fr\/wp-json\/wp\/v2\/categories?post=502017"},{"taxonomy":"post_tag","embeddable":true,"href":"https:\/\/www.europesays.com\/fr\/wp-json\/wp\/v2\/tags?post=502017"}],"curies":[{"name":"wp","href":"https:\/\/api.w.org\/{rel}","templated":true}]}}