{"id":502021,"date":"2025-10-31T10:47:11","date_gmt":"2025-10-31T10:47:11","guid":{"rendered":"https:\/\/www.europesays.com\/fr\/502021\/"},"modified":"2025-10-31T10:47:11","modified_gmt":"2025-10-31T10:47:11","slug":"loire-aucun-train-ne-circulera-dans-cette-gare-sncf-ce-week-end-voici-pourquoi","status":"publish","type":"post","link":"https:\/\/www.europesays.com\/fr\/502021\/","title":{"rendered":"Loire. Aucun train ne circulera dans cette gare SNCF ce week-end, voici pourquoi"},"content":{"rendered":"<p>            Par<br \/>\n        <strong><br \/>\n            <a href=\"https:\/\/actu.fr\/auteur\/redaction-saint-etienne\" title=\"Consulter tous les articles de R\u00e9daction Saint-\u00c9tienne\" rel=\"nofollow noopener\" target=\"_blank\">R\u00e9daction Saint-\u00c9tienne<\/a><br \/>\n        <\/strong><\/p>\n<p>        Publi\u00e9 le<\/p>\n<p>            31 oct. 2025 \u00e0 11h42        <\/p>\n<p>La gare de Roanne (<a href=\"https:\/\/actu.fr\/auvergne-rhone-alpes\/loire_42\" rel=\"nofollow noopener\" target=\"_blank\">Loire<\/a>) sera un peu plus calme que d\u2019habitude ce week-end. Dans un communiqu\u00e9, SNCF R\u00e9seau indique que la circulation des trains va \u00eatre <strong>interrompue<\/strong> du samedi 1er\u00a0novembre \u00e0 16\u00a0heures au dimanche 2\u00a0novembre \u00e0 15\u00a0heures.<\/p>\n<p class=\" wall-content\">En cause\u2009: des <strong>travaux<\/strong> visant \u00e0 mettre en place un poste de signalisation \u00ab\u2009nouvelle g\u00e9n\u00e9ration\u2009\u00bb pour \u00ab\u2009fluidifier les circulations\u2009\u00bb vont \u00eatre men\u00e9s en gare de Roanne, dans le cadre de son programme de modernisation des infrastructures ferroviaires.<\/p>\n<p>Des bus de remplacement pour compenser<\/p>\n<p class=\" wall-content\">Ne pouvant pas \u00eatre assur\u00e9 par voie ferroviaire, le trafic des lignes Saint-Etienne &gt;\u00a0Roanne et <a href=\"https:\/\/actu.fr\/lyon\/\" rel=\"nofollow noopener\" target=\"_blank\">Lyon<\/a> &gt;\u00a0Roanne &gt;\u00a0<a href=\"https:\/\/actu.fr\/auvergne-rhone-alpes\/clermont-ferrand_63113\" rel=\"nofollow noopener\" target=\"_blank\">Clermont-Ferrand<\/a> sera ainsi pris en charge par des <strong>bus de remplacement<\/strong>.<\/p>\n<p class=\" wall-content\">\u00c0 noter par ailler que sur la ligne <a href=\"https:\/\/actu.fr\/saint-etienne\/\" rel=\"nofollow noopener\" target=\"_blank\">Saint-Etienne<\/a> &gt;\u00a0Roanne, la gare d\u2019Andr\u00e9zieux-Bouth\u00e9on ne sera pas desservie, pr\u00e9cise SNCF R\u00e9seau.<\/p>\n<p class=\" wall-content\">En ce qui concerne la ligne Lyon &gt;\u00a0Roanne &gt;\u00a0Vichy, les autocars Vichy \u2013 Roanne \u2013 Lyon seront en correspondance avec les trains TER reliant Clermont-Ferrand et Vichy.<\/p>\n<p>Afin d\u2019anticiper leur d\u00e9placement, les voyageurs sont invit\u00e9s \u00e0 consulter l\u2019affichage en gare, le site Internet TER Auvergne-Rh\u00f4ne-Alpes ou \u00e0 t\u00e9l\u00e9phoner \u00e0 ALLO TER en composant le <strong>09.69.32.21.41<\/strong>.<\/p>\n<p class=\" wall-content\">Personnalisez votre actualit\u00e9 en ajoutant vos villes et m\u00e9dias en favori avec <a href=\"https:\/\/moncompte.actu.fr\" title=\"D\u00e9couvez Mon Actu\" rel=\"nofollow noopener\" data-trk=\"{&quot;cta&quot;:{&quot;action&quot;:&quot;https:\\\/\\\/moncompte.actu.fr&quot;,&quot;category&quot;:&quot;mon compte&quot;,&quot;from&quot;:&quot;article footer&quot;,&quot;name&quot;:&quot;Mon actu&quot;,&quot;type&quot;:&quot;cta&quot;}}\" target=\"_blank\">Mon Actu<\/a>.<\/p>\n","protected":false},"excerpt":{"rendered":"Par R\u00e9daction Saint-\u00c9tienne Publi\u00e9 le 31 oct. 2025 \u00e0 11h42 La gare de Roanne (Loire) sera un peu&hellip;\n","protected":false},"author":2,"featured_media":502022,"comment_status":"","ping_status":"","sticky":false,"template":"","format":"standard","meta":{"footnotes":""},"categories":[9653],"tags":[1111,11,2430,1777,674,1011,27,12,25,4001,2215,104,2086],"class_list":{"0":"post-502021","1":"post","2":"type-post","3":"status-publish","4":"format-standard","5":"has-post-thumbnail","7":"category-saint-etienne","8":"tag-actu","9":"tag-actualites","10":"tag-auvergne-rhone-alpes","11":"tag-eu","12":"tag-europe","13":"tag-fr","14":"tag-france","15":"tag-news","16":"tag-republique-francaise","17":"tag-saint-etienne","18":"tag-sncf","19":"tag-societe","20":"tag-travaux"},"share_on_mastodon":{"url":"https:\/\/pubeurope.com\/@fr\/115468386174143279","error":""},"_links":{"self":[{"href":"https:\/\/www.europesays.com\/fr\/wp-json\/wp\/v2\/posts\/502021","targetHints":{"allow":["GET"]}}],"collection":[{"href":"https:\/\/www.europesays.com\/fr\/wp-json\/wp\/v2\/posts"}],"about":[{"href":"https:\/\/www.europesays.com\/fr\/wp-json\/wp\/v2\/types\/post"}],"author":[{"embeddable":true,"href":"https:\/\/www.europesays.com\/fr\/wp-json\/wp\/v2\/users\/2"}],"replies":[{"embeddable":true,"href":"https:\/\/www.europesays.com\/fr\/wp-json\/wp\/v2\/comments?post=502021"}],"version-history":[{"count":0,"href":"https:\/\/www.europesays.com\/fr\/wp-json\/wp\/v2\/posts\/502021\/revisions"}],"wp:featuredmedia":[{"embeddable":true,"href":"https:\/\/www.europesays.com\/fr\/wp-json\/wp\/v2\/media\/502022"}],"wp:attachment":[{"href":"https:\/\/www.europesays.com\/fr\/wp-json\/wp\/v2\/media?parent=502021"}],"wp:term":[{"taxonomy":"category","embeddable":true,"href":"https:\/\/www.europesays.com\/fr\/wp-json\/wp\/v2\/categories?post=502021"},{"taxonomy":"post_tag","embeddable":true,"href":"https:\/\/www.europesays.com\/fr\/wp-json\/wp\/v2\/tags?post=502021"}],"curies":[{"name":"wp","href":"https:\/\/api.w.org\/{rel}","templated":true}]}}